{"id":99151,"date":"2024-08-22T11:31:59","date_gmt":"2024-08-22T08:31:59","guid":{"rendered":"https:\/\/muhiku.com\/blog\/?p=99151"},"modified":"2024-08-22T11:31:59","modified_gmt":"2024-08-22T08:31:59","slug":"doga-siirleri-doganin-guzelliklerine-yazilmis-dizeler","status":"publish","type":"post","link":"https:\/\/muhiku.com\/blog\/doga-siirleri-doganin-guzelliklerine-yazilmis-dizeler\/","title":{"rendered":"Do\u011fa \u015eiirleri &#8211; Do\u011fan\u0131n G\u00fczelliklerine Yaz\u0131lm\u0131\u015f Dizeler"},"content":{"rendered":"<p>Do\u011fa, bu d\u00fcnyada varl\u0131\u011f\u0131m\u0131z\u0131 s\u00fcrd\u00fcrebilmemizi sa\u011flayan en \u00f6nemli unsurlardan biridir. Do\u011fa olmasayd\u0131, ya\u015fam imkans\u0131z hale gelirdi. Ald\u0131\u011f\u0131m\u0131z nefesi, yedi\u011fimiz yeme\u011fi, ya\u015fad\u0131\u011f\u0131m\u0131z binalar\u0131; do\u011fan\u0131n bize sunduklar\u0131yla elde edebiliriz. T\u00fcm bunlar\u0131n yan\u0131 s\u0131ra, do\u011fa bize huzur ve mutluluk verir. Do\u011fan\u0131n her bir par\u00e7as\u0131, kendi i\u00e7erisinde bir g\u00fczellik ta\u015f\u0131r. Bizler de <strong>do\u011fa \u015fiirleri<\/strong> yaz\u0131m\u0131z\u0131 haz\u0131rlayarak do\u011fan\u0131n g\u00fczelliklerine yaz\u0131lm\u0131\u015f dizeleri sizler i\u00e7in derledik.<\/p>\n<p>\u0130nsanlar\u0131n ilk evi do\u011fad\u0131r. \u0130nsanl\u0131k tarihinin ba\u015flang\u0131c\u0131ndan itibaren insanlar, do\u011fada ya\u015fam\u0131\u015flard\u0131r. Yiyeceklerini, giyeceklerini ve bar\u0131naklar\u0131n\u0131 sa\u011flayan yegane kaynak do\u011fad\u0131r. Modern d\u00fcnyan\u0131n ve teknolojinin etkisi ile birlikte do\u011faya eskisi kadar yak\u0131n de\u011filiz. Do\u011fal alanlar\u0131m\u0131z\u0131 kirlettik, yerlerine evler yapt\u0131k. Ancak, do\u011fa hala t\u00fcm g\u00fczelliklerini bize sunmaya devam ediyor.<\/p>\n<p>Atalar\u0131m\u0131zdan getirdi\u011fimiz bir \u00f6zellik mi bilinmez ama do\u011fa, bize her zaman iyi hissettirir. Kendimizi mutsuz, huzursuz ve yaln\u0131z hissetti\u011fimizde do\u011fa anan\u0131n kollar\u0131na sar\u0131l\u0131r\u0131z. Yaralar\u0131m\u0131z\u0131 sarar, her \u015feyin g\u00fczel olaca\u011f\u0131na dair inanc\u0131m\u0131z\u0131 art\u0131r\u0131r. M\u00fckemmel bir d\u00f6ng\u00fc i\u00e7erisinde var olan do\u011fa, hayat\u0131n asl\u0131nda ne kadar g\u00fczel oldu\u011funu bizlere hat\u0131rlat\u0131r.<\/p>\n<p>\u015eairler, d\u00fcnyaya bamba\u015fka bir g\u00f6zle bakarlar. \u00c7evremizdeki fark etmedi\u011fimiz detaylar\u0131 fark ederler. Bizim i\u00e7in \u00e7ok s\u0131radan olan nesneler ya da olaylar onlar i\u00e7in farkl\u0131d\u0131r. Pek \u00e7ok \u015fair, do\u011faya da bamba\u015fka bir bak\u0131\u015f a\u00e7\u0131s\u0131yla yakla\u015f\u0131r. \u0130\u015fte, birbirinden g\u00fczel do\u011fa \u015fiirleri.<\/p>\n<h2 id=\"en-guzel-doga-siirleri\">En G\u00fczel Do\u011fa \u015eiirleri<\/h2>\n<p>Do\u011fa i\u00e7in yaz\u0131lm\u0131\u015f birbirinden g\u00fczel dizeleri sizler i\u00e7in derledik.<\/p>\n<h3 id=\"iste-bir-eklem-yeri-daha-edip-cansever\">\u0130\u015fte Bir Eklem Yeri Daha &#8211; Edip Cansever<\/h3>\n<p><img  loading=\"lazy\"  decoding=\"async\"  class=\"alignnone size-medium wp-image-99159 pk-lazyload\"  src=\"data:image\/png;base64,iVBORw0KGgoAAAANSUhEUgAAAyAAAAHVAQMAAAAzfg2oAAAAA1BMVEUAAP+KeNJXAAAAAXRSTlMAQObYZgAAAAlwSFlzAAAOxAAADsQBlSsOGwAAAEVJREFUeNrtwTEBAAAAwqD1T20ND6AAAAAAAAAAAAAAAAAAAAAAAAAAAAAAAAAAAAAAAAAAAAAAAAAAAAAAAAAAAACAWwO5CQABdzoz8gAAAABJRU5ErkJggg==\"  alt=\"iste-bir-eklem-yeri-daha-edip-cansever\"  width=\"800\"  height=\"469\"  data-pk-sizes=\"auto\"  data-ls-sizes=\"(max-width: 800px) 100vw, 800px\"  data-pk-src=\"https:\/\/cdn.muhiku.com\/blog\/wp-content\/uploads\/2024\/08\/iste-bir-eklem-yeri-daha-edip-cansever-800x469.webp\"  data-pk-srcset=\"https:\/\/muhiku.com\/blog\/wp-content\/uploads\/2024\/08\/iste-bir-eklem-yeri-daha-edip-cansever-800x469.webp 800w, https:\/\/muhiku.com\/blog\/wp-content\/uploads\/2024\/08\/iste-bir-eklem-yeri-daha-edip-cansever-380x223.webp 380w, https:\/\/muhiku.com\/blog\/wp-content\/uploads\/2024\/08\/iste-bir-eklem-yeri-daha-edip-cansever-760x445.webp 760w, https:\/\/muhiku.com\/blog\/wp-content\/uploads\/2024\/08\/iste-bir-eklem-yeri-daha-edip-cansever.webp 1024w\" ><\/p>\n<p><strong>\u0130lginizi \u00c7ekebilir:\u00a0<\/strong><a href=\"https:\/\/muhiku.com\/ev-yasam\/doga-kamp\/\" target=\"_blank\" rel=\"noopener\">Do\u011fa &amp; Kamp Hediyeleri<\/a><\/p>\n<p>\u0130\u015fte bir eklem yeri daha<br \/>\nDo\u011fayla ben, benimle do\u011fa.<\/p>\n<p>Var, o kadar unutturacak \u015fey var da<br \/>\nNeden bir o, bir s\u00f6\u011f\u00fct a\u011fac\u0131<br \/>\nSay\u0131s\u0131z yapraklar\u0131yla kar\u015f\u0131mda.<\/p>\n<p>Ac\u0131 bir t\u00fct\u00fcnden \u00e7\u0131kard\u0131m bu \u015fark\u0131y\u0131<br \/>\nKalbimde do\u011fup batan g\u00fcne\u015flerden<br \/>\nEn \u00e7ok da bir karanl\u0131\u011f\u0131 b\u0131rak\u0131p gittiler bana<br \/>\nVe bu suskunlu\u011fu, bu karamsarl\u0131\u011f\u0131<br \/>\nS\u00f6zgelimi i\u00e7imde hi\u00e7 k\u0131m\u0131ldamadan duran bir \u00e7ars\u0131ya.<\/p>\n<p>Var, o kadar unutturacak \u015fey var da<br \/>\nNeden bir o, bir s\u00f6\u011f\u00fct a\u011fac\u0131<br \/>\nSay\u0131s\u0131z yapraklar\u0131yla kar\u015f\u0131mda.<\/p>\n<h3 id=\"sayiklayan-agac-cahit-sitki-taranci\">Say\u0131klayan A\u011fa\u00e7 &#8211; Cahit S\u0131tk\u0131 Taranc\u0131<\/h3>\n<p><img  loading=\"lazy\"  decoding=\"async\"  class=\"alignnone size-medium wp-image-99153 pk-lazyload\"  src=\"data:image\/png;base64,iVBORw0KGgoAAAANSUhEUgAAAyAAAAHVAQMAAAAzfg2oAAAAA1BMVEUAAP+KeNJXAAAAAXRSTlMAQObYZgAAAAlwSFlzAAAOxAAADsQBlSsOGwAAAEVJREFUeNrtwTEBAAAAwqD1T20ND6AAAAAAAAAAAAAAAAAAAAAAAAAAAAAAAAAAAAAAAAAAAAAAAAAAAAAAAAAAAACAWwO5CQABdzoz8gAAAABJRU5ErkJggg==\"  alt=\"sayiklayan-agac-cahit-sitki-taranci\"  width=\"800\"  height=\"469\"  data-pk-sizes=\"auto\"  data-ls-sizes=\"(max-width: 800px) 100vw, 800px\"  data-pk-src=\"https:\/\/cdn.muhiku.com\/blog\/wp-content\/uploads\/2024\/08\/sayiklayan-agac-cahit-sitki-taranci-800x469.webp\"  data-pk-srcset=\"https:\/\/muhiku.com\/blog\/wp-content\/uploads\/2024\/08\/sayiklayan-agac-cahit-sitki-taranci-800x469.webp 800w, https:\/\/muhiku.com\/blog\/wp-content\/uploads\/2024\/08\/sayiklayan-agac-cahit-sitki-taranci-380x223.webp 380w, https:\/\/muhiku.com\/blog\/wp-content\/uploads\/2024\/08\/sayiklayan-agac-cahit-sitki-taranci-760x445.webp 760w, https:\/\/muhiku.com\/blog\/wp-content\/uploads\/2024\/08\/sayiklayan-agac-cahit-sitki-taranci.webp 1024w\" ><\/p>\n<p>G\u00fcz\u00fc duym\u0131yag\u00f6rs\u00fcn a\u011fa\u00e7,<br \/>\nArt\u0131k her g\u00fcn\u00fc bir i\u015fkence;<br \/>\nBir hayale dalar her gece,<br \/>\nBa\u015f\u0131nda g\u00f6k \u00fcrperen bir ta\u00e7.<\/p>\n<p>G\u00f6z k\u0131rparken ona y\u0131ld\u0131zlar,<br \/>\nBahar\u0131nda san\u0131p kendini<br \/>\n\u00c7a\u011f\u0131r\u0131r eski b\u00fclb\u00fcllerini<br \/>\nA\u011fa\u00e7 p\u0131r\u0131l p\u0131r\u0131l say\u0131klar.<\/p>\n<h3 id=\"islik-ahmet-telli\">Isl\u0131k &#8211; Ahmet Telli<\/h3>\n<p><img  loading=\"lazy\"  decoding=\"async\"  class=\"alignnone size-medium wp-image-99158 pk-lazyload\"  src=\"data:image\/png;base64,iVBORw0KGgoAAAANSUhEUgAAAyAAAAHVAQMAAAAzfg2oAAAAA1BMVEUAAP+KeNJXAAAAAXRSTlMAQObYZgAAAAlwSFlzAAAOxAAADsQBlSsOGwAAAEVJREFUeNrtwTEBAAAAwqD1T20ND6AAAAAAAAAAAAAAAAAAAAAAAAAAAAAAAAAAAAAAAAAAAAAAAAAAAAAAAAAAAACAWwO5CQABdzoz8gAAAABJRU5ErkJggg==\"  alt=\"islik-ahmet-telli\"  width=\"800\"  height=\"469\"  data-pk-sizes=\"auto\"  data-ls-sizes=\"(max-width: 800px) 100vw, 800px\"  data-pk-src=\"https:\/\/cdn.muhiku.com\/blog\/wp-content\/uploads\/2024\/08\/islik-ahmet-telli-800x469.webp\"  data-pk-srcset=\"https:\/\/muhiku.com\/blog\/wp-content\/uploads\/2024\/08\/islik-ahmet-telli-800x469.webp 800w, https:\/\/muhiku.com\/blog\/wp-content\/uploads\/2024\/08\/islik-ahmet-telli-380x223.webp 380w, https:\/\/muhiku.com\/blog\/wp-content\/uploads\/2024\/08\/islik-ahmet-telli-760x445.webp 760w, https:\/\/muhiku.com\/blog\/wp-content\/uploads\/2024\/08\/islik-ahmet-telli.webp 1024w\" ><\/p>\n<p>Yaban\u0131l ot kokular\u0131<br \/>\ngetiyor bir r\u00fczgar<br \/>\nk\u0131p\u0131rdat\u0131p sular\u0131<\/p>\n<p>Belki sonbahar<br \/>\nvurgun yapamayacak<br \/>\nyol vermeyecek sular<\/p>\n<p>Ve ne\u015feli bir \u0131sl\u0131k<br \/>\ntutturmu\u015f \u015fimdi do\u011fa<br \/>\nnice ac\u0131ya kar\u015f\u0131l\u0131k<\/p>\n<p>A\u015fk\u0131 savunmada do\u011fa<\/p>\n<h3 id=\"daglar-sabahattin-ali\">Da\u011flar &#8211; Sabahattin Ali<\/h3>\n<p><img  loading=\"lazy\"  decoding=\"async\"  class=\"alignnone size-medium wp-image-99154 pk-lazyload\"  src=\"data:image\/png;base64,iVBORw0KGgoAAAANSUhEUgAAAyAAAAHVAQMAAAAzfg2oAAAAA1BMVEUAAP+KeNJXAAAAAXRSTlMAQObYZgAAAAlwSFlzAAAOxAAADsQBlSsOGwAAAEVJREFUeNrtwTEBAAAAwqD1T20ND6AAAAAAAAAAAAAAAAAAAAAAAAAAAAAAAAAAAAAAAAAAAAAAAAAAAAAAAAAAAACAWwO5CQABdzoz8gAAAABJRU5ErkJggg==\"  alt=\"daglar-sabahattin-ali\"  width=\"800\"  height=\"469\"  data-pk-sizes=\"auto\"  data-ls-sizes=\"(max-width: 800px) 100vw, 800px\"  data-pk-src=\"https:\/\/cdn.muhiku.com\/blog\/wp-content\/uploads\/2024\/08\/daglar-sabahattin-ali-800x469.webp\"  data-pk-srcset=\"https:\/\/muhiku.com\/blog\/wp-content\/uploads\/2024\/08\/daglar-sabahattin-ali-800x469.webp 800w, https:\/\/muhiku.com\/blog\/wp-content\/uploads\/2024\/08\/daglar-sabahattin-ali-380x223.webp 380w, https:\/\/muhiku.com\/blog\/wp-content\/uploads\/2024\/08\/daglar-sabahattin-ali-760x445.webp 760w, https:\/\/muhiku.com\/blog\/wp-content\/uploads\/2024\/08\/daglar-sabahattin-ali.webp 1024w\" ><\/p>\n<div class=\"center\">\n<div class=\"tall-l2\">\n<div class=\"tall-r2\">\n<div class=\"tall-t2\">\n<div class=\"tall-b2\">\n<div class=\"k-tl2\">\n<div class=\"k-tr2\">\n<div class=\"k-bl2\">\n<div class=\"k-br2\">\n<div class=\"marg\">\n<div class=\"k-tl4\">\n<div class=\"k-tr4\">\n<div class=\"k-bl4\">\n<div class=\"k-br4\">\n<div class=\"marg\">\n<div class=\"content\">\n<div class=\"text\">\n<p>Ba\u015f\u0131m da\u011f sa\u00e7lar\u0131m kard\u0131r,<br \/>\nDeli r\u00fcgarlar\u0131m vard\u0131r,<br \/>\nOvalar bana \u00e7ok dard\u0131r,<br \/>\nBenim meskenim da\u011flard\u0131r.<\/p>\n<p>\u015eehirler bana bir tuzak,<br \/>\n\u0130nsan sohbetleri yasak,<br \/>\nUzak olun benden, uzak,<br \/>\nBenim meskenim da\u011flard\u0131r.<\/p>\n<p>Kalbime benzer ta\u015flar\u0131,<br \/>\nHeybetli \u00f6ter ku\u015flar\u0131,<br \/>\nG\u00f6\u011fe yak\u0131nd\u0131r ba\u015flar\u0131;<br \/>\nBenim meskenim da\u011flard\u0131r.<\/p>\n<p>Yarimi ellere verin;<br \/>\nSevdam\u0131 yellere verin;<br \/>\nElleri bana g\u00f6nderin:<br \/>\nBenim meskenim da\u011flard\u0131r.<\/p>\n<p>Bir g\u00fcn kadrim bilinirse,<br \/>\n\u0130smim a\u011fza al\u0131n\u0131rsa,<br \/>\nYerim soran bulunursa:<br \/>\nBenim meskenim da\u011flard\u0131r.<\/p>\n<h2 id=\"anlamli-doga-siirleri\">Anlaml\u0131 Do\u011fa \u015eiirleri<\/h2>\n<p>Birbirinden anlaml\u0131 do\u011fa \u015fiirlerini sizler i\u00e7in derledik.<\/p>\n<h3 id=\"kirli-agustos-edip-cansever\">Kirli A\u011fustos &#8211; Edip Cansever<\/h3>\n<p><img  loading=\"lazy\"  decoding=\"async\"  class=\"alignnone size-medium wp-image-99160 pk-lazyload\"  src=\"data:image\/png;base64,iVBORw0KGgoAAAANSUhEUgAAAyAAAAHVAQMAAAAzfg2oAAAAA1BMVEUAAP+KeNJXAAAAAXRSTlMAQObYZgAAAAlwSFlzAAAOxAAADsQBlSsOGwAAAEVJREFUeNrtwTEBAAAAwqD1T20ND6AAAAAAAAAAAAAAAAAAAAAAAAAAAAAAAAAAAAAAAAAAAAAAAAAAAAAAAAAAAACAWwO5CQABdzoz8gAAAABJRU5ErkJggg==\"  alt=\"kirli-agustos-edip-cansever\"  width=\"800\"  height=\"469\"  data-pk-sizes=\"auto\"  data-ls-sizes=\"(max-width: 800px) 100vw, 800px\"  data-pk-src=\"https:\/\/cdn.muhiku.com\/blog\/wp-content\/uploads\/2024\/08\/kirli-agustos-edip-cansever-800x469.webp\"  data-pk-srcset=\"https:\/\/muhiku.com\/blog\/wp-content\/uploads\/2024\/08\/kirli-agustos-edip-cansever-800x469.webp 800w, https:\/\/muhiku.com\/blog\/wp-content\/uploads\/2024\/08\/kirli-agustos-edip-cansever-380x223.webp 380w, https:\/\/muhiku.com\/blog\/wp-content\/uploads\/2024\/08\/kirli-agustos-edip-cansever-760x445.webp 760w, https:\/\/muhiku.com\/blog\/wp-content\/uploads\/2024\/08\/kirli-agustos-edip-cansever.webp 1024w\" ><\/p>\n<p>O da var olan\u0131n a\u011f\u0131r a\u011f\u0131r yoklu\u011fu<br \/>\n\u015eurda bir g\u00fcnd\u00fcz k\u0131m\u0131ldamakta<br \/>\nDa\u011f\u0131lman\u0131n beyaz organ\u0131: tuz birikintileri<br \/>\nGibi bir g\u00fcnd\u00fcz<br \/>\nKal\u0131n kabuklar\u0131n\u0131 kald\u0131r\u0131r do\u011fa.<\/p>\n<p>D\u00fc\u015fer bir bal\u0131k\u00e7\u0131n\u0131n tersi olan \u015fey<br \/>\nKirli a\u011fustos! beni oradan oraya g\u00f6t\u00fcren e\u015fya<br \/>\nAkl\u0131mda \u00fc\u00e7 be\u015f otel ya kal\u0131r<br \/>\nYa kalmaz \u00fc\u00e7 be\u015f otel akl\u0131mda<br \/>\nO da de\u011fil bir otelin kendisi<br \/>\nYaln\u0131zl\u0131\u011f\u0131n kahverengi organ\u0131: d\u00fc\u015f birikintisi<br \/>\nBir de kahverengi alevlerden yap\u0131lma.<\/p>\n<p>Ba\u015fka de\u011fil, yoklu\u011fu g\u00f6rmek i\u00e7in<br \/>\nKirli a\u011fustos! g\u00f6z kapaklar\u0131m\u0131 da yakt\u0131m sonunda.<\/p>\n<h3 id=\"gunes-topla-benim-icin-ulku-tamer\">G\u00fcne\u015f Topla Benim \u0130\u00e7in &#8211; \u00dclk\u00fc Tamer<\/h3>\n<p><img  loading=\"lazy\"  decoding=\"async\"  class=\"alignnone size-medium wp-image-99157 pk-lazyload\"  src=\"data:image\/png;base64,iVBORw0KGgoAAAANSUhEUgAAAyAAAAHVAQMAAAAzfg2oAAAAA1BMVEUAAP+KeNJXAAAAAXRSTlMAQObYZgAAAAlwSFlzAAAOxAAADsQBlSsOGwAAAEVJREFUeNrtwTEBAAAAwqD1T20ND6AAAAAAAAAAAAAAAAAAAAAAAAAAAAAAAAAAAAAAAAAAAAAAAAAAAAAAAAAAAACAWwO5CQABdzoz8gAAAABJRU5ErkJggg==\"  alt=\"gunes-topla-benim-icin-ulku-tamer\"  width=\"800\"  height=\"469\"  data-pk-sizes=\"auto\"  data-ls-sizes=\"(max-width: 800px) 100vw, 800px\"  data-pk-src=\"https:\/\/cdn.muhiku.com\/blog\/wp-content\/uploads\/2024\/08\/gunes-topla-benim-icin-ulku-tamer-800x469.webp\"  data-pk-srcset=\"https:\/\/muhiku.com\/blog\/wp-content\/uploads\/2024\/08\/gunes-topla-benim-icin-ulku-tamer-800x469.webp 800w, https:\/\/muhiku.com\/blog\/wp-content\/uploads\/2024\/08\/gunes-topla-benim-icin-ulku-tamer-380x223.webp 380w, https:\/\/muhiku.com\/blog\/wp-content\/uploads\/2024\/08\/gunes-topla-benim-icin-ulku-tamer-760x445.webp 760w, https:\/\/muhiku.com\/blog\/wp-content\/uploads\/2024\/08\/gunes-topla-benim-icin-ulku-tamer.webp 1024w\" ><\/p>\n<p>Seheryeli \u00e7\u0131k da\u011flara<br \/>\nG\u00fcne\u015f topla benim i\u00e7in<br \/>\nHaber ilet d\u00f6rt diyara<br \/>\nG\u00fcne\u015f topla benim i\u00e7in<\/p>\n<p>Umutlar\u0131n aras\u0131ndan<br \/>\nKirpiklerin karas\u0131ndan<br \/>\nD\u00f6\u015fte b\u0131\u00e7ak yaras\u0131ndan<br \/>\nG\u00fcne\u015f topla benim i\u00e7in<\/p>\n<p>Yazdan k\u0131\u015ftan ilkbahardan<br \/>\nMahpuslarda d\u00f6rt duvardan<br \/>\nDoludizgin sevdalardan<br \/>\nG\u00fcne\u015f topla benim i\u00e7in<\/p>\n<p>Seheryeli yar g\u00f6z\u00fcnden<br \/>\nHavadaki ku\u015f izinden<br \/>\nGeceleyin g\u00f6ky\u00fcz\u00fcnden<br \/>\nG\u00fcne\u015f topla benim i\u00e7in<\/p>\n<h3 id=\"geceleyin-kirda-ahmet-telli\">Geceleyin K\u0131rda &#8211; Ahmet Telli<\/h3>\n<p><img  loading=\"lazy\"  decoding=\"async\"  class=\"alignnone size-medium wp-image-99156 pk-lazyload\"  src=\"data:image\/png;base64,iVBORw0KGgoAAAANSUhEUgAAAyAAAAHVAQMAAAAzfg2oAAAAA1BMVEUAAP+KeNJXAAAAAXRSTlMAQObYZgAAAAlwSFlzAAAOxAAADsQBlSsOGwAAAEVJREFUeNrtwTEBAAAAwqD1T20ND6AAAAAAAAAAAAAAAAAAAAAAAAAAAAAAAAAAAAAAAAAAAAAAAAAAAAAAAAAAAACAWwO5CQABdzoz8gAAAABJRU5ErkJggg==\"  alt=\"geceleyin-kirda-ahmet-telli\"  width=\"800\"  height=\"469\"  data-pk-sizes=\"auto\"  data-ls-sizes=\"(max-width: 800px) 100vw, 800px\"  data-pk-src=\"https:\/\/cdn.muhiku.com\/blog\/wp-content\/uploads\/2024\/08\/geceleyin-kirda-ahmet-telli-800x469.webp\"  data-pk-srcset=\"https:\/\/muhiku.com\/blog\/wp-content\/uploads\/2024\/08\/geceleyin-kirda-ahmet-telli-800x469.webp 800w, https:\/\/muhiku.com\/blog\/wp-content\/uploads\/2024\/08\/geceleyin-kirda-ahmet-telli-380x223.webp 380w, https:\/\/muhiku.com\/blog\/wp-content\/uploads\/2024\/08\/geceleyin-kirda-ahmet-telli-760x445.webp 760w, https:\/\/muhiku.com\/blog\/wp-content\/uploads\/2024\/08\/geceleyin-kirda-ahmet-telli.webp 1024w\" ><\/p>\n<p>Kuytu bir k\u00f6\u015fesindeyim<br \/>\nve yorgun bedenimin alt\u0131nda<br \/>\n\u00e7\u0131t\u0131rd\u0131yor kuru yapraklar<br \/>\n\u00dcstte kristal bir g\u00f6k<br \/>\nve y\u0131ld\u0131zlar<br \/>\nozancas\u0131na<\/p>\n<p>Yaln\u0131z\u0131m<br \/>\ns\u0131k\u0131nt\u0131n\u0131n yayaln\u0131zl\u0131\u011f\u0131 de\u011fil bu<br \/>\nD\u00fc\u015flerle el ele<br \/>\nya\u015famay\u0131 dillendiren<br \/>\nve yudum yudum \u00f6z\u00fcmleten<br \/>\nbir sevgi yanl\u0131zl\u0131\u011f\u0131<\/p>\n<p>Dinlendiriyor y\u00fcre\u011fimi<br \/>\nkafam\u0131<br \/>\nbedenimi<br \/>\nserin ok\u015fay\u0131\u015flar\u0131yla do\u011fa<br \/>\nDinliyorum en g\u00fczel t\u00fcrk\u00fcs\u00fcn\u00fc<br \/>\nkurdun ku\u015fun<\/p>\n<p>U\u00e7mak i\u00e7in<br \/>\nkanat aram\u0131yorum<\/p>\n<h3 id=\"o-mavilik-derdi-edip-cansever\">O Mavilik Derdi &#8211; Edip Cansever<\/h3>\n<p><img  loading=\"lazy\"  decoding=\"async\"  class=\"alignnone size-medium wp-image-99152 pk-lazyload\"  src=\"data:image\/png;base64,iVBORw0KGgoAAAANSUhEUgAAAyAAAAHVAQMAAAAzfg2oAAAAA1BMVEUAAP+KeNJXAAAAAXRSTlMAQObYZgAAAAlwSFlzAAAOxAAADsQBlSsOGwAAAEVJREFUeNrtwTEBAAAAwqD1T20ND6AAAAAAAAAAAAAAAAAAAAAAAAAAAAAAAAAAAAAAAAAAAAAAAAAAAAAAAAAAAACAWwO5CQABdzoz8gAAAABJRU5ErkJggg==\"  alt=\"o-mavilik-derdi-edip-cansever\"  width=\"800\"  height=\"469\"  data-pk-sizes=\"auto\"  data-ls-sizes=\"(max-width: 800px) 100vw, 800px\"  data-pk-src=\"https:\/\/cdn.muhiku.com\/blog\/wp-content\/uploads\/2024\/08\/o-mavilik-derdi-edip-cansever-800x469.webp\"  data-pk-srcset=\"https:\/\/muhiku.com\/blog\/wp-content\/uploads\/2024\/08\/o-mavilik-derdi-edip-cansever-800x469.webp 800w, https:\/\/muhiku.com\/blog\/wp-content\/uploads\/2024\/08\/o-mavilik-derdi-edip-cansever-380x223.webp 380w, https:\/\/muhiku.com\/blog\/wp-content\/uploads\/2024\/08\/o-mavilik-derdi-edip-cansever-760x445.webp 760w, https:\/\/muhiku.com\/blog\/wp-content\/uploads\/2024\/08\/o-mavilik-derdi-edip-cansever.webp 1024w\" ><\/p>\n<p>Beni uykudan uyand\u0131r\u0131r uyand\u0131rmaz<br \/>\nD\u00fcnyan\u0131n b\u00fct\u00fcn huylar\u0131 y\u00fcz\u00fcnde<br \/>\nBen bunlardan birini seviyorum en \u00e7ok<br \/>\nSana bir nar kesip uzat\u0131yor ya do\u011fa<br \/>\nTutsam tanelerini<br \/>\nSevincin g\u00f6zya\u015flar\u0131 derdim buna.<\/p>\n<p>Bir s\u00fcre bak\u0131\u015f\u0131yoruz kar\u015f\u0131l\u0131kl\u0131<br \/>\nBen uykudan uyan\u0131r uyanmaz<br \/>\nBenimle \u015fiir gibidir bu<br \/>\nTam kar\u015f\u0131mda ama yaz\u0131lmam\u0131\u015f<br \/>\nDurmadan bileniyor akl\u0131mda.<\/p>\n<p>Seni unutarak bakt\u0131\u011f\u0131mda bile<br \/>\nD\u00fcnyan\u0131n her yerlerinden ge\u00e7iyorsun<br \/>\nYay\u0131l\u0131yorsun kalabal\u0131klara<br \/>\nYaln\u0131z yay\u0131lmak m\u0131<br \/>\nA\u015fk\u0131n en b\u00fcy\u00fc\u011f\u00fc, en dayan\u0131lmaz\u0131 demeli buna.<\/p>\n<p>\u00d6zlenirsin, alabildi\u011fine vars\u0131n da<br \/>\nDaha da var oluyorsun g\u00fcn g\u00fcnden<br \/>\nOlgun bir meyva gibi g\u00fcleceksin zamanla<br \/>\nBir kad\u0131n da de\u011filsin, bir ki\u015fi de de\u011filsin<br \/>\nBir ku\u015f olsa mavilik derdi buna.<\/p>\n<\/div>\n<\/div>\n<div class=\"navigation\">\n<div class=\"alignleft\"><\/div>\n<div class=\"alignright\"><\/div>\n<\/div>\n<\/div>\n<\/div>\n<\/div>\n<\/div>\n<\/div>\n<\/div>\n<\/div>\n<\/div>\n<\/div>\n<\/div>\n<\/div>\n<\/div>\n<\/div>\n<\/div>\n<\/div>\n","protected":false},"excerpt":{"rendered":"Do\u011fa, bu d\u00fcnyada varl\u0131\u011f\u0131m\u0131z\u0131 s\u00fcrd\u00fcrebilmemizi sa\u011flayan en \u00f6nemli unsurlardan biridir. Do\u011fa olmasayd\u0131, ya\u015fam imkans\u0131z hale gelirdi. Ald\u0131\u011f\u0131m\u0131z nefesi,&hellip;\n","protected":false},"author":25,"featured_media":99155,"comment_status":"open","ping_status":"open","sticky":false,"template":"","format":"standard","meta":{"footnotes":""},"categories":[437],"tags":[],"yoast_head":"<!-- This site is optimized with the Yoast SEO plugin v22.5 - https:\/\/yoast.com\/wordpress\/plugins\/seo\/ -->\n<title>Do\u011fa \u015eiirleri - Do\u011fan\u0131n G\u00fczelliklerine Yaz\u0131lm\u0131\u015f Dizeler - Muhiku<\/title>\n<meta name=\"description\" content=\"Do\u011fa, g\u00fczelli\u011fi ile hepimize huzur katar. \u00dcnl\u00fc \u015fairlerin birbirinden g\u00fczel do\u011fa \u015fiirleri i\u00e7in t\u0131klayabilirsiniz.\" \/>\n<meta name=\"robots\" content=\"index, follow, max-snippet:-1, max-image-preview:large, max-video-preview:-1\" \/>\n<link rel=\"canonical\" href=\"https:\/\/muhiku.com\/blog\/doga-siirleri-doganin-guzelliklerine-yazilmis-dizeler\/\" \/>\n<meta property=\"og:locale\" content=\"tr_TR\" \/>\n<meta property=\"og:type\" content=\"article\" \/>\n<meta property=\"og:title\" content=\"Do\u011fa \u015eiirleri - Do\u011fan\u0131n G\u00fczelliklerine Yaz\u0131lm\u0131\u015f Dizeler - Muhiku\" \/>\n<meta property=\"og:description\" content=\"Do\u011fa, g\u00fczelli\u011fi ile hepimize huzur katar. \u00dcnl\u00fc \u015fairlerin birbirinden g\u00fczel do\u011fa \u015fiirleri i\u00e7in t\u0131klayabilirsiniz.\" \/>\n<meta property=\"og:url\" content=\"https:\/\/muhiku.com\/blog\/doga-siirleri-doganin-guzelliklerine-yazilmis-dizeler\/\" \/>\n<meta property=\"og:site_name\" content=\"Muhiku\" \/>\n<meta property=\"article:published_time\" content=\"2024-08-22T08:31:59+00:00\" \/>\n<meta property=\"og:image\" content=\"https:\/\/cdn.muhiku.com\/blog\/wp-content\/uploads\/2024\/08\/doga-siirleri.webp?x49301\" \/>\n\t<meta property=\"og:image:width\" content=\"1024\" \/>\n\t<meta property=\"og:image:height\" content=\"600\" \/>\n\t<meta property=\"og:image:type\" content=\"image\/webp\" \/>\n<meta name=\"author\" content=\"Dilara Yal\u00e7\u0131n\" \/>\n<meta name=\"twitter:card\" content=\"summary_large_image\" \/>\n<meta name=\"twitter:label1\" content=\"Written by\" \/>\n\t<meta name=\"twitter:data1\" content=\"Dilara Yal\u00e7\u0131n\" \/>\n\t<meta name=\"twitter:label2\" content=\"Est. reading time\" \/>\n\t<meta name=\"twitter:data2\" content=\"7 dakika\" \/>\n<script type=\"application\/ld+json\" class=\"yoast-schema-graph\">{\"@context\":\"https:\/\/schema.org\",\"@graph\":[{\"@type\":\"Article\",\"@id\":\"https:\/\/muhiku.com\/blog\/doga-siirleri-doganin-guzelliklerine-yazilmis-dizeler\/#article\",\"isPartOf\":{\"@id\":\"https:\/\/muhiku.com\/blog\/doga-siirleri-doganin-guzelliklerine-yazilmis-dizeler\/\"},\"author\":{\"name\":\"Dilara Yal\u00e7\u0131n\",\"@id\":\"https:\/\/muhiku.com\/blog\/#\/schema\/person\/0b50be1d52ee74306e1405ad86aac5d5\",\"url\":\"https:\/\/muhiku.com\/blog\/\"},\"headline\":\"Do\u011fa \u015eiirleri &#8211; Do\u011fan\u0131n G\u00fczelliklerine Yaz\u0131lm\u0131\u015f Dizeler\",\"datePublished\":\"2024-08-22T08:31:59+00:00\",\"dateModified\":\"2024-08-22T08:31:59+00:00\",\"mainEntityOfPage\":{\"@id\":\"https:\/\/muhiku.com\/blog\/doga-siirleri-doganin-guzelliklerine-yazilmis-dizeler\/\"},\"wordCount\":1116,\"commentCount\":0,\"publisher\":{\"@id\":\"https:\/\/muhiku.com\/blog\/#organization\"},\"image\":{\"@id\":\"https:\/\/muhiku.com\/blog\/doga-siirleri-doganin-guzelliklerine-yazilmis-dizeler\/#primaryimage\"},\"thumbnailUrl\":\"https:\/\/muhiku.com\/blog\/wp-content\/uploads\/2024\/08\/doga-siirleri.webp\",\"articleSection\":[\"Mesajlar\"],\"inLanguage\":\"tr\",\"potentialAction\":[{\"@type\":\"CommentAction\",\"name\":\"Comment\",\"target\":[\"https:\/\/muhiku.com\/blog\/doga-siirleri-doganin-guzelliklerine-yazilmis-dizeler\/#respond\"]}]},{\"@type\":\"WebPage\",\"@id\":\"https:\/\/muhiku.com\/blog\/doga-siirleri-doganin-guzelliklerine-yazilmis-dizeler\/\",\"url\":\"https:\/\/muhiku.com\/blog\/doga-siirleri-doganin-guzelliklerine-yazilmis-dizeler\/\",\"name\":\"Do\u011fa \u015eiirleri - Do\u011fan\u0131n G\u00fczelliklerine Yaz\u0131lm\u0131\u015f Dizeler - Muhiku\",\"isPartOf\":{\"@id\":\"https:\/\/muhiku.com\/blog\/#website\"},\"primaryImageOfPage\":{\"@id\":\"https:\/\/muhiku.com\/blog\/doga-siirleri-doganin-guzelliklerine-yazilmis-dizeler\/#primaryimage\"},\"image\":{\"@id\":\"https:\/\/muhiku.com\/blog\/doga-siirleri-doganin-guzelliklerine-yazilmis-dizeler\/#primaryimage\"},\"thumbnailUrl\":\"https:\/\/muhiku.com\/blog\/wp-content\/uploads\/2024\/08\/doga-siirleri.webp\",\"datePublished\":\"2024-08-22T08:31:59+00:00\",\"dateModified\":\"2024-08-22T08:31:59+00:00\",\"description\":\"Do\u011fa, g\u00fczelli\u011fi ile hepimize huzur katar. \u00dcnl\u00fc \u015fairlerin birbirinden g\u00fczel do\u011fa \u015fiirleri i\u00e7in t\u0131klayabilirsiniz.\",\"breadcrumb\":{\"@id\":\"https:\/\/muhiku.com\/blog\/doga-siirleri-doganin-guzelliklerine-yazilmis-dizeler\/#breadcrumb\"},\"inLanguage\":\"tr\",\"potentialAction\":[{\"@type\":\"ReadAction\",\"target\":[\"https:\/\/muhiku.com\/blog\/doga-siirleri-doganin-guzelliklerine-yazilmis-dizeler\/\"]}]},{\"@type\":\"ImageObject\",\"inLanguage\":\"tr\",\"@id\":\"https:\/\/muhiku.com\/blog\/doga-siirleri-doganin-guzelliklerine-yazilmis-dizeler\/#primaryimage\",\"url\":\"https:\/\/muhiku.com\/blog\/wp-content\/uploads\/2024\/08\/doga-siirleri.webp\",\"contentUrl\":\"https:\/\/muhiku.com\/blog\/wp-content\/uploads\/2024\/08\/doga-siirleri.webp\",\"width\":1024,\"height\":600,\"caption\":\"doga-siirleri\"},{\"@type\":\"BreadcrumbList\",\"@id\":\"https:\/\/muhiku.com\/blog\/doga-siirleri-doganin-guzelliklerine-yazilmis-dizeler\/#breadcrumb\",\"itemListElement\":[{\"@type\":\"ListItem\",\"position\":1,\"name\":\"Blog\",\"item\":\"https:\/\/muhiku.com\/blog\/\"},{\"@type\":\"ListItem\",\"position\":2,\"name\":\"Do\u011fa \u015eiirleri &#8211; Do\u011fan\u0131n G\u00fczelliklerine Yaz\u0131lm\u0131\u015f Dizeler\"}]},{\"@type\":\"WebSite\",\"@id\":\"https:\/\/muhiku.com\/blog\/#website\",\"url\":\"https:\/\/muhiku.com\/blog\/\",\"name\":\"Muhiku\",\"description\":\"Yenilik\u00e7i Hediye Rehberi\",\"publisher\":{\"@id\":\"https:\/\/muhiku.com\/blog\/#organization\"},\"inLanguage\":\"tr\"},{\"@type\":\"Organization\",\"@id\":\"https:\/\/muhiku.com\/blog\/#organization\",\"name\":\"Muhiku\",\"url\":\"https:\/\/muhiku.com\/blog\/\",\"logo\":{\"@type\":\"ImageObject\",\"inLanguage\":\"tr\",\"@id\":\"https:\/\/muhiku.com\/blog\/#\/schema\/logo\/image\/\",\"url\":\"https:\/\/muhiku.com\/blog\/wp-content\/uploads\/2019\/04\/logo-kare-1.png\",\"contentUrl\":\"https:\/\/muhiku.com\/blog\/wp-content\/uploads\/2019\/04\/logo-kare-1.png\",\"width\":1080,\"height\":1080,\"caption\":\"Muhiku\"},\"image\":{\"@id\":\"https:\/\/muhiku.com\/blog\/#\/schema\/logo\/image\/\"}},{\"@type\":\"Person\",\"@id\":\"https:\/\/muhiku.com\/blog\/#\/schema\/person\/0b50be1d52ee74306e1405ad86aac5d5\",\"name\":\"Dilara Yal\u00e7\u0131n\",\"image\":{\"@type\":\"ImageObject\",\"inLanguage\":\"tr\",\"@id\":\"https:\/\/muhiku.com\/blog\/#\/schema\/person\/image\/\",\"url\":\"https:\/\/secure.gravatar.com\/avatar\/f6e97d59731e06ac22101ebcef389e69?s=96&d=mm&r=g\",\"contentUrl\":\"https:\/\/secure.gravatar.com\/avatar\/f6e97d59731e06ac22101ebcef389e69?s=96&d=mm&r=g\",\"caption\":\"Dilara Yal\u00e7\u0131n\"}}]}<\/script>\n<!-- \/ Yoast SEO plugin. -->","yoast_head_json":{"title":"Do\u011fa \u015eiirleri - Do\u011fan\u0131n G\u00fczelliklerine Yaz\u0131lm\u0131\u015f Dizeler - Muhiku","description":"Do\u011fa, g\u00fczelli\u011fi ile hepimize huzur katar. \u00dcnl\u00fc \u015fairlerin birbirinden g\u00fczel do\u011fa \u015fiirleri i\u00e7in t\u0131klayabilirsiniz.","robots":{"index":"index","follow":"follow","max-snippet":"max-snippet:-1","max-image-preview":"max-image-preview:large","max-video-preview":"max-video-preview:-1"},"canonical":"https:\/\/muhiku.com\/blog\/doga-siirleri-doganin-guzelliklerine-yazilmis-dizeler\/","og_locale":"tr_TR","og_type":"article","og_title":"Do\u011fa \u015eiirleri - Do\u011fan\u0131n G\u00fczelliklerine Yaz\u0131lm\u0131\u015f Dizeler - Muhiku","og_description":"Do\u011fa, g\u00fczelli\u011fi ile hepimize huzur katar. \u00dcnl\u00fc \u015fairlerin birbirinden g\u00fczel do\u011fa \u015fiirleri i\u00e7in t\u0131klayabilirsiniz.","og_url":"https:\/\/muhiku.com\/blog\/doga-siirleri-doganin-guzelliklerine-yazilmis-dizeler\/","og_site_name":"Muhiku","article_published_time":"2024-08-22T08:31:59+00:00","og_image":[{"width":1024,"height":600,"url":"https:\/\/cdn.muhiku.com\/blog\/wp-content\/uploads\/2024\/08\/doga-siirleri.webp?x49301","type":"image\/webp"}],"author":"Dilara Yal\u00e7\u0131n","twitter_card":"summary_large_image","twitter_misc":{"Written by":"Dilara Yal\u00e7\u0131n","Est. reading time":"7 dakika"},"schema":{"@context":"https:\/\/schema.org","@graph":[{"@type":"Article","@id":"https:\/\/muhiku.com\/blog\/doga-siirleri-doganin-guzelliklerine-yazilmis-dizeler\/#article","isPartOf":{"@id":"https:\/\/muhiku.com\/blog\/doga-siirleri-doganin-guzelliklerine-yazilmis-dizeler\/"},"author":{"name":"Dilara Yal\u00e7\u0131n","@id":"https:\/\/muhiku.com\/blog\/#\/schema\/person\/0b50be1d52ee74306e1405ad86aac5d5","url":"https:\/\/muhiku.com\/blog\/"},"headline":"Do\u011fa \u015eiirleri &#8211; Do\u011fan\u0131n G\u00fczelliklerine Yaz\u0131lm\u0131\u015f Dizeler","datePublished":"2024-08-22T08:31:59+00:00","dateModified":"2024-08-22T08:31:59+00:00","mainEntityOfPage":{"@id":"https:\/\/muhiku.com\/blog\/doga-siirleri-doganin-guzelliklerine-yazilmis-dizeler\/"},"wordCount":1116,"commentCount":0,"publisher":{"@id":"https:\/\/muhiku.com\/blog\/#organization"},"image":{"@id":"https:\/\/muhiku.com\/blog\/doga-siirleri-doganin-guzelliklerine-yazilmis-dizeler\/#primaryimage"},"thumbnailUrl":"https:\/\/muhiku.com\/blog\/wp-content\/uploads\/2024\/08\/doga-siirleri.webp","articleSection":["Mesajlar"],"inLanguage":"tr","potentialAction":[{"@type":"CommentAction","name":"Comment","target":["https:\/\/muhiku.com\/blog\/doga-siirleri-doganin-guzelliklerine-yazilmis-dizeler\/#respond"]}]},{"@type":"WebPage","@id":"https:\/\/muhiku.com\/blog\/doga-siirleri-doganin-guzelliklerine-yazilmis-dizeler\/","url":"https:\/\/muhiku.com\/blog\/doga-siirleri-doganin-guzelliklerine-yazilmis-dizeler\/","name":"Do\u011fa \u015eiirleri - Do\u011fan\u0131n G\u00fczelliklerine Yaz\u0131lm\u0131\u015f Dizeler - Muhiku","isPartOf":{"@id":"https:\/\/muhiku.com\/blog\/#website"},"primaryImageOfPage":{"@id":"https:\/\/muhiku.com\/blog\/doga-siirleri-doganin-guzelliklerine-yazilmis-dizeler\/#primaryimage"},"image":{"@id":"https:\/\/muhiku.com\/blog\/doga-siirleri-doganin-guzelliklerine-yazilmis-dizeler\/#primaryimage"},"thumbnailUrl":"https:\/\/muhiku.com\/blog\/wp-content\/uploads\/2024\/08\/doga-siirleri.webp","datePublished":"2024-08-22T08:31:59+00:00","dateModified":"2024-08-22T08:31:59+00:00","description":"Do\u011fa, g\u00fczelli\u011fi ile hepimize huzur katar. \u00dcnl\u00fc \u015fairlerin birbirinden g\u00fczel do\u011fa \u015fiirleri i\u00e7in t\u0131klayabilirsiniz.","breadcrumb":{"@id":"https:\/\/muhiku.com\/blog\/doga-siirleri-doganin-guzelliklerine-yazilmis-dizeler\/#breadcrumb"},"inLanguage":"tr","potentialAction":[{"@type":"ReadAction","target":["https:\/\/muhiku.com\/blog\/doga-siirleri-doganin-guzelliklerine-yazilmis-dizeler\/"]}]},{"@type":"ImageObject","inLanguage":"tr","@id":"https:\/\/muhiku.com\/blog\/doga-siirleri-doganin-guzelliklerine-yazilmis-dizeler\/#primaryimage","url":"https:\/\/muhiku.com\/blog\/wp-content\/uploads\/2024\/08\/doga-siirleri.webp","contentUrl":"https:\/\/muhiku.com\/blog\/wp-content\/uploads\/2024\/08\/doga-siirleri.webp","width":1024,"height":600,"caption":"doga-siirleri"},{"@type":"BreadcrumbList","@id":"https:\/\/muhiku.com\/blog\/doga-siirleri-doganin-guzelliklerine-yazilmis-dizeler\/#breadcrumb","itemListElement":[{"@type":"ListItem","position":1,"name":"Blog","item":"https:\/\/muhiku.com\/blog\/"},{"@type":"ListItem","position":2,"name":"Do\u011fa \u015eiirleri &#8211; Do\u011fan\u0131n G\u00fczelliklerine Yaz\u0131lm\u0131\u015f Dizeler"}]},{"@type":"WebSite","@id":"https:\/\/muhiku.com\/blog\/#website","url":"https:\/\/muhiku.com\/blog\/","name":"Muhiku","description":"Yenilik\u00e7i Hediye Rehberi","publisher":{"@id":"https:\/\/muhiku.com\/blog\/#organization"},"inLanguage":"tr"},{"@type":"Organization","@id":"https:\/\/muhiku.com\/blog\/#organization","name":"Muhiku","url":"https:\/\/muhiku.com\/blog\/","logo":{"@type":"ImageObject","inLanguage":"tr","@id":"https:\/\/muhiku.com\/blog\/#\/schema\/logo\/image\/","url":"https:\/\/muhiku.com\/blog\/wp-content\/uploads\/2019\/04\/logo-kare-1.png","contentUrl":"https:\/\/muhiku.com\/blog\/wp-content\/uploads\/2019\/04\/logo-kare-1.png","width":1080,"height":1080,"caption":"Muhiku"},"image":{"@id":"https:\/\/muhiku.com\/blog\/#\/schema\/logo\/image\/"}},{"@type":"Person","@id":"https:\/\/muhiku.com\/blog\/#\/schema\/person\/0b50be1d52ee74306e1405ad86aac5d5","name":"Dilara Yal\u00e7\u0131n","image":{"@type":"ImageObject","inLanguage":"tr","@id":"https:\/\/muhiku.com\/blog\/#\/schema\/person\/image\/","url":"https:\/\/secure.gravatar.com\/avatar\/f6e97d59731e06ac22101ebcef389e69?s=96&d=mm&r=g","contentUrl":"https:\/\/secure.gravatar.com\/avatar\/f6e97d59731e06ac22101ebcef389e69?s=96&d=mm&r=g","caption":"Dilara Yal\u00e7\u0131n"}}]}},"_links":{"self":[{"href":"https:\/\/muhiku.com\/blog\/wp-json\/wp\/v2\/posts\/99151"}],"collection":[{"href":"https:\/\/muhiku.com\/blog\/wp-json\/wp\/v2\/posts"}],"about":[{"href":"https:\/\/muhiku.com\/blog\/wp-json\/wp\/v2\/types\/post"}],"author":[{"embeddable":true,"href":"https:\/\/muhiku.com\/blog\/wp-json\/wp\/v2\/users\/25"}],"replies":[{"embeddable":true,"href":"https:\/\/muhiku.com\/blog\/wp-json\/wp\/v2\/comments?post=99151"}],"version-history":[{"count":1,"href":"https:\/\/muhiku.com\/blog\/wp-json\/wp\/v2\/posts\/99151\/revisions"}],"predecessor-version":[{"id":99161,"href":"https:\/\/muhiku.com\/blog\/wp-json\/wp\/v2\/posts\/99151\/revisions\/99161"}],"wp:featuredmedia":[{"embeddable":true,"href":"https:\/\/muhiku.com\/blog\/wp-json\/wp\/v2\/media\/99155"}],"wp:attachment":[{"href":"https:\/\/muhiku.com\/blog\/wp-json\/wp\/v2\/media?parent=99151"}],"wp:term":[{"taxonomy":"category","embeddable":true,"href":"https:\/\/muhiku.com\/blog\/wp-json\/wp\/v2\/categories?post=99151"},{"taxonomy":"post_tag","embeddable":true,"href":"https:\/\/muhiku.com\/blog\/wp-json\/wp\/v2\/tags?post=99151"}],"curies":[{"name":"wp","href":"https:\/\/api.w.org\/{rel}","templated":true}]}}