{"id":98614,"date":"2024-08-02T11:57:13","date_gmt":"2024-08-02T08:57:13","guid":{"rendered":"https:\/\/muhiku.com\/blog\/?p=98614"},"modified":"2025-07-14T11:35:57","modified_gmt":"2025-07-14T08:35:57","slug":"18-mart-siirleri-canakkale-zaferi-ile-ilgili-etkileyici-ve-duygusal-siirler","status":"publish","type":"post","link":"https:\/\/muhiku.com\/blog\/18-mart-siirleri-canakkale-zaferi-ile-ilgili-etkileyici-ve-duygusal-siirler\/","title":{"rendered":"18 Mart \u015eiirleri &#8211; \u00c7anakkale Zaferi ile \u0130lgili Etkileyici ve Duygusal \u015eiirler"},"content":{"rendered":"<p>\u00c7anakkale Zaferi ile ilgili etkileyici ve duygusal \u015fiirler ve <strong>18 Mart \u015fiirleri<\/strong> i\u00e7in yaz\u0131m\u0131z\u0131n devam\u0131n\u0131 okuyabilirsiniz.<\/p>\n<p>\u00c7anakkale Zaferi, tarihimizin en b\u00fcy\u00fck ba\u015far\u0131lar\u0131ndan biridir. Bizim i\u00e7in bir destan niteli\u011findedir. \u00c7\u00fcnk\u00fc, hem askeri hem de milli a\u00e7\u0131dan b\u00fcy\u00fck bir \u00f6neme sahiptir. T\u00fcrk milletinin ba\u011f\u0131ms\u0131zl\u0131k ve \u00f6zg\u00fcrl\u00fck m\u00fccadelesinin \u00f6nemli d\u00f6n\u00fcm noktalar\u0131ndan biri olarak kabul edilir.<\/p>\n<p>Bu yaz\u0131m\u0131zda, \u00c7anakkale Zaferi&#8217;nin hikayesinden ve \u00f6neminden bahsedece\u011fiz. Ayr\u0131ca, 18 Mart \u00c7anakkale Zaferi ile ilgili duygusal ve anlaml\u0131 \u015fiirleri de bir araya getirdik.<\/p>\n<h2 id=\"canakkale-zaferi-hikayesi\">\u00c7anakkale Zaferi Hikayesi<\/h2>\n<p><img  loading=\"lazy\"  decoding=\"async\"  class=\"alignnone size-medium wp-image-98622 pk-lazyload\"  src=\"data:image\/png;base64,iVBORw0KGgoAAAANSUhEUgAAAyAAAAHVAQMAAAAzfg2oAAAAA1BMVEUAAP+KeNJXAAAAAXRSTlMAQObYZgAAAAlwSFlzAAAOxAAADsQBlSsOGwAAAEVJREFUeNrtwTEBAAAAwqD1T20ND6AAAAAAAAAAAAAAAAAAAAAAAAAAAAAAAAAAAAAAAAAAAAAAAAAAAAAAAAAAAACAWwO5CQABdzoz8gAAAABJRU5ErkJggg==\"  alt=\"canakkale-zaferi-hikayesi\"  width=\"800\"  height=\"469\"  data-pk-sizes=\"auto\"  data-ls-sizes=\"(max-width: 800px) 100vw, 800px\"  data-pk-src=\"https:\/\/cdn.muhiku.com\/blog\/wp-content\/uploads\/2024\/08\/canakkale-zaferi-hikayesi-800x469.webp\"  data-pk-srcset=\"https:\/\/muhiku.com\/blog\/wp-content\/uploads\/2024\/08\/canakkale-zaferi-hikayesi-800x469.webp 800w, https:\/\/muhiku.com\/blog\/wp-content\/uploads\/2024\/08\/canakkale-zaferi-hikayesi-380x223.webp 380w, https:\/\/muhiku.com\/blog\/wp-content\/uploads\/2024\/08\/canakkale-zaferi-hikayesi-760x445.webp 760w, https:\/\/muhiku.com\/blog\/wp-content\/uploads\/2024\/08\/canakkale-zaferi-hikayesi.webp 1024w\" ><\/p>\n<p><strong>\u0130lginizi \u00c7ekebilir:\u00a0<\/strong><a href=\"https:\/\/muhiku.com\/ataturk-hediyeleri\/\" target=\"_blank\" rel=\"noopener\">Atat\u00fcrk Temal\u0131 Hediye Fikirleri<\/a><\/p>\n<p>\u00c7anakkale Zaferi, 1915-1916 y\u0131llar\u0131nda Birinci D\u00fcnya Sava\u015f\u0131 s\u0131ras\u0131nda Osmanl\u0131 \u0130mparatorlu\u011fu ile \u0130tilaf Devletleri aras\u0131nda ger\u00e7ekle\u015fen ve Osmanl\u0131&#8217;n\u0131n zaferiyle sonu\u00e7lanan \u00f6nemli bir sava\u015ft\u0131r.<\/p>\n<p>\u0130tilaf Devletleri, Osmanl\u0131 \u0130mparatorlu\u011fu&#8217;nun ba\u015fkenti \u0130stanbul&#8217;u ele ge\u00e7irip, Bo\u011fazlar \u00fczerinden Rusya&#8217;ya yard\u0131m ula\u015ft\u0131rmak istiyorlard\u0131. Ayn\u0131 zamanda da Osmanl\u0131&#8217;n\u0131n sava\u015f d\u0131\u015f\u0131 kalmas\u0131n\u0131 arzuluyorlard\u0131. Bu nedenle, \u00c7anakkale Bo\u011faz\u0131&#8217;na sald\u0131rmay\u0131 planlad\u0131lar ve 19 \u015eubat 1915&#8217;te \u0130tilaf Devletleri donanmas\u0131, \u00c7anakkale Bo\u011faz\u0131&#8217;na sald\u0131rmaya ba\u015flad\u0131. 18 Mart 1915&#8217;te \u0130tilaf Devletleri donanmas\u0131, bo\u011faz\u0131 ge\u00e7meye \u00e7al\u0131\u015ft\u0131 fakat a\u011f\u0131r kay\u0131plar verdi ve geri \u00e7ekilmek zorunda kald\u0131.<\/p>\n<p>\u00c7anakkale Sava\u015flar\u0131, sadece deniz yoluyla ger\u00e7ekle\u015fmedi. Ayn\u0131 zamanda kara sava\u015flar\u0131 da oldu. 25 Nisan 1915&#8217;te \u0130tilaf Devletleri, Gelibolu Yar\u0131madas\u0131&#8217;na \u00e7\u0131karma yaparak kara harek\u00e2t\u0131na ba\u015flad\u0131. \u0130ngiliz, Frans\u0131z ve Anzak birlikleri \u00e7e\u015fitli noktalardan \u00e7\u0131kartma yapt\u0131. Ancak, kahraman T\u00fcrk askerleri b\u00fcy\u00fck bir cesaretle onlar\u0131 durdurmay\u0131 ba\u015fard\u0131.<\/p>\n<p>Ocak 1916&#8217;da \u0130tilaf Devletleri, \u00c7anakkale&#8217;yi ele ge\u00e7iremeyeceklerini anlayarak geri \u00e7ekildiler. \u00c7anakkale Zaferi, Osmanl\u0131 \u0130mparatorlu\u011fu&#8217;nun sava\u015ftaki direncini art\u0131rd\u0131 ve T\u00fcrk milletine b\u00fcy\u00fck bir moral kayna\u011f\u0131 oldu. T\u00fcm D\u00fcnya \u00f6\u011frendi ki; \u00c7anakkale Ge\u00e7ilmez!<\/p>\n<p>Ulu \u00d6nder Mustafa Kemal Atat\u00fcrk, Anafartalar, Ar\u0131burnu ve Conkbay\u0131r\u0131&#8217;nda \u00f6nemli zaferler kazand\u0131. \u00d6zellikle Conkbay\u0131r\u0131&#8217;ndaki &#8220;Size taarruzu emretmiyorum, \u00f6lmeyi emrediyorum&#8221; s\u00f6z\u00fc, \u00c7anakkale Zaferi&#8217;nin simgelerinden biri haline gelmi\u015ftir.<\/p>\n<h2 id=\"18-mart-canakkale-zaferi-onemi\">18 Mart \u00c7anakkale Zaferi \u00d6nemi<\/h2>\n<p><img  loading=\"lazy\"  decoding=\"async\"  class=\"alignnone size-medium wp-image-98624 pk-lazyload\"  src=\"data:image\/png;base64,iVBORw0KGgoAAAANSUhEUgAAAyAAAAHVAQMAAAAzfg2oAAAAA1BMVEUAAP+KeNJXAAAAAXRSTlMAQObYZgAAAAlwSFlzAAAOxAAADsQBlSsOGwAAAEVJREFUeNrtwTEBAAAAwqD1T20ND6AAAAAAAAAAAAAAAAAAAAAAAAAAAAAAAAAAAAAAAAAAAAAAAAAAAAAAAAAAAACAWwO5CQABdzoz8gAAAABJRU5ErkJggg==\"  alt=\"18-mart-canakkale-zaferi-onemi\"  width=\"800\"  height=\"469\"  data-pk-sizes=\"auto\"  data-ls-sizes=\"(max-width: 800px) 100vw, 800px\"  data-pk-src=\"https:\/\/cdn.muhiku.com\/blog\/wp-content\/uploads\/2024\/08\/18-mart-canakkale-zaferi-onemi-800x469.webp\"  data-pk-srcset=\"https:\/\/muhiku.com\/blog\/wp-content\/uploads\/2024\/08\/18-mart-canakkale-zaferi-onemi-800x469.webp 800w, https:\/\/muhiku.com\/blog\/wp-content\/uploads\/2024\/08\/18-mart-canakkale-zaferi-onemi-380x223.webp 380w, https:\/\/muhiku.com\/blog\/wp-content\/uploads\/2024\/08\/18-mart-canakkale-zaferi-onemi-760x445.webp 760w, https:\/\/muhiku.com\/blog\/wp-content\/uploads\/2024\/08\/18-mart-canakkale-zaferi-onemi.webp 1024w\" ><\/p>\n<p>\u00c7anakkale Zaferi, sadece Osmanl\u0131 \u0130mparatorlu\u011fu&#8217;nun de\u011fil, ayn\u0131 zamanda T\u00fcrk milletinin ba\u011f\u0131ms\u0131zl\u0131k ve \u00f6zg\u00fcrl\u00fck m\u00fccadelesinin simgesidir. \u00c7anakkale Zaferi, pek \u00e7ok a\u00e7\u0131dan \u00f6nemlidir. Biz de, \u00c7anakkale Zaferi&#8217;nin \u00f6nemini birka\u00e7 a\u00e7\u0131dan ele ald\u0131k.<\/p>\n<p>\u00d6ncelikle, \u00c7anakkale Zaferi, askeri a\u00e7\u0131dan b\u00fcy\u00fck bir ba\u015far\u0131d\u0131r. \u0130tilaf Devletleri&#8217;nin g\u00fc\u00e7l\u00fc donanmalar\u0131 ve kara kuvvetleri kar\u015f\u0131s\u0131nda Osmanl\u0131 ordusunun elde etti\u011fi bu zafer, sava\u015f\u0131n gidi\u015fat\u0131n\u0131 tamamen de\u011fi\u015ftirmi\u015ftir.<\/p>\n<p>\u00c7anakkale Zaferi, T\u00fcrk milletinin ba\u011f\u0131ms\u0131zl\u0131k ve \u00f6zg\u00fcrl\u00fck m\u00fccadelesinin simgesi haline gelmi\u015ftir. \u00c7anakkale&#8217;de kazan\u0131lan zafer, Kurtulu\u015f Sava\u015f\u0131&#8217;na ve T\u00fcrkiye Cumhuriyeti&#8217;nin kurulu\u015funa giden yolda \u00f6nemli bir d\u00f6n\u00fcm noktas\u0131 olmu\u015ftur. Ayn\u0131 zamanda, \u00c7anakkale Zaferi, uluslararas\u0131 alanda da b\u00fcy\u00fck yank\u0131 uyand\u0131rm\u0131\u015ft\u0131r. Bu zafer, Osmanl\u0131 \u0130mparatorlu\u011fu&#8217;nun ve T\u00fcrk milletinin kuvvetini ve direncini g\u00f6stermi\u015ftir.<\/p>\n<p>\u00c7anakkale Zaferi, Mustafa Kemal Atat\u00fcrk&#8217;\u00fcn askeri dehas\u0131n\u0131n ve liderlik yeteneklerinin ortaya \u00e7\u0131kmas\u0131na sahne olmu\u015ftur. Atat\u00fcrk&#8217;\u00fcn sava\u015f s\u0131ras\u0131nda g\u00f6sterdi\u011fi \u00fcst\u00fcn stratejik beceriler ve kararl\u0131l\u0131k, zaferin kazan\u0131lmas\u0131nda \u00f6nemli bir rol oynam\u0131\u015ft\u0131r.<\/p>\n<p>18 Mart \u00c7anakkale Zaferi, T\u00fcrk milletinin ba\u011f\u0131ms\u0131zl\u0131k ve \u00f6zg\u00fcrl\u00fck m\u00fccadelesinin, fedakarl\u0131k ve kahramanl\u0131\u011f\u0131n\u0131n bir simgesi olarak tarihteki yerini alm\u0131\u015ft\u0131r. Milli birlik ve beraberli\u011fin, vatan sevgisinin ve fedakarl\u0131\u011f\u0131n en g\u00fczel \u00f6rneklerinden biridir. Bu b\u00fcy\u00fck ba\u015far\u0131, nesilden nesile gururla aktar\u0131lmaya devam ediyor.<\/p>\n<h2 id=\"18-mart-siirleri\">18 Mart \u015eiirleri<\/h2>\n<p>En g\u00fczel 18 Mart \u015fiirlerini sizler i\u00e7in derledik.<\/p>\n<h3 id=\"bir-yolcuya-necmettin-halil-onan\">Bir Yolcuya &#8211; Necmettin Halil Onan<\/h3>\n<p><img  loading=\"lazy\"  decoding=\"async\"  class=\"alignnone size-medium wp-image-98627 pk-lazyload\"  src=\"data:image\/png;base64,iVBORw0KGgoAAAANSUhEUgAAAyAAAAHVAQMAAAAzfg2oAAAAA1BMVEUAAP+KeNJXAAAAAXRSTlMAQObYZgAAAAlwSFlzAAAOxAAADsQBlSsOGwAAAEVJREFUeNrtwTEBAAAAwqD1T20ND6AAAAAAAAAAAAAAAAAAAAAAAAAAAAAAAAAAAAAAAAAAAAAAAAAAAAAAAAAAAACAWwO5CQABdzoz8gAAAABJRU5ErkJggg==\"  alt=\"bir-yolcuya-necmettin-halil-onan\"  width=\"800\"  height=\"469\"  data-pk-sizes=\"auto\"  data-ls-sizes=\"(max-width: 800px) 100vw, 800px\"  data-pk-src=\"https:\/\/cdn.muhiku.com\/blog\/wp-content\/uploads\/2024\/08\/bir-yolcuya-necmettin-halil-onan-800x469.webp\"  data-pk-srcset=\"https:\/\/muhiku.com\/blog\/wp-content\/uploads\/2024\/08\/bir-yolcuya-necmettin-halil-onan-800x469.webp 800w, https:\/\/muhiku.com\/blog\/wp-content\/uploads\/2024\/08\/bir-yolcuya-necmettin-halil-onan-380x223.webp 380w, https:\/\/muhiku.com\/blog\/wp-content\/uploads\/2024\/08\/bir-yolcuya-necmettin-halil-onan-760x445.webp 760w, https:\/\/muhiku.com\/blog\/wp-content\/uploads\/2024\/08\/bir-yolcuya-necmettin-halil-onan.webp 1024w\" ><\/p>\n<p>Dur yolcu! Bilmeden gelip bast\u0131\u011f\u0131n<br \/>\nBu toprak, bir devrin batt\u0131\u011f\u0131 yerdir.<br \/>\nE\u011fil de kulak ver, bu sessiz y\u0131\u011f\u0131n<br \/>\nBir vatan kalbinin att\u0131\u011f\u0131 yerdir.<\/p>\n<p>Bu \u0131ss\u0131z, g\u00f6lgesiz yolun sonunda<br \/>\nG\u00f6rd\u00fc\u011f\u00fcn bu t\u00fcmsek Anadolu&#8217;nda,<br \/>\n\u0130stiklal u\u011frunda, namus yolunda<br \/>\nCan veren Mehmed\u2019in yatt\u0131\u011f\u0131 yerdir.<\/p>\n<p>Bu t\u00fcmsek, koparken b\u00fcy\u00fck zelzele,<br \/>\nSon vatan par\u00e7as\u0131 ge\u00e7erken ele,<br \/>\nMehmed\u2019in d\u00fc\u015fman\u0131 bo\u011fdu\u011fu sele<br \/>\nM\u00fcbarek kan\u0131n\u0131 katt\u0131\u011f\u0131 yerdir.<\/p>\n<p>D\u00fc\u015f\u00fcn ki, ha\u015frolan kan, kemik, etin<br \/>\nYapt\u0131\u011f\u0131 bu t\u00fcmsek, amans\u0131z, \u00e7etin<br \/>\nBir harbin sonunda b\u00fct\u00fcn milletin<br \/>\nH\u00fcrriyet zevkini tatt\u0131\u011f\u0131 yerdir.<\/p>\n<h3 id=\"canakkale-faruk-nafiz-camlibel\">\u00c7anakkale &#8211; Faruk Nafiz \u00c7aml\u0131bel<\/h3>\n<p><img  loading=\"lazy\"  decoding=\"async\"  class=\"alignnone size-medium wp-image-98630 pk-lazyload\"  src=\"data:image\/png;base64,iVBORw0KGgoAAAANSUhEUgAAAyAAAAHVAQMAAAAzfg2oAAAAA1BMVEUAAP+KeNJXAAAAAXRSTlMAQObYZgAAAAlwSFlzAAAOxAAADsQBlSsOGwAAAEVJREFUeNrtwTEBAAAAwqD1T20ND6AAAAAAAAAAAAAAAAAAAAAAAAAAAAAAAAAAAAAAAAAAAAAAAAAAAAAAAAAAAACAWwO5CQABdzoz8gAAAABJRU5ErkJggg==\"  alt=\"canakkale-faruk-nafiz-camlibel\"  width=\"800\"  height=\"469\"  data-pk-sizes=\"auto\"  data-ls-sizes=\"(max-width: 800px) 100vw, 800px\"  data-pk-src=\"https:\/\/cdn.muhiku.com\/blog\/wp-content\/uploads\/2024\/08\/canakkale-faruk-nafiz-camlibel-800x469.webp\"  data-pk-srcset=\"https:\/\/muhiku.com\/blog\/wp-content\/uploads\/2024\/08\/canakkale-faruk-nafiz-camlibel-800x469.webp 800w, https:\/\/muhiku.com\/blog\/wp-content\/uploads\/2024\/08\/canakkale-faruk-nafiz-camlibel-380x223.webp 380w, https:\/\/muhiku.com\/blog\/wp-content\/uploads\/2024\/08\/canakkale-faruk-nafiz-camlibel-760x445.webp 760w, https:\/\/muhiku.com\/blog\/wp-content\/uploads\/2024\/08\/canakkale-faruk-nafiz-camlibel.webp 1024w\" ><\/p>\n<p>\u00d6v\u00fcn, ey \u00c7anakkale, cihan durduk\u00e7a \u00f6v\u00fcn!<br \/>\n\u00d6mr\u00fcnde g\u00f6stermedin bin d\u00fc\u015fmana bir d\u00fc\u011f\u00fcn.<br \/>\nSen b\u00fcy\u00fck bir milletin sava\u015fa girdi\u011fi g\u00fcn,<br \/>\nBa\u015f\u0131na y\u00fcz milletin \u00fc\u015f\u00fc\u015ft\u00fc\u011f\u00fc yersin.<\/p>\n<p>Sen sava\u015fa girince m\u0131zrakla, okla, yayla,<br \/>\nKar\u015f\u0131na \u00e7\u0131kt\u0131 d\u00fc\u015fman \u00e7elikten bir alayla.<br \/>\nSen topun donanmayla, t\u00fcfe\u011fin bataryayla,<br \/>\nNeferin ordularla boy \u00f6l\u00e7\u00fc\u015ft\u00fc\u011f\u00fc yersin.<\/p>\n<p>Bir destana benziyor senin bug\u00fcnk\u00fc halin.<br \/>\nOkurken duyuyorum sesini ihtilalin.<br \/>\n\u00d6v\u00fcn, ey \u00c7anakkale ki sen Mustafa Kemal&#8217;in<br \/>\nY\u00fcz milletle y\u00fcz y\u00fcze ilk g\u00f6r\u00fc\u015ft\u00fc\u011f\u00fc yersin!<\/p>\n<h2 id=\"canakkale-zaferi-ile-ilgili-etkileyici-ve-duygusal-siirler\">\u00c7anakkale Zaferi ile \u0130lgili Etkileyici ve Duygusal \u015eiirler<\/h2>\n<h3 id=\"canakkale-ziya-gokalp\">\u00c7anakkale &#8211; Ziya G\u00f6kalp<\/h3>\n<p><img  loading=\"lazy\"  decoding=\"async\"  class=\"alignnone size-medium wp-image-98623 pk-lazyload\"  src=\"data:image\/png;base64,iVBORw0KGgoAAAANSUhEUgAAAyAAAAHVAQMAAAAzfg2oAAAAA1BMVEUAAP+KeNJXAAAAAXRSTlMAQObYZgAAAAlwSFlzAAAOxAAADsQBlSsOGwAAAEVJREFUeNrtwTEBAAAAwqD1T20ND6AAAAAAAAAAAAAAAAAAAAAAAAAAAAAAAAAAAAAAAAAAAAAAAAAAAAAAAAAAAACAWwO5CQABdzoz8gAAAABJRU5ErkJggg==\"  alt=\"canakkale-ziya-gokalp\"  width=\"800\"  height=\"469\"  data-pk-sizes=\"auto\"  data-ls-sizes=\"(max-width: 800px) 100vw, 800px\"  data-pk-src=\"https:\/\/cdn.muhiku.com\/blog\/wp-content\/uploads\/2024\/08\/canakkale-ziya-gokalp-800x469.webp\"  data-pk-srcset=\"https:\/\/muhiku.com\/blog\/wp-content\/uploads\/2024\/08\/canakkale-ziya-gokalp-800x469.webp 800w, https:\/\/muhiku.com\/blog\/wp-content\/uploads\/2024\/08\/canakkale-ziya-gokalp-380x223.webp 380w, https:\/\/muhiku.com\/blog\/wp-content\/uploads\/2024\/08\/canakkale-ziya-gokalp-760x445.webp 760w, https:\/\/muhiku.com\/blog\/wp-content\/uploads\/2024\/08\/canakkale-ziya-gokalp.webp 1024w\" ><\/p>\n<p>\u00c7anakkale d\u00f6rt devlete,<br \/>\nGalebeye sen \u00e7evirdin!<br \/>\n\u00c7ar k\u00f6lesi y\u00fcz millete,<br \/>\n\u0130stiklali sen getirdin!<\/p>\n<p>Senden \u00f6t\u00fcr\u00fc bilsen daha,<br \/>\nKurtulacak nice \u00fclke&#8230;<br \/>\nNe Afrika, ne Asya&#8217;da,<br \/>\nKalmayacak m\u00fcstemleke&#8230;<\/p>\n<p>\u00c7\u00fcnki nas\u0131l karalarda,<br \/>\nArt\u0131k yoksa Rus zorbas\u0131;<br \/>\nGezemeyecek deryalarda,<br \/>\n\u0130ngiliz&#8217;in donanmas\u0131&#8230;<\/p>\n<h3 id=\"bu-vatan-kimin-orhan-saik-gokyay\">Bu Vatan Kimin? &#8211; Orhan \u015eaik G\u00f6kyay<\/h3>\n<p><img  loading=\"lazy\"  decoding=\"async\"  class=\"alignnone size-medium wp-image-98628 pk-lazyload\"  src=\"data:image\/png;base64,iVBORw0KGgoAAAANSUhEUgAAAyAAAAHVAQMAAAAzfg2oAAAAA1BMVEUAAP+KeNJXAAAAAXRSTlMAQObYZgAAAAlwSFlzAAAOxAAADsQBlSsOGwAAAEVJREFUeNrtwTEBAAAAwqD1T20ND6AAAAAAAAAAAAAAAAAAAAAAAAAAAAAAAAAAAAAAAAAAAAAAAAAAAAAAAAAAAACAWwO5CQABdzoz8gAAAABJRU5ErkJggg==\"  alt=\"bu-vatan-kimin-orhan-saik-gokyay\"  width=\"800\"  height=\"469\"  data-pk-sizes=\"auto\"  data-ls-sizes=\"(max-width: 800px) 100vw, 800px\"  data-pk-src=\"https:\/\/cdn.muhiku.com\/blog\/wp-content\/uploads\/2024\/08\/bu-vatan-kimin-orhan-saik-gokyay-800x469.webp\"  data-pk-srcset=\"https:\/\/muhiku.com\/blog\/wp-content\/uploads\/2024\/08\/bu-vatan-kimin-orhan-saik-gokyay-800x469.webp 800w, https:\/\/muhiku.com\/blog\/wp-content\/uploads\/2024\/08\/bu-vatan-kimin-orhan-saik-gokyay-380x223.webp 380w, https:\/\/muhiku.com\/blog\/wp-content\/uploads\/2024\/08\/bu-vatan-kimin-orhan-saik-gokyay-760x445.webp 760w, https:\/\/muhiku.com\/blog\/wp-content\/uploads\/2024\/08\/bu-vatan-kimin-orhan-saik-gokyay.webp 1024w\" ><\/p>\n<p>Bu vatan topra\u011f\u0131n kara ba\u011fr\u0131nda<br \/>\nS\u0131rada\u011flar gibi duranlar\u0131nd\u0131r,<br \/>\nBir tarih boyunca onun u\u011frunda<br \/>\nKendini tarihe verenlerindir.<\/p>\n<p>Tutu\u015fup k\u00fcl olan ocaklar\u0131ndan,<br \/>\n\u015eahlan\u0131p k\u00f6p\u00fcren \u0131rmaklar\u0131ndan,<br \/>\nHudutlarda gaza bayraklar\u0131ndan<br \/>\nAln\u0131na \u0131\u015f\u0131klar vuranlar\u0131nd\u0131r.<\/p>\n<p>Ard\u0131na bakmadan yollara d\u00fc\u015fen,<br \/>\n\u015eim\u015fek gibi \u00e7akan, sel gibi co\u015fan,<br \/>\nHuduttan hududa yol bulup ko\u015fan,<br \/>\nCepheden cepheyi soranlar\u0131nd\u0131r.<\/p>\n<p>\u0130leri at\u0131l\u0131p sellercesine<br \/>\nG\u00f6\u011fs\u00fcnden vurulup tam ercesine,<br \/>\nBir g\u00fcl bah\u00e7esine girercesine<br \/>\n\u015eu kara topra\u011fa girenlerindir.<\/p>\n<p>Tarihin dilinden d\u00fc\u015fmez bu destan,<br \/>\nNehirler gazidir, da\u011flar kahraman,<br \/>\nHer ta\u015f\u0131 yakut olan bu vatan<br \/>\nCan verme s\u0131rr\u0131na erenlerindir.<\/p>\n<p>G\u00f6kyay&#8217;\u0131m ne yazsan ziyade de\u011fil,<br \/>\nBu sevgi bir kuru ifade de\u011fil,<br \/>\nSencileyin hasm\u0131 r\u00fcyada de\u011fil,<br \/>\nTopun namlusundan g\u00f6renlerindir.<\/p>\n","protected":false},"excerpt":{"rendered":"\u00c7anakkale Zaferi ile ilgili etkileyici ve duygusal \u015fiirler ve 18 Mart \u015fiirleri i\u00e7in yaz\u0131m\u0131z\u0131n devam\u0131n\u0131 okuyabilirsiniz. \u00c7anakkale Zaferi,&hellip;\n","protected":false},"author":25,"featured_media":98626,"comment_status":"open","ping_status":"open","sticky":false,"template":"","format":"standard","meta":{"footnotes":""},"categories":[437],"tags":[],"yoast_head":"<!-- This site is optimized with the Yoast SEO plugin v22.5 - https:\/\/yoast.com\/wordpress\/plugins\/seo\/ -->\n<title>18 Mart \u015eiirleri - \u00c7anakkale Zaferi ile \u0130lgili Etkileyici ve Duygusal \u015eiirler - Muhiku<\/title>\n<meta name=\"description\" content=\"\u00c7anakkale Zaferi&#039;nin hikayesi ve \u00f6nemi, en etkileyici, duygusal ve anlaml\u0131 18 Mart \u015fiirleri i\u00e7in t\u0131klayabilirsiniz.\" \/>\n<meta name=\"robots\" content=\"index, follow, max-snippet:-1, max-image-preview:large, max-video-preview:-1\" \/>\n<link rel=\"canonical\" href=\"https:\/\/muhiku.com\/blog\/18-mart-siirleri-canakkale-zaferi-ile-ilgili-etkileyici-ve-duygusal-siirler\/\" \/>\n<meta property=\"og:locale\" content=\"tr_TR\" \/>\n<meta property=\"og:type\" content=\"article\" \/>\n<meta property=\"og:title\" content=\"18 Mart \u015eiirleri - \u00c7anakkale Zaferi ile \u0130lgili Etkileyici ve Duygusal \u015eiirler - Muhiku\" \/>\n<meta property=\"og:description\" content=\"\u00c7anakkale Zaferi&#039;nin hikayesi ve \u00f6nemi, en etkileyici, duygusal ve anlaml\u0131 18 Mart \u015fiirleri i\u00e7in t\u0131klayabilirsiniz.\" \/>\n<meta property=\"og:url\" content=\"https:\/\/muhiku.com\/blog\/18-mart-siirleri-canakkale-zaferi-ile-ilgili-etkileyici-ve-duygusal-siirler\/\" \/>\n<meta property=\"og:site_name\" content=\"Muhiku\" \/>\n<meta property=\"article:published_time\" content=\"2024-08-02T08:57:13+00:00\" \/>\n<meta property=\"article:modified_time\" content=\"2025-07-14T08:35:57+00:00\" \/>\n<meta property=\"og:image\" content=\"https:\/\/cdn.muhiku.com\/blog\/wp-content\/uploads\/2024\/08\/18-mart-siirleri.webp?x28031\" \/>\n\t<meta property=\"og:image:width\" content=\"1024\" \/>\n\t<meta property=\"og:image:height\" content=\"600\" \/>\n\t<meta property=\"og:image:type\" content=\"image\/webp\" \/>\n<meta name=\"author\" content=\"Dilara Yal\u00e7\u0131n\" \/>\n<meta name=\"twitter:card\" content=\"summary_large_image\" \/>\n<meta name=\"twitter:label1\" content=\"Written by\" \/>\n\t<meta name=\"twitter:data1\" content=\"Dilara Yal\u00e7\u0131n\" \/>\n\t<meta name=\"twitter:label2\" content=\"Est. reading time\" \/>\n\t<meta name=\"twitter:data2\" content=\"6 dakika\" \/>\n<script type=\"application\/ld+json\" class=\"yoast-schema-graph\">{\"@context\":\"https:\/\/schema.org\",\"@graph\":[{\"@type\":\"Article\",\"@id\":\"https:\/\/muhiku.com\/blog\/18-mart-siirleri-canakkale-zaferi-ile-ilgili-etkileyici-ve-duygusal-siirler\/#article\",\"isPartOf\":{\"@id\":\"https:\/\/muhiku.com\/blog\/18-mart-siirleri-canakkale-zaferi-ile-ilgili-etkileyici-ve-duygusal-siirler\/\"},\"author\":{\"name\":\"Dilara Yal\u00e7\u0131n\",\"@id\":\"https:\/\/muhiku.com\/blog\/#\/schema\/person\/0b50be1d52ee74306e1405ad86aac5d5\",\"url\":\"https:\/\/muhiku.com\/blog\/\"},\"headline\":\"18 Mart \u015eiirleri &#8211; \u00c7anakkale Zaferi ile \u0130lgili Etkileyici ve Duygusal \u015eiirler\",\"datePublished\":\"2024-08-02T08:57:13+00:00\",\"dateModified\":\"2025-07-14T08:35:57+00:00\",\"mainEntityOfPage\":{\"@id\":\"https:\/\/muhiku.com\/blog\/18-mart-siirleri-canakkale-zaferi-ile-ilgili-etkileyici-ve-duygusal-siirler\/\"},\"wordCount\":1088,\"commentCount\":0,\"publisher\":{\"@id\":\"https:\/\/muhiku.com\/blog\/#organization\"},\"image\":{\"@id\":\"https:\/\/muhiku.com\/blog\/18-mart-siirleri-canakkale-zaferi-ile-ilgili-etkileyici-ve-duygusal-siirler\/#primaryimage\"},\"thumbnailUrl\":\"https:\/\/muhiku.com\/blog\/wp-content\/uploads\/2024\/08\/18-mart-siirleri.webp\",\"articleSection\":[\"Mesajlar\"],\"inLanguage\":\"tr\",\"potentialAction\":[{\"@type\":\"CommentAction\",\"name\":\"Comment\",\"target\":[\"https:\/\/muhiku.com\/blog\/18-mart-siirleri-canakkale-zaferi-ile-ilgili-etkileyici-ve-duygusal-siirler\/#respond\"]}]},{\"@type\":\"WebPage\",\"@id\":\"https:\/\/muhiku.com\/blog\/18-mart-siirleri-canakkale-zaferi-ile-ilgili-etkileyici-ve-duygusal-siirler\/\",\"url\":\"https:\/\/muhiku.com\/blog\/18-mart-siirleri-canakkale-zaferi-ile-ilgili-etkileyici-ve-duygusal-siirler\/\",\"name\":\"18 Mart \u015eiirleri - \u00c7anakkale Zaferi ile \u0130lgili Etkileyici ve Duygusal \u015eiirler - Muhiku\",\"isPartOf\":{\"@id\":\"https:\/\/muhiku.com\/blog\/#website\"},\"primaryImageOfPage\":{\"@id\":\"https:\/\/muhiku.com\/blog\/18-mart-siirleri-canakkale-zaferi-ile-ilgili-etkileyici-ve-duygusal-siirler\/#primaryimage\"},\"image\":{\"@id\":\"https:\/\/muhiku.com\/blog\/18-mart-siirleri-canakkale-zaferi-ile-ilgili-etkileyici-ve-duygusal-siirler\/#primaryimage\"},\"thumbnailUrl\":\"https:\/\/muhiku.com\/blog\/wp-content\/uploads\/2024\/08\/18-mart-siirleri.webp\",\"datePublished\":\"2024-08-02T08:57:13+00:00\",\"dateModified\":\"2025-07-14T08:35:57+00:00\",\"description\":\"\u00c7anakkale Zaferi'nin hikayesi ve \u00f6nemi, en etkileyici, duygusal ve anlaml\u0131 18 Mart \u015fiirleri i\u00e7in t\u0131klayabilirsiniz.\",\"breadcrumb\":{\"@id\":\"https:\/\/muhiku.com\/blog\/18-mart-siirleri-canakkale-zaferi-ile-ilgili-etkileyici-ve-duygusal-siirler\/#breadcrumb\"},\"inLanguage\":\"tr\",\"potentialAction\":[{\"@type\":\"ReadAction\",\"target\":[\"https:\/\/muhiku.com\/blog\/18-mart-siirleri-canakkale-zaferi-ile-ilgili-etkileyici-ve-duygusal-siirler\/\"]}]},{\"@type\":\"ImageObject\",\"inLanguage\":\"tr\",\"@id\":\"https:\/\/muhiku.com\/blog\/18-mart-siirleri-canakkale-zaferi-ile-ilgili-etkileyici-ve-duygusal-siirler\/#primaryimage\",\"url\":\"https:\/\/muhiku.com\/blog\/wp-content\/uploads\/2024\/08\/18-mart-siirleri.webp\",\"contentUrl\":\"https:\/\/muhiku.com\/blog\/wp-content\/uploads\/2024\/08\/18-mart-siirleri.webp\",\"width\":1024,\"height\":600,\"caption\":\"18-mart-siirleri\"},{\"@type\":\"BreadcrumbList\",\"@id\":\"https:\/\/muhiku.com\/blog\/18-mart-siirleri-canakkale-zaferi-ile-ilgili-etkileyici-ve-duygusal-siirler\/#breadcrumb\",\"itemListElement\":[{\"@type\":\"ListItem\",\"position\":1,\"name\":\"Blog\",\"item\":\"https:\/\/muhiku.com\/blog\/\"},{\"@type\":\"ListItem\",\"position\":2,\"name\":\"18 Mart \u015eiirleri &#8211; \u00c7anakkale Zaferi ile \u0130lgili Etkileyici ve Duygusal \u015eiirler\"}]},{\"@type\":\"WebSite\",\"@id\":\"https:\/\/muhiku.com\/blog\/#website\",\"url\":\"https:\/\/muhiku.com\/blog\/\",\"name\":\"Muhiku\",\"description\":\"Yenilik\u00e7i Hediye Rehberi\",\"publisher\":{\"@id\":\"https:\/\/muhiku.com\/blog\/#organization\"},\"inLanguage\":\"tr\"},{\"@type\":\"Organization\",\"@id\":\"https:\/\/muhiku.com\/blog\/#organization\",\"name\":\"Muhiku\",\"url\":\"https:\/\/muhiku.com\/blog\/\",\"logo\":{\"@type\":\"ImageObject\",\"inLanguage\":\"tr\",\"@id\":\"https:\/\/muhiku.com\/blog\/#\/schema\/logo\/image\/\",\"url\":\"https:\/\/muhiku.com\/blog\/wp-content\/uploads\/2019\/04\/logo-kare-1.png\",\"contentUrl\":\"https:\/\/muhiku.com\/blog\/wp-content\/uploads\/2019\/04\/logo-kare-1.png\",\"width\":1080,\"height\":1080,\"caption\":\"Muhiku\"},\"image\":{\"@id\":\"https:\/\/muhiku.com\/blog\/#\/schema\/logo\/image\/\"}},{\"@type\":\"Person\",\"@id\":\"https:\/\/muhiku.com\/blog\/#\/schema\/person\/0b50be1d52ee74306e1405ad86aac5d5\",\"name\":\"Dilara Yal\u00e7\u0131n\",\"image\":{\"@type\":\"ImageObject\",\"inLanguage\":\"tr\",\"@id\":\"https:\/\/muhiku.com\/blog\/#\/schema\/person\/image\/\",\"url\":\"https:\/\/secure.gravatar.com\/avatar\/f6e97d59731e06ac22101ebcef389e69?s=96&d=mm&r=g\",\"contentUrl\":\"https:\/\/secure.gravatar.com\/avatar\/f6e97d59731e06ac22101ebcef389e69?s=96&d=mm&r=g\",\"caption\":\"Dilara Yal\u00e7\u0131n\"}}]}<\/script>\n<!-- \/ Yoast SEO plugin. -->","yoast_head_json":{"title":"18 Mart \u015eiirleri - \u00c7anakkale Zaferi ile \u0130lgili Etkileyici ve Duygusal \u015eiirler - Muhiku","description":"\u00c7anakkale Zaferi'nin hikayesi ve \u00f6nemi, en etkileyici, duygusal ve anlaml\u0131 18 Mart \u015fiirleri i\u00e7in t\u0131klayabilirsiniz.","robots":{"index":"index","follow":"follow","max-snippet":"max-snippet:-1","max-image-preview":"max-image-preview:large","max-video-preview":"max-video-preview:-1"},"canonical":"https:\/\/muhiku.com\/blog\/18-mart-siirleri-canakkale-zaferi-ile-ilgili-etkileyici-ve-duygusal-siirler\/","og_locale":"tr_TR","og_type":"article","og_title":"18 Mart \u015eiirleri - \u00c7anakkale Zaferi ile \u0130lgili Etkileyici ve Duygusal \u015eiirler - Muhiku","og_description":"\u00c7anakkale Zaferi'nin hikayesi ve \u00f6nemi, en etkileyici, duygusal ve anlaml\u0131 18 Mart \u015fiirleri i\u00e7in t\u0131klayabilirsiniz.","og_url":"https:\/\/muhiku.com\/blog\/18-mart-siirleri-canakkale-zaferi-ile-ilgili-etkileyici-ve-duygusal-siirler\/","og_site_name":"Muhiku","article_published_time":"2024-08-02T08:57:13+00:00","article_modified_time":"2025-07-14T08:35:57+00:00","og_image":[{"width":1024,"height":600,"url":"https:\/\/cdn.muhiku.com\/blog\/wp-content\/uploads\/2024\/08\/18-mart-siirleri.webp?x28031","type":"image\/webp"}],"author":"Dilara Yal\u00e7\u0131n","twitter_card":"summary_large_image","twitter_misc":{"Written by":"Dilara Yal\u00e7\u0131n","Est. reading time":"6 dakika"},"schema":{"@context":"https:\/\/schema.org","@graph":[{"@type":"Article","@id":"https:\/\/muhiku.com\/blog\/18-mart-siirleri-canakkale-zaferi-ile-ilgili-etkileyici-ve-duygusal-siirler\/#article","isPartOf":{"@id":"https:\/\/muhiku.com\/blog\/18-mart-siirleri-canakkale-zaferi-ile-ilgili-etkileyici-ve-duygusal-siirler\/"},"author":{"name":"Dilara Yal\u00e7\u0131n","@id":"https:\/\/muhiku.com\/blog\/#\/schema\/person\/0b50be1d52ee74306e1405ad86aac5d5","url":"https:\/\/muhiku.com\/blog\/"},"headline":"18 Mart \u015eiirleri &#8211; \u00c7anakkale Zaferi ile \u0130lgili Etkileyici ve Duygusal \u015eiirler","datePublished":"2024-08-02T08:57:13+00:00","dateModified":"2025-07-14T08:35:57+00:00","mainEntityOfPage":{"@id":"https:\/\/muhiku.com\/blog\/18-mart-siirleri-canakkale-zaferi-ile-ilgili-etkileyici-ve-duygusal-siirler\/"},"wordCount":1088,"commentCount":0,"publisher":{"@id":"https:\/\/muhiku.com\/blog\/#organization"},"image":{"@id":"https:\/\/muhiku.com\/blog\/18-mart-siirleri-canakkale-zaferi-ile-ilgili-etkileyici-ve-duygusal-siirler\/#primaryimage"},"thumbnailUrl":"https:\/\/muhiku.com\/blog\/wp-content\/uploads\/2024\/08\/18-mart-siirleri.webp","articleSection":["Mesajlar"],"inLanguage":"tr","potentialAction":[{"@type":"CommentAction","name":"Comment","target":["https:\/\/muhiku.com\/blog\/18-mart-siirleri-canakkale-zaferi-ile-ilgili-etkileyici-ve-duygusal-siirler\/#respond"]}]},{"@type":"WebPage","@id":"https:\/\/muhiku.com\/blog\/18-mart-siirleri-canakkale-zaferi-ile-ilgili-etkileyici-ve-duygusal-siirler\/","url":"https:\/\/muhiku.com\/blog\/18-mart-siirleri-canakkale-zaferi-ile-ilgili-etkileyici-ve-duygusal-siirler\/","name":"18 Mart \u015eiirleri - \u00c7anakkale Zaferi ile \u0130lgili Etkileyici ve Duygusal \u015eiirler - Muhiku","isPartOf":{"@id":"https:\/\/muhiku.com\/blog\/#website"},"primaryImageOfPage":{"@id":"https:\/\/muhiku.com\/blog\/18-mart-siirleri-canakkale-zaferi-ile-ilgili-etkileyici-ve-duygusal-siirler\/#primaryimage"},"image":{"@id":"https:\/\/muhiku.com\/blog\/18-mart-siirleri-canakkale-zaferi-ile-ilgili-etkileyici-ve-duygusal-siirler\/#primaryimage"},"thumbnailUrl":"https:\/\/muhiku.com\/blog\/wp-content\/uploads\/2024\/08\/18-mart-siirleri.webp","datePublished":"2024-08-02T08:57:13+00:00","dateModified":"2025-07-14T08:35:57+00:00","description":"\u00c7anakkale Zaferi'nin hikayesi ve \u00f6nemi, en etkileyici, duygusal ve anlaml\u0131 18 Mart \u015fiirleri i\u00e7in t\u0131klayabilirsiniz.","breadcrumb":{"@id":"https:\/\/muhiku.com\/blog\/18-mart-siirleri-canakkale-zaferi-ile-ilgili-etkileyici-ve-duygusal-siirler\/#breadcrumb"},"inLanguage":"tr","potentialAction":[{"@type":"ReadAction","target":["https:\/\/muhiku.com\/blog\/18-mart-siirleri-canakkale-zaferi-ile-ilgili-etkileyici-ve-duygusal-siirler\/"]}]},{"@type":"ImageObject","inLanguage":"tr","@id":"https:\/\/muhiku.com\/blog\/18-mart-siirleri-canakkale-zaferi-ile-ilgili-etkileyici-ve-duygusal-siirler\/#primaryimage","url":"https:\/\/muhiku.com\/blog\/wp-content\/uploads\/2024\/08\/18-mart-siirleri.webp","contentUrl":"https:\/\/muhiku.com\/blog\/wp-content\/uploads\/2024\/08\/18-mart-siirleri.webp","width":1024,"height":600,"caption":"18-mart-siirleri"},{"@type":"BreadcrumbList","@id":"https:\/\/muhiku.com\/blog\/18-mart-siirleri-canakkale-zaferi-ile-ilgili-etkileyici-ve-duygusal-siirler\/#breadcrumb","itemListElement":[{"@type":"ListItem","position":1,"name":"Blog","item":"https:\/\/muhiku.com\/blog\/"},{"@type":"ListItem","position":2,"name":"18 Mart \u015eiirleri &#8211; \u00c7anakkale Zaferi ile \u0130lgili Etkileyici ve Duygusal \u015eiirler"}]},{"@type":"WebSite","@id":"https:\/\/muhiku.com\/blog\/#website","url":"https:\/\/muhiku.com\/blog\/","name":"Muhiku","description":"Yenilik\u00e7i Hediye Rehberi","publisher":{"@id":"https:\/\/muhiku.com\/blog\/#organization"},"inLanguage":"tr"},{"@type":"Organization","@id":"https:\/\/muhiku.com\/blog\/#organization","name":"Muhiku","url":"https:\/\/muhiku.com\/blog\/","logo":{"@type":"ImageObject","inLanguage":"tr","@id":"https:\/\/muhiku.com\/blog\/#\/schema\/logo\/image\/","url":"https:\/\/muhiku.com\/blog\/wp-content\/uploads\/2019\/04\/logo-kare-1.png","contentUrl":"https:\/\/muhiku.com\/blog\/wp-content\/uploads\/2019\/04\/logo-kare-1.png","width":1080,"height":1080,"caption":"Muhiku"},"image":{"@id":"https:\/\/muhiku.com\/blog\/#\/schema\/logo\/image\/"}},{"@type":"Person","@id":"https:\/\/muhiku.com\/blog\/#\/schema\/person\/0b50be1d52ee74306e1405ad86aac5d5","name":"Dilara Yal\u00e7\u0131n","image":{"@type":"ImageObject","inLanguage":"tr","@id":"https:\/\/muhiku.com\/blog\/#\/schema\/person\/image\/","url":"https:\/\/secure.gravatar.com\/avatar\/f6e97d59731e06ac22101ebcef389e69?s=96&d=mm&r=g","contentUrl":"https:\/\/secure.gravatar.com\/avatar\/f6e97d59731e06ac22101ebcef389e69?s=96&d=mm&r=g","caption":"Dilara Yal\u00e7\u0131n"}}]}},"_links":{"self":[{"href":"https:\/\/muhiku.com\/blog\/wp-json\/wp\/v2\/posts\/98614"}],"collection":[{"href":"https:\/\/muhiku.com\/blog\/wp-json\/wp\/v2\/posts"}],"about":[{"href":"https:\/\/muhiku.com\/blog\/wp-json\/wp\/v2\/types\/post"}],"author":[{"embeddable":true,"href":"https:\/\/muhiku.com\/blog\/wp-json\/wp\/v2\/users\/25"}],"replies":[{"embeddable":true,"href":"https:\/\/muhiku.com\/blog\/wp-json\/wp\/v2\/comments?post=98614"}],"version-history":[{"count":1,"href":"https:\/\/muhiku.com\/blog\/wp-json\/wp\/v2\/posts\/98614\/revisions"}],"predecessor-version":[{"id":98635,"href":"https:\/\/muhiku.com\/blog\/wp-json\/wp\/v2\/posts\/98614\/revisions\/98635"}],"wp:featuredmedia":[{"embeddable":true,"href":"https:\/\/muhiku.com\/blog\/wp-json\/wp\/v2\/media\/98626"}],"wp:attachment":[{"href":"https:\/\/muhiku.com\/blog\/wp-json\/wp\/v2\/media?parent=98614"}],"wp:term":[{"taxonomy":"category","embeddable":true,"href":"https:\/\/muhiku.com\/blog\/wp-json\/wp\/v2\/categories?post=98614"},{"taxonomy":"post_tag","embeddable":true,"href":"https:\/\/muhiku.com\/blog\/wp-json\/wp\/v2\/tags?post=98614"}],"curies":[{"name":"wp","href":"https:\/\/api.w.org\/{rel}","templated":true}]}}