{"id":98570,"date":"2024-08-01T09:48:01","date_gmt":"2024-08-01T06:48:01","guid":{"rendered":"https:\/\/muhiku.com\/blog\/?p=98570"},"modified":"2025-07-14T11:33:47","modified_gmt":"2025-07-14T08:33:47","slug":"resimli-10-kasim-mesajlari-duygusal-ve-anlamli-mesajlar","status":"publish","type":"post","link":"https:\/\/muhiku.com\/blog\/resimli-10-kasim-mesajlari-duygusal-ve-anlamli-mesajlar\/","title":{"rendered":"Resimli 10 Kas\u0131m Mesajlar\u0131 &#8211; Duygusal ve Anlaml\u0131 Mesajlar"},"content":{"rendered":"<p>En duygusal ve anlaml\u0131, <strong>resimli 10 Kas\u0131m mesajlar\u0131<\/strong> i\u00e7in yaz\u0131m\u0131z\u0131n devam\u0131n\u0131 okuyabilirsiniz.<\/p>\n<p>Ulu \u00d6nder Mustafa Kemal Atat\u00fcrk, T\u00fcrkiye Cumhuriyeti&#8217;nin kurucusu ve ilk cumhurba\u015fkan\u0131d\u0131r. \u0130leri g\u00f6r\u00fc\u015fl\u00fcl\u00fc\u011f\u00fc, kararl\u0131l\u0131\u011f\u0131, cesareti ve zekas\u0131yla hepimize ilham olmu\u015ftur. Fikirleri ve duru\u015fu hepimizin rehberidir.<\/p>\n<p>10 Kas\u0131m 1938 g\u00fcn\u00fc aram\u0131zdan bedenen ayr\u0131ld\u0131. Ancak, fikirleri ve sevgisi kalbimizde ya\u015famaya devam ediyor. 10 Kas\u0131m bir yas g\u00fcn\u00fcd\u00fcr. Saat 09.05&#8217;te \u00e7alan sirenler ile herkes sayg\u0131 duru\u015funa ge\u00e7er ve Ata&#8217;m\u0131za olan sevgi ve sayg\u0131s\u0131n\u0131 g\u00f6sterir. Okullarda ve \u00e7e\u015fitli kurumlarda anma t\u00f6renleri d\u00fczenlenir. \u0130nsanlar, sosyal medya hesaplar\u0131ndan yapt\u0131klar\u0131 payla\u015f\u0131mlarla Atat\u00fcrk&#8217;e olan sevgilerini, sayg\u0131lar\u0131n\u0131 ve minnetlerini dile getirirler.<\/p>\n<p>Ne s\u00f6ylersek s\u00f6yleyelim, ona olan sevgimizi ve minnetimizi anlatmaya yetmez. Bu yaz\u0131 vesilesiyle, biz de bir kez daha Ulu \u00d6nder Mustafa Kemal Atat\u00fcrk&#8217;\u00fc sevgi, sayg\u0131, minnet ve \u00f6zlemle an\u0131yoruz. Her daim kalbimizde ve akl\u0131m\u0131zda ya\u015famaya devam edecek.<\/p>\n<p>Sizler i\u00e7in haz\u0131rlad\u0131\u011f\u0131m\u0131z birbirinden anlaml\u0131 ve duygusal resimli 10 Kas\u0131m Mesajlar\u0131.<\/p>\n<h2 id=\"anlamli-10-kasim-mesajlari\">Anlaml\u0131 10 Kas\u0131m Mesajlar\u0131<\/h2>\n<p><img  loading=\"lazy\"  decoding=\"async\"  class=\"alignnone size-medium wp-image-98574 pk-lazyload\"  src=\"data:image\/png;base64,iVBORw0KGgoAAAANSUhEUgAAAyAAAAHVAQMAAAAzfg2oAAAAA1BMVEUAAP+KeNJXAAAAAXRSTlMAQObYZgAAAAlwSFlzAAAOxAAADsQBlSsOGwAAAEVJREFUeNrtwTEBAAAAwqD1T20ND6AAAAAAAAAAAAAAAAAAAAAAAAAAAAAAAAAAAAAAAAAAAAAAAAAAAAAAAAAAAACAWwO5CQABdzoz8gAAAABJRU5ErkJggg==\"  alt=\"anlamli-10-kasim-mesajlari\"  width=\"800\"  height=\"469\"  data-pk-sizes=\"auto\"  data-ls-sizes=\"(max-width: 800px) 100vw, 800px\"  data-pk-src=\"https:\/\/cdn.muhiku.com\/blog\/wp-content\/uploads\/2024\/08\/anlamli-10-kasim-mesajlari-800x469.webp\"  data-pk-srcset=\"https:\/\/muhiku.com\/blog\/wp-content\/uploads\/2024\/08\/anlamli-10-kasim-mesajlari-800x469.webp 800w, https:\/\/muhiku.com\/blog\/wp-content\/uploads\/2024\/08\/anlamli-10-kasim-mesajlari-380x223.webp 380w, https:\/\/muhiku.com\/blog\/wp-content\/uploads\/2024\/08\/anlamli-10-kasim-mesajlari-760x445.webp 760w, https:\/\/muhiku.com\/blog\/wp-content\/uploads\/2024\/08\/anlamli-10-kasim-mesajlari.webp 1024w\" ><\/p>\n<p><strong>\u0130lginizi \u00c7ekebilir:\u00a0<\/strong><a href=\"https:\/\/muhiku.com\/blog\/10-kasim-siirleri-ataturku-anma-ile-ilgili-duygusal-siirler\/\" target=\"_blank\" rel=\"noopener\">Atat\u00fcrk&#8217;\u00fc Anma ile \u0130lgili Duygusal \u015eiirler<\/a><\/p>\n<ul>\n<li>&#8220;Cumhuriyetimizin kurucusu Gazi Mustafa Kemal Atat\u00fcrk&#8217;\u00fc, aram\u0131zdan ayr\u0131l\u0131\u015f\u0131n\u0131n y\u0131l d\u00f6n\u00fcm\u00fcnde sayg\u0131, sevgi ve minnetle an\u0131yoruz.&#8221;<\/li>\n<li>&#8220;Atam\u0131z\u0131, fikirleri ve ink\u0131laplar\u0131yla ya\u015fatmaya devam edece\u011fiz.&#8221;<\/li>\n<li>&#8220;B\u00fcy\u00fck \u00d6nder Atat\u00fcrk&#8217;\u00fc vefat\u0131n\u0131n y\u0131l d\u00f6n\u00fcm\u00fcnde minnetle an\u0131yoruz.&#8221;<\/li>\n<li>&#8220;Mustafa Kemal Atat\u00fcrk, bir milleti karanl\u0131ktan ayd\u0131nl\u0131\u011fa \u00e7\u0131karan liderdir. Onu hi\u00e7 unutmayaca\u011f\u0131z.&#8221;<\/li>\n<li>&#8220;10 Kas\u0131m, bir milletin \u00f6nderine duydu\u011fu derin sayg\u0131 ve minnetin ifadesidir. Atam\u0131z\u0131 rahmet ve \u00f6zlemle an\u0131yoruz.&#8221;<\/li>\n<li>&#8220;Mustafa Kemal Atat\u00fcrk&#8217;\u00fcn izinde, onun ilke ve ink\u0131laplar\u0131na ba\u011fl\u0131 kalarak ayd\u0131nl\u0131k yar\u0131nlara ilerliyoruz.&#8221;<\/li>\n<li>&#8220;Her 10 Kas\u0131m&#8217;da, y\u00fcce \u00f6nderimizi sevgi, sayg\u0131 ve \u00f6zlemle an\u0131yoruz. Onun g\u00f6sterdi\u011fi yolda y\u00fcr\u00fcmeye devam edece\u011fiz.&#8221;<\/li>\n<li>&#8220;Atat\u00fcrk&#8217;\u00fcn bize emanet etti\u011fi Cumhuriyet&#8217;i ilelebet ya\u015fatacak, onun fikirlerini nesiller boyu aktaraca\u011f\u0131z.&#8221;<\/li>\n<li>&#8220;Ulu \u00d6nder Mustafa Kemal Atat\u00fcrk&#8217;\u00fcn aram\u0131zdan ayr\u0131l\u0131\u015f\u0131n\u0131n y\u0131l d\u00f6n\u00fcm\u00fcnde, ona olan sevgimizi ve minnetimizi bir kez daha dile getiriyoruz.&#8221;<\/li>\n<li>&#8220;Fikirleri her daim yolumuzu ayd\u0131nlat\u0131yor. Ruhu \u015fad olsun!&#8221;<\/li>\n<\/ul>\n<h2 id=\"duygusal-10-kasim-mesajlari\">Duygusal 10 Kas\u0131m Mesajlar\u0131<\/h2>\n<p><img  loading=\"lazy\"  decoding=\"async\"  class=\"alignnone size-medium wp-image-98575 pk-lazyload\"  src=\"data:image\/png;base64,iVBORw0KGgoAAAANSUhEUgAAAyAAAAHVAQMAAAAzfg2oAAAAA1BMVEUAAP+KeNJXAAAAAXRSTlMAQObYZgAAAAlwSFlzAAAOxAAADsQBlSsOGwAAAEVJREFUeNrtwTEBAAAAwqD1T20ND6AAAAAAAAAAAAAAAAAAAAAAAAAAAAAAAAAAAAAAAAAAAAAAAAAAAAAAAAAAAACAWwO5CQABdzoz8gAAAABJRU5ErkJggg==\"  alt=\"duygusal-10-kasim-mesajlari\"  width=\"800\"  height=\"469\"  data-pk-sizes=\"auto\"  data-ls-sizes=\"(max-width: 800px) 100vw, 800px\"  data-pk-src=\"https:\/\/cdn.muhiku.com\/blog\/wp-content\/uploads\/2024\/08\/duygusal-10-kasim-mesajlari-800x469.webp\"  data-pk-srcset=\"https:\/\/muhiku.com\/blog\/wp-content\/uploads\/2024\/08\/duygusal-10-kasim-mesajlari-800x469.webp 800w, https:\/\/muhiku.com\/blog\/wp-content\/uploads\/2024\/08\/duygusal-10-kasim-mesajlari-380x223.webp 380w, https:\/\/muhiku.com\/blog\/wp-content\/uploads\/2024\/08\/duygusal-10-kasim-mesajlari-760x445.webp 760w, https:\/\/muhiku.com\/blog\/wp-content\/uploads\/2024\/08\/duygusal-10-kasim-mesajlari.webp 1024w\" ><\/p>\n<ul>\n<li>&#8220;Sensiz ge\u00e7en her y\u0131l, seni daha da \u00f6zlemle an\u0131yoruz Atam.&#8221;<\/li>\n<li>&#8220;Kalbimizdeki sevgi ve minnet, her 10 Kas\u0131m&#8217;da daha da derinle\u015fiyor. Seni unutmayaca\u011f\u0131z.&#8221;<\/li>\n<li>&#8220;Y\u0131llar ge\u00e7se de, senin \u00f6zlemin ve b\u0131rakt\u0131\u011f\u0131n miras hep bizimle. Te\u015fekk\u00fcr ederiz Atam.&#8221;<\/li>\n<li>&#8220;Bir milletin kaderini de\u011fi\u015ftiren b\u00fcy\u00fck lider, seni her ge\u00e7en g\u00fcn daha da \u00f6zl\u00fcyoruz. Sevgiyle an\u0131yoruz.&#8221;<\/li>\n<li>&#8220;Her 10 Kas\u0131m&#8217;da, g\u00f6zlerimizde ya\u015f, kalbimizde sevgi ve \u00f6zlemle seni an\u0131yoruz. Huzur i\u00e7inde yat Atat\u00fcrk.&#8221;<\/li>\n<li>&#8220;Senin \u0131\u015f\u0131\u011f\u0131n, bize her zaman yol g\u00f6stermeye devam edecek. Ruhun \u015fad olsun.&#8221;<\/li>\n<li>&#8220;Sensiz ge\u00e7en her y\u0131l, seni daha \u00e7ok arat\u0131yor. Kalbimizdeki yerin asla dolmayacak. Seni \u00e7ok seviyoruz.&#8221;<\/li>\n<li>&#8220;B\u00fcy\u00fck lider, seni kaybetmenin h\u00fczn\u00fc kalbimizde, b\u0131rakt\u0131\u011f\u0131n miras ise daima yolumuzda.&#8221;<\/li>\n<li>&#8220;Atam, seni her an\u0131m\u0131zda, her nefesimizde hissetmek ve \u00f6zlemek, en b\u00fcy\u00fck gururumuz. Hep kalbimizdesin.&#8221;<\/li>\n<li>&#8220;Her 10 Kas\u0131m&#8217;da seni anarken, \u00f6zlemin y\u00fcre\u011fimizde bir kez daha b\u00fcy\u00fcyor. \u0130yi ki vars\u0131n Atam.&#8221;<\/li>\n<\/ul>\n<h2 id=\"huzunlu-10-kasim-mesajlari\">H\u00fcz\u00fcnl\u00fc 10 Kas\u0131m Mesajlar\u0131<\/h2>\n<p><img  loading=\"lazy\"  decoding=\"async\"  class=\"alignnone size-medium wp-image-98576 pk-lazyload\"  src=\"data:image\/png;base64,iVBORw0KGgoAAAANSUhEUgAAAyAAAAHVAQMAAAAzfg2oAAAAA1BMVEUAAP+KeNJXAAAAAXRSTlMAQObYZgAAAAlwSFlzAAAOxAAADsQBlSsOGwAAAEVJREFUeNrtwTEBAAAAwqD1T20ND6AAAAAAAAAAAAAAAAAAAAAAAAAAAAAAAAAAAAAAAAAAAAAAAAAAAAAAAAAAAACAWwO5CQABdzoz8gAAAABJRU5ErkJggg==\"  alt=\"huzunlu-10-kasim-mesajlari\"  width=\"800\"  height=\"469\"  data-pk-sizes=\"auto\"  data-ls-sizes=\"(max-width: 800px) 100vw, 800px\"  data-pk-src=\"https:\/\/cdn.muhiku.com\/blog\/wp-content\/uploads\/2024\/08\/huzunlu-10-kasim-mesajlari-800x469.webp\"  data-pk-srcset=\"https:\/\/muhiku.com\/blog\/wp-content\/uploads\/2024\/08\/huzunlu-10-kasim-mesajlari-800x469.webp 800w, https:\/\/muhiku.com\/blog\/wp-content\/uploads\/2024\/08\/huzunlu-10-kasim-mesajlari-380x223.webp 380w, https:\/\/muhiku.com\/blog\/wp-content\/uploads\/2024\/08\/huzunlu-10-kasim-mesajlari-760x445.webp 760w, https:\/\/muhiku.com\/blog\/wp-content\/uploads\/2024\/08\/huzunlu-10-kasim-mesajlari.webp 1024w\" ><\/p>\n<ul>\n<li>&#8220;Seni kaybetmenin ac\u0131s\u0131 her 10 Kas\u0131m&#8217;da yeniden kalbimizi yak\u0131yor. \u00d6zlemle an\u0131yoruz Atam.&#8221;<\/li>\n<li>&#8220;Sensiz ge\u00e7en y\u0131llar, \u00f6zleminle daha da h\u00fcz\u00fcnl\u00fc. Ruhun \u015fad olsun, Ulu \u00d6nder.&#8221;<\/li>\n<li>&#8220;Atam, seni aram\u0131zdan ayr\u0131l\u0131\u015f\u0131n\u0131n h\u00fczn\u00fcyle an\u0131yoruz. Seni \u00e7ok seviyoruz.&#8221;<\/li>\n<li>&#8220;Her 10 Kas\u0131m&#8217;da, g\u00f6zlerimizde ya\u015flarla seni an\u0131yoruz. Seni kaybetmenin ac\u0131s\u0131 hi\u00e7 ge\u00e7meyecek.&#8221;<\/li>\n<li>&#8220;B\u00fcy\u00fck liderimizi kaybetmenin h\u00fczn\u00fc, kalbimizde daima taze. Sevgi ve minnetle an\u0131yoruz.&#8221;<\/li>\n<li>&#8220;Sensizli\u011fin h\u00fczn\u00fc her 10 Kas\u0131m&#8217;da y\u00fcre\u011fimizi sarar. Seni asla unutmayaca\u011f\u0131z.&#8221;<\/li>\n<li>&#8220;Atam, sensizli\u011fin ac\u0131s\u0131 kalbimizde derin bir yara olarak kalacak. Sayg\u0131 ve sevgiyle an\u0131yoruz.&#8221;<\/li>\n<li>&#8220;Her 10 Kas\u0131m&#8217;da, y\u00fcre\u011fimizde tarifsiz bir h\u00fcz\u00fcnle seni an\u0131yoruz. Rahmetle an\u0131yoruz.&#8221;<\/li>\n<li>&#8220;Sensiz ge\u00e7en her y\u0131l, \u00f6zlemin ve h\u00fczn\u00fcn daha da derinle\u015fiyor. Seni her daim hat\u0131rlayaca\u011f\u0131z.&#8221;<\/li>\n<li>&#8220;Atat\u00fcrk&#8217;\u00fc kaybetmenin h\u00fczn\u00fc, y\u00fcre\u011fimizde asla dinmeyecek bir ac\u0131. Hep kalbimizdesin Atam.&#8221;<\/li>\n<\/ul>\n<h2 id=\"minnet-dolu-10-kasim-mesajlari\">Minnet Dolu 10 Kas\u0131m Mesajlar\u0131<\/h2>\n<p><img  loading=\"lazy\"  decoding=\"async\"  class=\"alignnone size-medium wp-image-98571 pk-lazyload\"  src=\"data:image\/png;base64,iVBORw0KGgoAAAANSUhEUgAAAyAAAAHVAQMAAAAzfg2oAAAAA1BMVEUAAP+KeNJXAAAAAXRSTlMAQObYZgAAAAlwSFlzAAAOxAAADsQBlSsOGwAAAEVJREFUeNrtwTEBAAAAwqD1T20ND6AAAAAAAAAAAAAAAAAAAAAAAAAAAAAAAAAAAAAAAAAAAAAAAAAAAAAAAAAAAACAWwO5CQABdzoz8gAAAABJRU5ErkJggg==\"  alt=\"minnet-dolu-10-kasim-mesajlari\"  width=\"800\"  height=\"469\"  data-pk-sizes=\"auto\"  data-ls-sizes=\"(max-width: 800px) 100vw, 800px\"  data-pk-src=\"https:\/\/cdn.muhiku.com\/blog\/wp-content\/uploads\/2024\/08\/minnet-dolu-10-kasim-mesajlari-800x469.webp\"  data-pk-srcset=\"https:\/\/muhiku.com\/blog\/wp-content\/uploads\/2024\/08\/minnet-dolu-10-kasim-mesajlari-800x469.webp 800w, https:\/\/muhiku.com\/blog\/wp-content\/uploads\/2024\/08\/minnet-dolu-10-kasim-mesajlari-380x223.webp 380w, https:\/\/muhiku.com\/blog\/wp-content\/uploads\/2024\/08\/minnet-dolu-10-kasim-mesajlari-760x445.webp 760w, https:\/\/muhiku.com\/blog\/wp-content\/uploads\/2024\/08\/minnet-dolu-10-kasim-mesajlari.webp 1024w\" ><\/p>\n<ul>\n<li>&#8220;Cumhuriyetimizin kurucusu Mustafa Kemal Atat\u00fcrk&#8217;e sonsuz minnet ve \u015f\u00fckranlar\u0131m\u0131z\u0131 sunuyoruz.&#8221;<\/li>\n<li>&#8220;Ulu \u00d6nder, bize b\u0131rakt\u0131\u011f\u0131n bu cennet vatan i\u00e7in sana her daim minnettar kalaca\u011f\u0131z. Seni \u00e7ok seviyoruz.&#8221;<\/li>\n<li>&#8220;Her 10 Kas\u0131m&#8217;da, Atat\u00fcrk&#8217;e olan minnetimizi ve sevgimizi bir kez daha dile getiriyoruz. Seni hi\u00e7 unutmayaca\u011f\u0131z.&#8221;<\/li>\n<li>&#8220;Atat\u00fcrk&#8217;\u00fcn bize kazand\u0131rd\u0131\u011f\u0131 de\u011ferler ve ilkeler i\u00e7in ona minnettar\u0131z. Onun izinde ilerlemeye devam edece\u011fiz.&#8221;<\/li>\n<li>&#8220;B\u00fcy\u00fck liderimizi sayg\u0131 ve minnetle an\u0131yoruz. Bize b\u0131rakt\u0131\u011f\u0131n emanetlere her zaman sahip \u00e7\u0131kaca\u011f\u0131z.&#8221;<\/li>\n<li>&#8220;Atam, bize g\u00f6sterdi\u011fin yol i\u00e7in sana sonsuz minnettar\u0131z.&#8221;<\/li>\n<li>&#8220;Bize b\u0131rakt\u0131\u011f\u0131n de\u011ferli miras i\u00e7in sana minnettar\u0131z Atam. Her zaman izindeyiz.&#8221;<\/li>\n<li>&#8220;B\u00fcy\u00fck \u00f6nderimiz Atat\u00fcrk&#8217;e olan minnetimiz ve sevgimiz hi\u00e7 bitmeyecek.&#8221;<\/li>\n<li>&#8220;Sana ne kadar te\u015fekk\u00fcr etsek de hakk\u0131n\u0131 \u00f6deyemeyiz. Seni \u00e7ok seviyoruz Atam.&#8221;<\/li>\n<li>&#8220;Can\u0131m Atam, minnettar\u0131z.&#8221;<\/li>\n<\/ul>\n<h2 id=\"10-kasim-mesajlari-uzun\">10 Kas\u0131m Mesajlar\u0131 Uzun<\/h2>\n<p><img  loading=\"lazy\"  decoding=\"async\"  class=\"alignnone size-medium wp-image-98573 pk-lazyload\"  src=\"data:image\/png;base64,iVBORw0KGgoAAAANSUhEUgAAAyAAAAHVAQMAAAAzfg2oAAAAA1BMVEUAAP+KeNJXAAAAAXRSTlMAQObYZgAAAAlwSFlzAAAOxAAADsQBlSsOGwAAAEVJREFUeNrtwTEBAAAAwqD1T20ND6AAAAAAAAAAAAAAAAAAAAAAAAAAAAAAAAAAAAAAAAAAAAAAAAAAAAAAAAAAAACAWwO5CQABdzoz8gAAAABJRU5ErkJggg==\"  alt=\"10-kasim-mesajlari-uzun\"  width=\"800\"  height=\"469\"  data-pk-sizes=\"auto\"  data-ls-sizes=\"(max-width: 800px) 100vw, 800px\"  data-pk-src=\"https:\/\/cdn.muhiku.com\/blog\/wp-content\/uploads\/2024\/08\/10-kasim-mesajlari-uzun-800x469.webp\"  data-pk-srcset=\"https:\/\/muhiku.com\/blog\/wp-content\/uploads\/2024\/08\/10-kasim-mesajlari-uzun-800x469.webp 800w, https:\/\/muhiku.com\/blog\/wp-content\/uploads\/2024\/08\/10-kasim-mesajlari-uzun-380x223.webp 380w, https:\/\/muhiku.com\/blog\/wp-content\/uploads\/2024\/08\/10-kasim-mesajlari-uzun-760x445.webp 760w, https:\/\/muhiku.com\/blog\/wp-content\/uploads\/2024\/08\/10-kasim-mesajlari-uzun.webp 1024w\" ><\/p>\n<ul>\n<li>&#8220;Cumhuriyetimizin kurucusu Mustafa Kemal Atat\u00fcrk&#8217;\u00fc aram\u0131zdan ayr\u0131l\u0131\u015f\u0131n\u0131n y\u0131l d\u00f6n\u00fcm\u00fcnde sayg\u0131, sevgi ve \u00f6zlemle an\u0131yoruz. Onun bize emanet etti\u011fi de\u011ferler ve ilkeler \u0131\u015f\u0131\u011f\u0131nda, \u00fclkemizi daha ayd\u0131nl\u0131k g\u00fcnlere ta\u015f\u0131mak i\u00e7in \u00e7al\u0131\u015fmaya devam edece\u011fiz.&#8221;<\/li>\n<li>&#8220;Atat\u00fcrk, bir milletin kaderini de\u011fi\u015ftiren, ona \u00f6zg\u00fcrl\u00fc\u011f\u00fcn\u00fc ve ba\u011f\u0131ms\u0131zl\u0131\u011f\u0131n\u0131 kazand\u0131ran b\u00fcy\u00fck bir liderdir. Her 10 Kas\u0131m&#8217;da, onun aziz hat\u0131ras\u0131n\u0131 anarken, b\u0131rakt\u0131\u011f\u0131 miras\u0131 gelece\u011fe ta\u015f\u0131ma kararl\u0131l\u0131\u011f\u0131m\u0131z\u0131 tazeliyoruz. \u00d6zlemle ve sayg\u0131yla an\u0131yoruz.&#8221;<\/li>\n<li>&#8220;Ulu \u00d6nder Mustafa Kemal Atat\u00fcrk&#8217;\u00fc vefat\u0131n\u0131n y\u0131l d\u00f6n\u00fcm\u00fcnde sayg\u0131yla anarken, onun ink\u0131laplar\u0131n\u0131 ve ideallerini ya\u015fatman\u0131n gururunu ta\u015f\u0131yoruz. Atat\u00fcrk&#8217;\u00fcn bize b\u0131rakt\u0131\u011f\u0131 emanetlere sahip \u00e7\u0131kacak ve onlar\u0131 gelecek nesillere ta\u015f\u0131yaca\u011f\u0131z.&#8221;<\/li>\n<li>&#8220;10 Kas\u0131m, sadece bir anma g\u00fcn\u00fc de\u011fil, ayn\u0131 zamanda Atat\u00fcrk&#8217;\u00fcn bize b\u0131rakt\u0131\u011f\u0131 de\u011ferleri hat\u0131rlama ve onlar\u0131 ya\u015fatma g\u00fcn\u00fcd\u00fcr. Her 10 Kas\u0131m&#8217;da, onun g\u00f6sterdi\u011fi yolda ilerlemeye olan kararl\u0131l\u0131\u011f\u0131m\u0131z\u0131 bir kez daha dile getiriyoruz. Sevgi ve sayg\u0131yla an\u0131yoruz, Atam.&#8221;<\/li>\n<li>&#8220;Mustafa Kemal Atat\u00fcrk, bir milletin ba\u011f\u0131ms\u0131zl\u0131k m\u00fccadelesine \u00f6nc\u00fcl\u00fck etmi\u015f ve modern T\u00fcrkiye Cumhuriyeti&#8217;ni kurmu\u015ftur. Her 10 Kas\u0131m&#8217;da, onun aziz hat\u0131ras\u0131n\u0131 anarken, ona olan minnetimizi ve sayg\u0131m\u0131z\u0131 bir kez daha dile getiriyoruz. Onun izinde, onun ilkeleriyle ilerleyece\u011fiz.&#8221;<\/li>\n<\/ul>\n<h2 id=\"kisa-10-kasim-mesajlari\">K\u0131sa 10 Kas\u0131m Mesajlar\u0131<\/h2>\n<p><img  loading=\"lazy\"  decoding=\"async\"  class=\"alignnone size-medium wp-image-98577 pk-lazyload\"  src=\"data:image\/png;base64,iVBORw0KGgoAAAANSUhEUgAAAyAAAAHVAQMAAAAzfg2oAAAAA1BMVEUAAP+KeNJXAAAAAXRSTlMAQObYZgAAAAlwSFlzAAAOxAAADsQBlSsOGwAAAEVJREFUeNrtwTEBAAAAwqD1T20ND6AAAAAAAAAAAAAAAAAAAAAAAAAAAAAAAAAAAAAAAAAAAAAAAAAAAAAAAAAAAACAWwO5CQABdzoz8gAAAABJRU5ErkJggg==\"  alt=\"kisa-10-kasim-mesajlari\"  width=\"800\"  height=\"469\"  data-pk-sizes=\"auto\"  data-ls-sizes=\"(max-width: 800px) 100vw, 800px\"  data-pk-src=\"https:\/\/cdn.muhiku.com\/blog\/wp-content\/uploads\/2024\/08\/kisa-10-kasim-mesajlari-800x469.webp\"  data-pk-srcset=\"https:\/\/muhiku.com\/blog\/wp-content\/uploads\/2024\/08\/kisa-10-kasim-mesajlari-800x469.webp 800w, https:\/\/muhiku.com\/blog\/wp-content\/uploads\/2024\/08\/kisa-10-kasim-mesajlari-380x223.webp 380w, https:\/\/muhiku.com\/blog\/wp-content\/uploads\/2024\/08\/kisa-10-kasim-mesajlari-760x445.webp 760w, https:\/\/muhiku.com\/blog\/wp-content\/uploads\/2024\/08\/kisa-10-kasim-mesajlari.webp 1024w\" ><\/p>\n<ul>\n<li>&#8220;Atam, \u00f6zlemle an\u0131yoruz.&#8221;<\/li>\n<li>&#8220;Sayg\u0131 ve minnetle.&#8221;<\/li>\n<li>&#8220;Her 10 Kas\u0131m, seni daha \u00e7ok \u00f6zl\u00fcyoruz.&#8221;<\/li>\n<li>&#8220;Unutmad\u0131k, unutmayaca\u011f\u0131z.&#8221;<\/li>\n<li>&#8220;Her daim kalbimizde.&#8221;<\/li>\n<li>&#8220;Atam, \u0131\u015f\u0131\u011f\u0131n yolumuzu ayd\u0131nlat\u0131yor.&#8221;<\/li>\n<li>&#8220;Her daim izindeyiz.&#8221;<\/li>\n<\/ul>\n","protected":false},"excerpt":{"rendered":"En duygusal ve anlaml\u0131, resimli 10 Kas\u0131m mesajlar\u0131 i\u00e7in yaz\u0131m\u0131z\u0131n devam\u0131n\u0131 okuyabilirsiniz. Ulu \u00d6nder Mustafa Kemal Atat\u00fcrk, T\u00fcrkiye&hellip;\n","protected":false},"author":25,"featured_media":98572,"comment_status":"open","ping_status":"open","sticky":false,"template":"","format":"standard","meta":{"footnotes":""},"categories":[437],"tags":[],"yoast_head":"<!-- This site is optimized with the Yoast SEO plugin v22.5 - https:\/\/yoast.com\/wordpress\/plugins\/seo\/ -->\n<title>Resimli 10 Kas\u0131m Mesajlar\u0131 - Duygusal ve Anlaml\u0131 Mesajlar - Muhiku<\/title>\n<meta name=\"description\" content=\"Mustafa Kemal Atat\u00fcrk&#039;\u00fc vefat\u0131n\u0131n y\u0131l d\u00f6n\u00fcm\u00fcnde duygusal ve anlaml\u0131 bir mesajla anabilirsiniz. Resimli 10 Kas\u0131m mesajlar\u0131 i\u00e7in t\u0131klay\u0131n.\" \/>\n<meta name=\"robots\" content=\"index, follow, max-snippet:-1, max-image-preview:large, max-video-preview:-1\" \/>\n<link rel=\"canonical\" href=\"https:\/\/muhiku.com\/blog\/resimli-10-kasim-mesajlari-duygusal-ve-anlamli-mesajlar\/\" \/>\n<meta property=\"og:locale\" content=\"tr_TR\" \/>\n<meta property=\"og:type\" content=\"article\" \/>\n<meta property=\"og:title\" content=\"Resimli 10 Kas\u0131m Mesajlar\u0131 - Duygusal ve Anlaml\u0131 Mesajlar - Muhiku\" \/>\n<meta property=\"og:description\" content=\"Mustafa Kemal Atat\u00fcrk&#039;\u00fc vefat\u0131n\u0131n y\u0131l d\u00f6n\u00fcm\u00fcnde duygusal ve anlaml\u0131 bir mesajla anabilirsiniz. Resimli 10 Kas\u0131m mesajlar\u0131 i\u00e7in t\u0131klay\u0131n.\" \/>\n<meta property=\"og:url\" content=\"https:\/\/muhiku.com\/blog\/resimli-10-kasim-mesajlari-duygusal-ve-anlamli-mesajlar\/\" \/>\n<meta property=\"og:site_name\" content=\"Muhiku\" \/>\n<meta property=\"article:published_time\" content=\"2024-08-01T06:48:01+00:00\" \/>\n<meta property=\"article:modified_time\" content=\"2025-07-14T08:33:47+00:00\" \/>\n<meta property=\"og:image\" content=\"https:\/\/cdn.muhiku.com\/blog\/wp-content\/uploads\/2024\/08\/resimli-10-kasim-mesajlari.webp?x28031\" \/>\n\t<meta property=\"og:image:width\" content=\"1024\" \/>\n\t<meta property=\"og:image:height\" content=\"600\" \/>\n\t<meta property=\"og:image:type\" content=\"image\/webp\" \/>\n<meta name=\"author\" content=\"Dilara Yal\u00e7\u0131n\" \/>\n<meta name=\"twitter:card\" content=\"summary_large_image\" \/>\n<meta name=\"twitter:label1\" content=\"Written by\" \/>\n\t<meta name=\"twitter:data1\" content=\"Dilara Yal\u00e7\u0131n\" \/>\n\t<meta name=\"twitter:label2\" content=\"Est. reading time\" \/>\n\t<meta name=\"twitter:data2\" content=\"7 dakika\" \/>\n<script type=\"application\/ld+json\" class=\"yoast-schema-graph\">{\"@context\":\"https:\/\/schema.org\",\"@graph\":[{\"@type\":\"Article\",\"@id\":\"https:\/\/muhiku.com\/blog\/resimli-10-kasim-mesajlari-duygusal-ve-anlamli-mesajlar\/#article\",\"isPartOf\":{\"@id\":\"https:\/\/muhiku.com\/blog\/resimli-10-kasim-mesajlari-duygusal-ve-anlamli-mesajlar\/\"},\"author\":{\"name\":\"Dilara Yal\u00e7\u0131n\",\"@id\":\"https:\/\/muhiku.com\/blog\/#\/schema\/person\/0b50be1d52ee74306e1405ad86aac5d5\",\"url\":\"https:\/\/muhiku.com\/blog\/\"},\"headline\":\"Resimli 10 Kas\u0131m Mesajlar\u0131 &#8211; Duygusal ve Anlaml\u0131 Mesajlar\",\"datePublished\":\"2024-08-01T06:48:01+00:00\",\"dateModified\":\"2025-07-14T08:33:47+00:00\",\"mainEntityOfPage\":{\"@id\":\"https:\/\/muhiku.com\/blog\/resimli-10-kasim-mesajlari-duygusal-ve-anlamli-mesajlar\/\"},\"wordCount\":1218,\"commentCount\":0,\"publisher\":{\"@id\":\"https:\/\/muhiku.com\/blog\/#organization\"},\"image\":{\"@id\":\"https:\/\/muhiku.com\/blog\/resimli-10-kasim-mesajlari-duygusal-ve-anlamli-mesajlar\/#primaryimage\"},\"thumbnailUrl\":\"https:\/\/muhiku.com\/blog\/wp-content\/uploads\/2024\/08\/resimli-10-kasim-mesajlari.webp\",\"articleSection\":[\"Mesajlar\"],\"inLanguage\":\"tr\",\"potentialAction\":[{\"@type\":\"CommentAction\",\"name\":\"Comment\",\"target\":[\"https:\/\/muhiku.com\/blog\/resimli-10-kasim-mesajlari-duygusal-ve-anlamli-mesajlar\/#respond\"]}]},{\"@type\":\"WebPage\",\"@id\":\"https:\/\/muhiku.com\/blog\/resimli-10-kasim-mesajlari-duygusal-ve-anlamli-mesajlar\/\",\"url\":\"https:\/\/muhiku.com\/blog\/resimli-10-kasim-mesajlari-duygusal-ve-anlamli-mesajlar\/\",\"name\":\"Resimli 10 Kas\u0131m Mesajlar\u0131 - Duygusal ve Anlaml\u0131 Mesajlar - Muhiku\",\"isPartOf\":{\"@id\":\"https:\/\/muhiku.com\/blog\/#website\"},\"primaryImageOfPage\":{\"@id\":\"https:\/\/muhiku.com\/blog\/resimli-10-kasim-mesajlari-duygusal-ve-anlamli-mesajlar\/#primaryimage\"},\"image\":{\"@id\":\"https:\/\/muhiku.com\/blog\/resimli-10-kasim-mesajlari-duygusal-ve-anlamli-mesajlar\/#primaryimage\"},\"thumbnailUrl\":\"https:\/\/muhiku.com\/blog\/wp-content\/uploads\/2024\/08\/resimli-10-kasim-mesajlari.webp\",\"datePublished\":\"2024-08-01T06:48:01+00:00\",\"dateModified\":\"2025-07-14T08:33:47+00:00\",\"description\":\"Mustafa Kemal Atat\u00fcrk'\u00fc vefat\u0131n\u0131n y\u0131l d\u00f6n\u00fcm\u00fcnde duygusal ve anlaml\u0131 bir mesajla anabilirsiniz. Resimli 10 Kas\u0131m mesajlar\u0131 i\u00e7in t\u0131klay\u0131n.\",\"breadcrumb\":{\"@id\":\"https:\/\/muhiku.com\/blog\/resimli-10-kasim-mesajlari-duygusal-ve-anlamli-mesajlar\/#breadcrumb\"},\"inLanguage\":\"tr\",\"potentialAction\":[{\"@type\":\"ReadAction\",\"target\":[\"https:\/\/muhiku.com\/blog\/resimli-10-kasim-mesajlari-duygusal-ve-anlamli-mesajlar\/\"]}]},{\"@type\":\"ImageObject\",\"inLanguage\":\"tr\",\"@id\":\"https:\/\/muhiku.com\/blog\/resimli-10-kasim-mesajlari-duygusal-ve-anlamli-mesajlar\/#primaryimage\",\"url\":\"https:\/\/muhiku.com\/blog\/wp-content\/uploads\/2024\/08\/resimli-10-kasim-mesajlari.webp\",\"contentUrl\":\"https:\/\/muhiku.com\/blog\/wp-content\/uploads\/2024\/08\/resimli-10-kasim-mesajlari.webp\",\"width\":1024,\"height\":600,\"caption\":\"resimli-10-kasim-mesajlari\"},{\"@type\":\"BreadcrumbList\",\"@id\":\"https:\/\/muhiku.com\/blog\/resimli-10-kasim-mesajlari-duygusal-ve-anlamli-mesajlar\/#breadcrumb\",\"itemListElement\":[{\"@type\":\"ListItem\",\"position\":1,\"name\":\"Blog\",\"item\":\"https:\/\/muhiku.com\/blog\/\"},{\"@type\":\"ListItem\",\"position\":2,\"name\":\"Resimli 10 Kas\u0131m Mesajlar\u0131 &#8211; Duygusal ve Anlaml\u0131 Mesajlar\"}]},{\"@type\":\"WebSite\",\"@id\":\"https:\/\/muhiku.com\/blog\/#website\",\"url\":\"https:\/\/muhiku.com\/blog\/\",\"name\":\"Muhiku\",\"description\":\"Yenilik\u00e7i Hediye Rehberi\",\"publisher\":{\"@id\":\"https:\/\/muhiku.com\/blog\/#organization\"},\"inLanguage\":\"tr\"},{\"@type\":\"Organization\",\"@id\":\"https:\/\/muhiku.com\/blog\/#organization\",\"name\":\"Muhiku\",\"url\":\"https:\/\/muhiku.com\/blog\/\",\"logo\":{\"@type\":\"ImageObject\",\"inLanguage\":\"tr\",\"@id\":\"https:\/\/muhiku.com\/blog\/#\/schema\/logo\/image\/\",\"url\":\"https:\/\/muhiku.com\/blog\/wp-content\/uploads\/2019\/04\/logo-kare-1.png\",\"contentUrl\":\"https:\/\/muhiku.com\/blog\/wp-content\/uploads\/2019\/04\/logo-kare-1.png\",\"width\":1080,\"height\":1080,\"caption\":\"Muhiku\"},\"image\":{\"@id\":\"https:\/\/muhiku.com\/blog\/#\/schema\/logo\/image\/\"}},{\"@type\":\"Person\",\"@id\":\"https:\/\/muhiku.com\/blog\/#\/schema\/person\/0b50be1d52ee74306e1405ad86aac5d5\",\"name\":\"Dilara Yal\u00e7\u0131n\",\"image\":{\"@type\":\"ImageObject\",\"inLanguage\":\"tr\",\"@id\":\"https:\/\/muhiku.com\/blog\/#\/schema\/person\/image\/\",\"url\":\"https:\/\/secure.gravatar.com\/avatar\/f6e97d59731e06ac22101ebcef389e69?s=96&d=mm&r=g\",\"contentUrl\":\"https:\/\/secure.gravatar.com\/avatar\/f6e97d59731e06ac22101ebcef389e69?s=96&d=mm&r=g\",\"caption\":\"Dilara Yal\u00e7\u0131n\"}}]}<\/script>\n<!-- \/ Yoast SEO plugin. -->","yoast_head_json":{"title":"Resimli 10 Kas\u0131m Mesajlar\u0131 - Duygusal ve Anlaml\u0131 Mesajlar - Muhiku","description":"Mustafa Kemal Atat\u00fcrk'\u00fc vefat\u0131n\u0131n y\u0131l d\u00f6n\u00fcm\u00fcnde duygusal ve anlaml\u0131 bir mesajla anabilirsiniz. Resimli 10 Kas\u0131m mesajlar\u0131 i\u00e7in t\u0131klay\u0131n.","robots":{"index":"index","follow":"follow","max-snippet":"max-snippet:-1","max-image-preview":"max-image-preview:large","max-video-preview":"max-video-preview:-1"},"canonical":"https:\/\/muhiku.com\/blog\/resimli-10-kasim-mesajlari-duygusal-ve-anlamli-mesajlar\/","og_locale":"tr_TR","og_type":"article","og_title":"Resimli 10 Kas\u0131m Mesajlar\u0131 - Duygusal ve Anlaml\u0131 Mesajlar - Muhiku","og_description":"Mustafa Kemal Atat\u00fcrk'\u00fc vefat\u0131n\u0131n y\u0131l d\u00f6n\u00fcm\u00fcnde duygusal ve anlaml\u0131 bir mesajla anabilirsiniz. Resimli 10 Kas\u0131m mesajlar\u0131 i\u00e7in t\u0131klay\u0131n.","og_url":"https:\/\/muhiku.com\/blog\/resimli-10-kasim-mesajlari-duygusal-ve-anlamli-mesajlar\/","og_site_name":"Muhiku","article_published_time":"2024-08-01T06:48:01+00:00","article_modified_time":"2025-07-14T08:33:47+00:00","og_image":[{"width":1024,"height":600,"url":"https:\/\/cdn.muhiku.com\/blog\/wp-content\/uploads\/2024\/08\/resimli-10-kasim-mesajlari.webp?x28031","type":"image\/webp"}],"author":"Dilara Yal\u00e7\u0131n","twitter_card":"summary_large_image","twitter_misc":{"Written by":"Dilara Yal\u00e7\u0131n","Est. reading time":"7 dakika"},"schema":{"@context":"https:\/\/schema.org","@graph":[{"@type":"Article","@id":"https:\/\/muhiku.com\/blog\/resimli-10-kasim-mesajlari-duygusal-ve-anlamli-mesajlar\/#article","isPartOf":{"@id":"https:\/\/muhiku.com\/blog\/resimli-10-kasim-mesajlari-duygusal-ve-anlamli-mesajlar\/"},"author":{"name":"Dilara Yal\u00e7\u0131n","@id":"https:\/\/muhiku.com\/blog\/#\/schema\/person\/0b50be1d52ee74306e1405ad86aac5d5","url":"https:\/\/muhiku.com\/blog\/"},"headline":"Resimli 10 Kas\u0131m Mesajlar\u0131 &#8211; Duygusal ve Anlaml\u0131 Mesajlar","datePublished":"2024-08-01T06:48:01+00:00","dateModified":"2025-07-14T08:33:47+00:00","mainEntityOfPage":{"@id":"https:\/\/muhiku.com\/blog\/resimli-10-kasim-mesajlari-duygusal-ve-anlamli-mesajlar\/"},"wordCount":1218,"commentCount":0,"publisher":{"@id":"https:\/\/muhiku.com\/blog\/#organization"},"image":{"@id":"https:\/\/muhiku.com\/blog\/resimli-10-kasim-mesajlari-duygusal-ve-anlamli-mesajlar\/#primaryimage"},"thumbnailUrl":"https:\/\/muhiku.com\/blog\/wp-content\/uploads\/2024\/08\/resimli-10-kasim-mesajlari.webp","articleSection":["Mesajlar"],"inLanguage":"tr","potentialAction":[{"@type":"CommentAction","name":"Comment","target":["https:\/\/muhiku.com\/blog\/resimli-10-kasim-mesajlari-duygusal-ve-anlamli-mesajlar\/#respond"]}]},{"@type":"WebPage","@id":"https:\/\/muhiku.com\/blog\/resimli-10-kasim-mesajlari-duygusal-ve-anlamli-mesajlar\/","url":"https:\/\/muhiku.com\/blog\/resimli-10-kasim-mesajlari-duygusal-ve-anlamli-mesajlar\/","name":"Resimli 10 Kas\u0131m Mesajlar\u0131 - Duygusal ve Anlaml\u0131 Mesajlar - Muhiku","isPartOf":{"@id":"https:\/\/muhiku.com\/blog\/#website"},"primaryImageOfPage":{"@id":"https:\/\/muhiku.com\/blog\/resimli-10-kasim-mesajlari-duygusal-ve-anlamli-mesajlar\/#primaryimage"},"image":{"@id":"https:\/\/muhiku.com\/blog\/resimli-10-kasim-mesajlari-duygusal-ve-anlamli-mesajlar\/#primaryimage"},"thumbnailUrl":"https:\/\/muhiku.com\/blog\/wp-content\/uploads\/2024\/08\/resimli-10-kasim-mesajlari.webp","datePublished":"2024-08-01T06:48:01+00:00","dateModified":"2025-07-14T08:33:47+00:00","description":"Mustafa Kemal Atat\u00fcrk'\u00fc vefat\u0131n\u0131n y\u0131l d\u00f6n\u00fcm\u00fcnde duygusal ve anlaml\u0131 bir mesajla anabilirsiniz. Resimli 10 Kas\u0131m mesajlar\u0131 i\u00e7in t\u0131klay\u0131n.","breadcrumb":{"@id":"https:\/\/muhiku.com\/blog\/resimli-10-kasim-mesajlari-duygusal-ve-anlamli-mesajlar\/#breadcrumb"},"inLanguage":"tr","potentialAction":[{"@type":"ReadAction","target":["https:\/\/muhiku.com\/blog\/resimli-10-kasim-mesajlari-duygusal-ve-anlamli-mesajlar\/"]}]},{"@type":"ImageObject","inLanguage":"tr","@id":"https:\/\/muhiku.com\/blog\/resimli-10-kasim-mesajlari-duygusal-ve-anlamli-mesajlar\/#primaryimage","url":"https:\/\/muhiku.com\/blog\/wp-content\/uploads\/2024\/08\/resimli-10-kasim-mesajlari.webp","contentUrl":"https:\/\/muhiku.com\/blog\/wp-content\/uploads\/2024\/08\/resimli-10-kasim-mesajlari.webp","width":1024,"height":600,"caption":"resimli-10-kasim-mesajlari"},{"@type":"BreadcrumbList","@id":"https:\/\/muhiku.com\/blog\/resimli-10-kasim-mesajlari-duygusal-ve-anlamli-mesajlar\/#breadcrumb","itemListElement":[{"@type":"ListItem","position":1,"name":"Blog","item":"https:\/\/muhiku.com\/blog\/"},{"@type":"ListItem","position":2,"name":"Resimli 10 Kas\u0131m Mesajlar\u0131 &#8211; Duygusal ve Anlaml\u0131 Mesajlar"}]},{"@type":"WebSite","@id":"https:\/\/muhiku.com\/blog\/#website","url":"https:\/\/muhiku.com\/blog\/","name":"Muhiku","description":"Yenilik\u00e7i Hediye Rehberi","publisher":{"@id":"https:\/\/muhiku.com\/blog\/#organization"},"inLanguage":"tr"},{"@type":"Organization","@id":"https:\/\/muhiku.com\/blog\/#organization","name":"Muhiku","url":"https:\/\/muhiku.com\/blog\/","logo":{"@type":"ImageObject","inLanguage":"tr","@id":"https:\/\/muhiku.com\/blog\/#\/schema\/logo\/image\/","url":"https:\/\/muhiku.com\/blog\/wp-content\/uploads\/2019\/04\/logo-kare-1.png","contentUrl":"https:\/\/muhiku.com\/blog\/wp-content\/uploads\/2019\/04\/logo-kare-1.png","width":1080,"height":1080,"caption":"Muhiku"},"image":{"@id":"https:\/\/muhiku.com\/blog\/#\/schema\/logo\/image\/"}},{"@type":"Person","@id":"https:\/\/muhiku.com\/blog\/#\/schema\/person\/0b50be1d52ee74306e1405ad86aac5d5","name":"Dilara Yal\u00e7\u0131n","image":{"@type":"ImageObject","inLanguage":"tr","@id":"https:\/\/muhiku.com\/blog\/#\/schema\/person\/image\/","url":"https:\/\/secure.gravatar.com\/avatar\/f6e97d59731e06ac22101ebcef389e69?s=96&d=mm&r=g","contentUrl":"https:\/\/secure.gravatar.com\/avatar\/f6e97d59731e06ac22101ebcef389e69?s=96&d=mm&r=g","caption":"Dilara Yal\u00e7\u0131n"}}]}},"_links":{"self":[{"href":"https:\/\/muhiku.com\/blog\/wp-json\/wp\/v2\/posts\/98570"}],"collection":[{"href":"https:\/\/muhiku.com\/blog\/wp-json\/wp\/v2\/posts"}],"about":[{"href":"https:\/\/muhiku.com\/blog\/wp-json\/wp\/v2\/types\/post"}],"author":[{"embeddable":true,"href":"https:\/\/muhiku.com\/blog\/wp-json\/wp\/v2\/users\/25"}],"replies":[{"embeddable":true,"href":"https:\/\/muhiku.com\/blog\/wp-json\/wp\/v2\/comments?post=98570"}],"version-history":[{"count":1,"href":"https:\/\/muhiku.com\/blog\/wp-json\/wp\/v2\/posts\/98570\/revisions"}],"predecessor-version":[{"id":98578,"href":"https:\/\/muhiku.com\/blog\/wp-json\/wp\/v2\/posts\/98570\/revisions\/98578"}],"wp:featuredmedia":[{"embeddable":true,"href":"https:\/\/muhiku.com\/blog\/wp-json\/wp\/v2\/media\/98572"}],"wp:attachment":[{"href":"https:\/\/muhiku.com\/blog\/wp-json\/wp\/v2\/media?parent=98570"}],"wp:term":[{"taxonomy":"category","embeddable":true,"href":"https:\/\/muhiku.com\/blog\/wp-json\/wp\/v2\/categories?post=98570"},{"taxonomy":"post_tag","embeddable":true,"href":"https:\/\/muhiku.com\/blog\/wp-json\/wp\/v2\/tags?post=98570"}],"curies":[{"name":"wp","href":"https:\/\/api.w.org\/{rel}","templated":true}]}}