{"id":96690,"date":"2024-05-24T16:37:39","date_gmt":"2024-05-24T13:37:39","guid":{"rendered":"https:\/\/muhiku.com\/blog\/?p=96690"},"modified":"2025-07-11T14:56:08","modified_gmt":"2025-07-11T11:56:08","slug":"ataturk-sozleri","status":"publish","type":"post","link":"https:\/\/muhiku.com\/blog\/ataturk-sozleri\/","title":{"rendered":"Atat\u00fcrk S\u00f6zleri &#8211; Ulu \u00d6nder Mustafa Kemal Atat\u00fcrk&#8217;\u00fcn En G\u00fczel S\u00f6zleri"},"content":{"rendered":"<p>Mustafa Kemal Atat\u00fcrk, T\u00fcrkiye Cumhuriyeti&#8217;nin kurucusu ve b\u00fcy\u00fck bir lider olarak tarihe ad\u0131n\u0131 alt\u0131n harflerle yazd\u0131rm\u0131\u015ft\u0131r. Onun d\u00fc\u015f\u00fcnceleri, s\u00f6zleri ve vizyonu, sadece T\u00fcrkiye&#8217;de de\u011fil, d\u00fcnya genelinde bir\u00e7ok insan i\u00e7in ilham kayna\u011f\u0131 olmu\u015ftur. Biz de kurucumuz Ulu \u00d6nder Mustafa Kemal <strong>Atat\u00fcrk s\u00f6zleri<\/strong> ile dolu bir i\u00e7erik haz\u0131rlad\u0131k.<\/p>\n<p>Atat\u00fcrk&#8217;\u00fcn hayat\u0131na \u0131\u015f\u0131k tutan ve onun ileri g\u00f6r\u00fc\u015fl\u00fcl\u00fc\u011f\u00fcn\u00fc, kararl\u0131l\u0131\u011f\u0131n\u0131 ve insan sevgisini yans\u0131tan s\u00f6zlerini derledik. Atat\u00fcrk&#8217;\u00fcn s\u00f6zleri, sadece bir liderin de\u011fil, ayn\u0131 zamanda bir d\u00fc\u015f\u00fcn\u00fcr\u00fcn ve halk\u0131n\u0131 ayd\u0131nlatmay\u0131 ama\u00e7 edinmi\u015f bir rehberin kaleminden d\u00f6k\u00fclm\u00fc\u015f.<\/p>\n<p>Bu s\u00f6zler, bug\u00fcn de bir millete rehberlik etmeye ve gelece\u011fe \u0131\u015f\u0131k tutmaya devam ediyor.<\/p>\n<h2 id=\"ataturkun-en-guzel-sozleri\">Atat\u00fcrk&#8217;\u00fcn En G\u00fczel S\u00f6zleri<\/h2>\n<p>Mustafa Kemal Atat\u00fcrk&#8217;\u00fcn ilham verici s\u00f6zleri, onun ileri g\u00f6r\u00fc\u015fl\u00fcl\u00fc\u011f\u00fcn\u00fc ve liderlik vizyonunu ke\u015ffetmek isteyenler i\u00e7in m\u00fckemmel bir kaynak. Atat\u00fcrk&#8217;\u00fcn hayat\u0131ndan ve d\u00fc\u015f\u00fcncelerinden kesitler sunan derlememizle, onun izinden gitmek ve ilham almak m\u00fcmk\u00fcn.<\/p>\n<p>\u0130\u015fte, Atat\u00fcrk s\u00f6zleri.<\/p>\n<h3 id=\"ataturkun-ozlu-sozleri-kisa\">Atat\u00fcrk&#8217;\u00fcn \u00d6zl\u00fc S\u00f6zleri K\u0131sa<\/h3>\n<p><img  loading=\"lazy\"  decoding=\"async\"  class=\"alignnone size-medium wp-image-96726 pk-lazyload\"  src=\"data:image\/png;base64,iVBORw0KGgoAAAANSUhEUgAAAyAAAAHVAQMAAAAzfg2oAAAAA1BMVEUAAP+KeNJXAAAAAXRSTlMAQObYZgAAAAlwSFlzAAAOxAAADsQBlSsOGwAAAEVJREFUeNrtwTEBAAAAwqD1T20ND6AAAAAAAAAAAAAAAAAAAAAAAAAAAAAAAAAAAAAAAAAAAAAAAAAAAAAAAAAAAACAWwO5CQABdzoz8gAAAABJRU5ErkJggg==\"  alt=\"ataturkun-ozlu-sozleri-kisa\"  width=\"800\"  height=\"469\"  data-pk-sizes=\"auto\"  data-ls-sizes=\"(max-width: 800px) 100vw, 800px\"  data-pk-src=\"https:\/\/cdn.muhiku.com\/blog\/wp-content\/uploads\/2024\/05\/ataturkun-ozlu-sozleri-kisa-800x469.webp\"  data-pk-srcset=\"https:\/\/muhiku.com\/blog\/wp-content\/uploads\/2024\/05\/ataturkun-ozlu-sozleri-kisa-800x469.webp 800w, https:\/\/muhiku.com\/blog\/wp-content\/uploads\/2024\/05\/ataturkun-ozlu-sozleri-kisa-380x223.webp 380w, https:\/\/muhiku.com\/blog\/wp-content\/uploads\/2024\/05\/ataturkun-ozlu-sozleri-kisa-760x445.webp 760w, https:\/\/muhiku.com\/blog\/wp-content\/uploads\/2024\/05\/ataturkun-ozlu-sozleri-kisa.webp 1024w\" ><\/p>\n<p><strong>\u0130lginizi \u00c7ekebilir:<\/strong> <a href=\"https:\/\/muhiku.com\/ataturk-hediyeleri\/\" target=\"_blank\" rel=\"noopener\">Atat\u00fcrk Hediyeleri<\/a><\/p>\n<ul>\n<li><span style=\"color: #000000;\">&#8220;Egemenlik verilmez, al\u0131n\u0131r.&#8221;<\/span><\/li>\n<li><span style=\"color: #000000;\">&#8220;Zafer, &#8216;Zafer benimdir&#8217; diyebilenindir. Ba\u015far\u0131 ise, &#8216;Ba\u015faraca\u011f\u0131m&#8217; diye ba\u015flayarak sonunda &#8216;Ba\u015fard\u0131m&#8217; diyebilenindir.&#8221;<\/span><\/li>\n<li><span style=\"color: #000000;\">&#8220;B\u00fcy\u00fck \u015feyleri b\u00fcy\u00fck milletler yapar.&#8221;<\/span><\/li>\n<li><span style=\"color: #000000;\">&#8220;\u0130stiklal, istikbal, h\u00fcrriyet, her\u015fey adaletle kaimdir!&#8221;<\/span><\/li>\n<li><span style=\"color: #000000;\">&#8220;S\u00f6z konusu olan vatansa, gerisi teferruat.&#8221;<\/span><\/li>\n<li><span style=\"color: #000000;\">&#8220;Medeniyetin emir ve talep etti\u011fini yapmak insan olmak i\u00e7in yeterlidir.&#8221;<\/span><\/li>\n<li><span style=\"color: #000000;\">&#8220;Yurtta sulh, cihanda sulh.&#8221;<\/span><\/li>\n<li><span style=\"color: #000000;\">&#8220;Bas\u0131n milletin m\u00fc\u015fterek sesidir. Ba\u015fl\u0131ba\u015f\u0131na bir kuvvet, bir okul, bir \u00f6nc\u00fcd\u00fcr.&#8221;<\/span><\/li>\n<li><span style=\"color: #000000;\">&#8220;Tarih bir milletin kan\u0131n\u0131, varl\u0131\u011f\u0131n\u0131 hi\u00e7bir zaman inkar edemez.&#8221;<\/span><\/li>\n<li><span style=\"color: #000000;\">&#8220;T\u00fcketici ya\u015famak iyi de\u011fildir. \u00dcretici olal\u0131m.&#8221;<\/span><\/li>\n<\/ul>\n<h3 id=\"ataturkun-millete-soyledigi-sozler\">Atat\u00fcrk&#8217;\u00fcn Millete S\u00f6yledi\u011fi S\u00f6zler<\/h3>\n<p><img  loading=\"lazy\"  decoding=\"async\"  class=\"alignnone size-medium wp-image-96725 pk-lazyload\"  src=\"data:image\/png;base64,iVBORw0KGgoAAAANSUhEUgAAAyAAAAHVAQMAAAAzfg2oAAAAA1BMVEUAAP+KeNJXAAAAAXRSTlMAQObYZgAAAAlwSFlzAAAOxAAADsQBlSsOGwAAAEVJREFUeNrtwTEBAAAAwqD1T20ND6AAAAAAAAAAAAAAAAAAAAAAAAAAAAAAAAAAAAAAAAAAAAAAAAAAAAAAAAAAAACAWwO5CQABdzoz8gAAAABJRU5ErkJggg==\"  alt=\"ataturkun-millete-soyledigi-sozler\"  width=\"800\"  height=\"469\"  data-pk-sizes=\"auto\"  data-ls-sizes=\"(max-width: 800px) 100vw, 800px\"  data-pk-src=\"https:\/\/cdn.muhiku.com\/blog\/wp-content\/uploads\/2024\/05\/ataturkun-millete-soyledigi-sozler-800x469.webp\"  data-pk-srcset=\"https:\/\/muhiku.com\/blog\/wp-content\/uploads\/2024\/05\/ataturkun-millete-soyledigi-sozler-800x469.webp 800w, https:\/\/muhiku.com\/blog\/wp-content\/uploads\/2024\/05\/ataturkun-millete-soyledigi-sozler-380x223.webp 380w, https:\/\/muhiku.com\/blog\/wp-content\/uploads\/2024\/05\/ataturkun-millete-soyledigi-sozler-760x445.webp 760w, https:\/\/muhiku.com\/blog\/wp-content\/uploads\/2024\/05\/ataturkun-millete-soyledigi-sozler.webp 1024w\" ><\/p>\n<ul>\n<li>&#8220;Herkes ulusal g\u00f6revini ve sorumlulu\u011funu bilmeli, memleket meseleleri \u00fczerinde o d\u00fc\u015f\u00fcnceyle, d\u00fc\u015f\u00fcn\u00fcp \u00e7al\u0131\u015fmay\u0131 g\u00f6rev edinmelidir.&#8221;<\/li>\n<li>&#8220;Kendiniz i\u00e7in de\u011fil, ba\u011fl\u0131 bulundu\u011funuz ulus i\u00e7in elbirli\u011fi ile \u00e7al\u0131\u015f\u0131n\u0131z. \u00c7al\u0131\u015fmalar\u0131n en y\u00fckse\u011fi budur.&#8221;<\/li>\n<li>&#8220;Bug\u00fcn hepimize d\u00fc\u015fen ortak g\u00f6rev; ulusal de\u011ferlere, bilince, Cumhuriyet&#8217;e sahip \u00e7\u0131kmak, \u00c7anakkale&#8217;yi, Kurtulu\u015f Sava\u015f\u0131&#8217;n\u0131 kazanan\u00a0 ruhu korumak ve bu bilinci gelecek ku\u015faklara aktarmakt\u0131r. T\u00fcrk Ulusu dili, k\u00fclt\u00fcr\u00fc, tarihi ve sayg\u0131n kimli\u011fiyle ayd\u0131nl\u0131k yar\u0131nlara el ele g\u00fc\u00e7l\u00fc bi\u00e7imde y\u00fcr\u00fcyecektir.&#8221;<\/li>\n<li>&#8220;Hi\u00e7bir \u015feye ihtiyac\u0131m\u0131z yok, yaln\u0131z bir \u015feye ihtiyac\u0131m\u0131z vard\u0131r; \u00e7al\u0131\u015fkan olmak!&#8221;<\/li>\n<li>&#8220;Devrimin amac\u0131n\u0131 kavram\u0131\u015f olanlar s\u00fcrekli olarak onu koruma g\u00fcc\u00fcne sahip olacaklard\u0131r.&#8221;<\/li>\n<li>&#8220;Ne mutlu T\u00fcrk\u00fcm diyene!&#8221;<\/li>\n<li>&#8220;T\u00fcrkiye Cumhuriyeti&#8217;ni kuran T\u00fcrkiye halk\u0131na T\u00fcrk milleti denir&#8230;&#8221;<\/li>\n<li>&#8220;Benim T\u00fcrk milletine, T\u00fcrk cemiyetine, T\u00fcrkl\u00fc\u011f\u00fcn istikbaline ait \u00f6devlerim bitmemi\u015ftir, siz onlar\u0131 tamamlayacaks\u0131n\u0131z. Siz de, sizden sonrakilere benim s\u00f6z\u00fcm\u00fc tekrar ediniz.&#8221;<\/li>\n<li>&#8220;Bilelim ki, milli benli\u011fini bilmeyen milletler, ba\u015fka milletlere yem olurlar.&#8221;<\/li>\n<li>&#8220;Bir\u00e7ok g\u00fc\u00e7l\u00fckler ve engeller kar\u015f\u0131s\u0131nda bulundu\u011fumuzu biliyoruz. Bunlar\u0131n hepsini inceleme ile, gayret ve iman ile ve millet a\u015fk\u0131n\u0131n sars\u0131lmaz kuvvetiyle birer birer \u00e7\u00f6z\u00fcp sonu\u00e7land\u0131raca\u011f\u0131z. O millet a\u015fk\u0131 ki, her \u015feye ra\u011fmen i\u00e7imizde s\u00f6nmez bir kuvvet, dayan\u0131kl\u0131l\u0131k ve ate\u015f kayna\u011f\u0131d\u0131r.&#8221;<\/li>\n<li>&#8220;Biz T\u00fcrkler, b\u00fct\u00fcn tarihimiz boyunca h\u00fcrriyet ve istikl\u00e2le timsal olmu\u015f bir milletiz.&#8221;<\/li>\n<li>&#8220;T\u00fcrk milletinin istidad\u0131 ve kati karar\u0131 medeniyet yolunda durmadan, y\u0131lmadan ilerlemektir.&#8221;<\/li>\n<\/ul>\n<h3 id=\"ataturkun-cocuklarla-ve-genclerle-ilgili-sozleri\">Atat\u00fcrk&#8217;\u00fcn \u00c7ocuklarla ve Gen\u00e7lerle \u0130lgili S\u00f6zleri<\/h3>\n<p><img  loading=\"lazy\"  decoding=\"async\"  class=\"alignnone size-medium wp-image-96721 pk-lazyload\"  src=\"data:image\/png;base64,iVBORw0KGgoAAAANSUhEUgAAAyAAAAHVAQMAAAAzfg2oAAAAA1BMVEUAAP+KeNJXAAAAAXRSTlMAQObYZgAAAAlwSFlzAAAOxAAADsQBlSsOGwAAAEVJREFUeNrtwTEBAAAAwqD1T20ND6AAAAAAAAAAAAAAAAAAAAAAAAAAAAAAAAAAAAAAAAAAAAAAAAAAAAAAAAAAAACAWwO5CQABdzoz8gAAAABJRU5ErkJggg==\"  alt=\"ataturkun-cocuklarla-ve-genclerle-ilgili-sozleri\"  width=\"800\"  height=\"469\"  data-pk-sizes=\"auto\"  data-ls-sizes=\"(max-width: 800px) 100vw, 800px\"  data-pk-src=\"https:\/\/cdn.muhiku.com\/blog\/wp-content\/uploads\/2024\/05\/ataturkun-cocuklarla-ve-genclerle-ilgili-sozleri-800x469.webp\"  data-pk-srcset=\"https:\/\/muhiku.com\/blog\/wp-content\/uploads\/2024\/05\/ataturkun-cocuklarla-ve-genclerle-ilgili-sozleri-800x469.webp 800w, https:\/\/muhiku.com\/blog\/wp-content\/uploads\/2024\/05\/ataturkun-cocuklarla-ve-genclerle-ilgili-sozleri-380x223.webp 380w, https:\/\/muhiku.com\/blog\/wp-content\/uploads\/2024\/05\/ataturkun-cocuklarla-ve-genclerle-ilgili-sozleri-760x445.webp 760w, https:\/\/muhiku.com\/blog\/wp-content\/uploads\/2024\/05\/ataturkun-cocuklarla-ve-genclerle-ilgili-sozleri.webp 1024w\" ><\/p>\n<ul>\n<li>&#8220;B\u00fct\u00fcn \u00fcmidim gen\u00e7liktedir.&#8221;<\/li>\n<li>&#8220;Ey y\u00fckselen yeni nesil, istikbal sizindir. Cumhuriyet&#8217;i biz kurduk, O&#8217;nu y\u00fckseltecek ve s\u00fcrd\u00fcrecek sizlersiniz.&#8221;<\/li>\n<li>&#8220;Ey T\u00fcrk Gen\u00e7li\u011fi! Birinci vazifen, T\u00fcrk istikl\u00e2lini, T\u00fcrk Cumhuriyetini, ilelebet, muhafaza ve m\u00fcdafaa etmektir.&#8221;<\/li>\n<li>&#8220;Sizler, yani yeni T\u00fcrkiye&#8217;nin gen\u00e7 evlatlar\u0131! Yorulsan\u0131z dahi beni takip edeceksiniz&#8230; Dinlenmemek \u00fczere y\u00fcr\u00fcmeye karar verenler, asla ve asla yorulmazlar. T\u00fcrk Gen\u00e7li\u011fi gayeye, bizim y\u00fcksek idealimize durmadan, yorulmadan y\u00fcr\u00fcyecektir.&#8221;<\/li>\n<li>&#8220;T\u00fcrk \u00e7ocu\u011fu ecdad\u0131n\u0131 tan\u0131d\u0131k\u00e7a daha b\u00fcy\u00fck i\u015fler yapmak i\u00e7in kendinde kuvvet bulacakt\u0131r.&#8221;<\/li>\n<li>&#8220;T\u00fcrkiye Cumhuriyetinin, \u00f6zellikle bug\u00fcnk\u00fc gen\u00e7li\u011fine ve yeti\u015fmekte olan \u00e7ocuklar\u0131na hitap ediyorum: Bat\u0131 senden, T\u00fcrk&#8217;ten \u00e7ok geriydi. Manada, fikirde, tarihte bu b\u00f6yleydi. E\u011fer bug\u00fcn bat\u0131 teknikte bir \u00fcst\u00fcnl\u00fck g\u00f6steriyorsa, ey T\u00fcrk \u00c7ocu\u011fu, o kabahat da senin de\u011fil, senden \u00f6ncekilerin affedilmez ihmalinin bir sonucudur. \u015eunu da s\u00f6yleyeyim ki, \u00e7ok zekisin! .. Bu belli. Fakat zek\u00e2n\u0131 unut! .. Daima \u00e7al\u0131\u015fkan ol&#8230;&#8221;<\/li>\n<li>&#8220;Gen\u00e7ler cesaretimizi takviye ve idame eden sizlersiniz. Siz, almakta oldu\u011funuz terbiye ve irfan ile insanl\u0131k ve medeniyetin, vatan sevgisinin, fikir h\u00fcrriyetinin en k\u0131ymetli timsali olacaks\u0131n\u0131z. Y\u00fckselen yeni nesil, istikbal sizsiniz. Cumhuriyeti biz kurduk, onu y\u00fckseltecek ve ya\u015fatacak sizsiniz.&#8221;<\/li>\n<\/ul>\n<h3 id=\"ataturkun-cumhuriyet-ile-ilgili-sozleri\">Atat\u00fcrk&#8217;\u00fcn Cumhuriyet ile \u0130lgili S\u00f6zleri<\/h3>\n<p><img  loading=\"lazy\"  decoding=\"async\"  class=\"alignnone size-medium wp-image-96722 pk-lazyload\"  src=\"data:image\/png;base64,iVBORw0KGgoAAAANSUhEUgAAAyAAAAHVAQMAAAAzfg2oAAAAA1BMVEUAAP+KeNJXAAAAAXRSTlMAQObYZgAAAAlwSFlzAAAOxAAADsQBlSsOGwAAAEVJREFUeNrtwTEBAAAAwqD1T20ND6AAAAAAAAAAAAAAAAAAAAAAAAAAAAAAAAAAAAAAAAAAAAAAAAAAAAAAAAAAAACAWwO5CQABdzoz8gAAAABJRU5ErkJggg==\"  alt=\"ataturkun-cumhuriyet-ile-ilgili-sozleri\"  width=\"800\"  height=\"469\"  data-pk-sizes=\"auto\"  data-ls-sizes=\"(max-width: 800px) 100vw, 800px\"  data-pk-src=\"https:\/\/cdn.muhiku.com\/blog\/wp-content\/uploads\/2024\/05\/ataturkun-cumhuriyet-ile-ilgili-sozleri-800x469.webp\"  data-pk-srcset=\"https:\/\/muhiku.com\/blog\/wp-content\/uploads\/2024\/05\/ataturkun-cumhuriyet-ile-ilgili-sozleri-800x469.webp 800w, https:\/\/muhiku.com\/blog\/wp-content\/uploads\/2024\/05\/ataturkun-cumhuriyet-ile-ilgili-sozleri-380x223.webp 380w, https:\/\/muhiku.com\/blog\/wp-content\/uploads\/2024\/05\/ataturkun-cumhuriyet-ile-ilgili-sozleri-760x445.webp 760w, https:\/\/muhiku.com\/blog\/wp-content\/uploads\/2024\/05\/ataturkun-cumhuriyet-ile-ilgili-sozleri.webp 1024w\" ><\/p>\n<ul>\n<li>&#8220;Cumhuriyeti kuranlar onu korumaya da muktedir olmal\u0131d\u0131r.&#8221;<\/li>\n<li>&#8220;Tarihi ya\u015fad\u0131\u011f\u0131m\u0131z gibi yazd\u0131k, fakat gelece\u011fi cumhuriyete inananlara, onu koruyanlara ve ya\u015fatacaklara emanet etmek laz\u0131md\u0131r.&#8221;<\/li>\n<li>&#8220;Cumhuriyet fikir serbestli\u011fi taraftar\u0131d\u0131r. Samimi ve me\u015fru olmak \u015fart\u0131yla her fikre sayg\u0131 duyar\u0131z.&#8221;<\/li>\n<li>&#8220;T\u00fcrk milletinin karakter ve adetlerine en uygun olan idare, cumhuriyet idaresidir.&#8221;<\/li>\n<li>&#8220;Arkada\u015flar, efendiler ve ey millet, iyi biliniz ki, T\u00fcrkiye Cumhuriyeti \u015feyhler, dervi\u015fler, m\u00fcritler, meczuplar memleketi olamaz. En do\u011fru, en hakiki tarikat, medeniyet tarikat\u0131d\u0131r.&#8221;<\/li>\n<li>&#8220;B\u00fct\u00fcn d\u00fcnya bilsin ki, benim i\u00e7in bir yanda\u015fl\u0131k vard\u0131r: Cumhuriyet yanda\u015fl\u0131\u011f\u0131, d\u00fc\u015f\u00fcnsel ve toplumsal devrim yanda\u015fl\u0131\u011f\u0131.&#8221;<\/li>\n<li>&#8220;Bu noktada yeni T\u00fcrkiye toplulu\u011funda, bir bireyi bunun d\u0131\u015f\u0131nda d\u00fc\u015f\u00fcnmek istemiyorum.&#8221;<\/li>\n<li>&#8220;Benim na\u00e7iz v\u00fccudum elbet bir g\u00fcn toprak olacakt\u0131r, ancak T\u00fcrkiye Cumhuriyeti ilelebet payidar kalacakt\u0131r.&#8221;<\/li>\n<\/ul>\n<h3 id=\"ataturkun-egitim-ve-ogretmenlerle-ilgili-sozleri\">Atat\u00fcrk&#8217;\u00fcn E\u011fitim ve \u00d6\u011fretmenlerle \u0130lgili S\u00f6zleri<\/h3>\n<p><img  loading=\"lazy\"  decoding=\"async\"  class=\"alignnone size-medium wp-image-96723 pk-lazyload\"  src=\"data:image\/png;base64,iVBORw0KGgoAAAANSUhEUgAAAyAAAAHVAQMAAAAzfg2oAAAAA1BMVEUAAP+KeNJXAAAAAXRSTlMAQObYZgAAAAlwSFlzAAAOxAAADsQBlSsOGwAAAEVJREFUeNrtwTEBAAAAwqD1T20ND6AAAAAAAAAAAAAAAAAAAAAAAAAAAAAAAAAAAAAAAAAAAAAAAAAAAAAAAAAAAACAWwO5CQABdzoz8gAAAABJRU5ErkJggg==\"  alt=\"ataturkun-egitim-ve-ogretmenler-ile-ilgili-sozleri\"  width=\"800\"  height=\"469\"  data-pk-sizes=\"auto\"  data-ls-sizes=\"(max-width: 800px) 100vw, 800px\"  data-pk-src=\"https:\/\/cdn.muhiku.com\/blog\/wp-content\/uploads\/2024\/05\/ataturkun-egitim-ve-ogretmenler-ile-ile-ilgili-sozleri-800x469.webp\"  data-pk-srcset=\"https:\/\/muhiku.com\/blog\/wp-content\/uploads\/2024\/05\/ataturkun-egitim-ve-ogretmenler-ile-ile-ilgili-sozleri-800x469.webp 800w, https:\/\/muhiku.com\/blog\/wp-content\/uploads\/2024\/05\/ataturkun-egitim-ve-ogretmenler-ile-ile-ilgili-sozleri-380x223.webp 380w, https:\/\/muhiku.com\/blog\/wp-content\/uploads\/2024\/05\/ataturkun-egitim-ve-ogretmenler-ile-ile-ilgili-sozleri-760x445.webp 760w, https:\/\/muhiku.com\/blog\/wp-content\/uploads\/2024\/05\/ataturkun-egitim-ve-ogretmenler-ile-ile-ilgili-sozleri.webp 1024w\" ><\/p>\n<ul>\n<li>&#8220;\u00d6\u011fretmenler! Cumhuriyet sizden d\u00fc\u015f\u00fcnceleri h\u00fcr, vicdan\u0131 h\u00fcr, irfan\u0131 h\u00fcr nesiller ister.&#8221;<\/li>\n<li>&#8220;Muallimler! Yeni nesli, Cumhuriyetin fedak\u00e2r \u00f6\u011fretmen ve e\u011fiticileri, sizler yeti\u015ftireceksiniz, yeni nesil sizin eseriniz olacakt\u0131r. Eserin k\u0131ymeti, sizin maharetiniz ve fedak\u00e2rl\u0131\u011f\u0131n\u0131z derecesiyle m\u00fctenasip bulunacakt\u0131r.&#8221;<\/li>\n<li>&#8220;Milletleri kurtaranlar yaln\u0131z ve ancak \u00f6\u011fretmenlerdir. \u00d6\u011fretmenden, e\u011fiticiden mahrum bir millet, hen\u00fcz bir millet ad\u0131n\u0131 alma yetene\u011fi kazanmam\u0131\u015ft\u0131r.&#8221;<\/li>\n<li>&#8220;Yeni ku\u015fak, en b\u00fcy\u00fck cumhuriyet\u00e7ilik dersini bug\u00fcnk\u00fc \u00f6\u011fretmenler toplulu\u011fundan ve onlar\u0131n yeti\u015ftirecekleri \u00f6\u011fretmenlerden alacakt\u0131r.&#8221;<\/li>\n<li>&#8220;D\u00fcnyan\u0131n her taraf\u0131ndan \u00f6\u011fretmenler insan toplulu\u011funun en fedak\u00e2r ve muhterem unsurlar\u0131d\u0131r.&#8221;<\/li>\n<li>&#8220;\u00d6\u011fretmenler! Cumhuriyet, fikren, ilmen, fennen, bedenen kuvvetli ve y\u00fcksek karakterli muhaf\u0131zlar ister. Yeni nesli bu \u00f6zellik ve kabiliyette yeti\u015ftirmek sizin elinizdedir.&#8221;<\/li>\n<li>&#8220;\u00d6\u011fretmen, y\u0131llar sonra \u00f6d\u00fcl\u00fcn\u00fc al\u0131r.&#8221;<\/li>\n<li>&#8220;\u00d6\u011fretmen bir kandile benzer, kendini t\u00fcketerek ba\u015fkalar\u0131na \u0131\u015f\u0131k verir.&#8221;<\/li>\n<li>&#8220;\u00d6\u011fretmenler; Cumhuriyetin fedakar \u00f6\u011fretmen ve e\u011fitimcileri, yeni nesli sizler yeti\u015ftireceksiniz. Ve yeni nesil sizin eseriniz olacakt\u0131r. Eserin k\u0131ymeti, sizin beceriniz ve fedakarl\u0131\u011f\u0131n\u0131z\u0131n derecesiyle orant\u0131l\u0131 olacakt\u0131r. Cumhuriyet; fikren, ilmen, fennen, bedenen kuvvetli ve y\u00fcksek karakterli koruyucular ister. Yeni nesli, bu \u00f6zellik ve kabiliyette yeti\u015ftirmek sizin elinizdedir&#8230; Sizin ba\u015far\u0131n\u0131z Cumhuriyetin ba\u015far\u0131s\u0131 olacakt\u0131r.&#8221;<\/li>\n<li><span style=\"color: #000000;\">&#8220;Okul, gen\u00e7 beyinlere insanl\u0131\u011fa sayg\u0131y\u0131, millet ve \u00fclkeye sevgiyi, ba\u011f\u0131ms\u0131zl\u0131k onurunu \u00f6\u011fretir.&#8221;<\/span><\/li>\n<li><span style=\"color: #000000;\">&#8220;Okul sayesinde, okulun verece\u011fi ilim ve fen sayesindedir ki, T\u00fcrk milleti, T\u00fcrk sanat\u0131, T\u00fcrk iktisadiyat\u0131, T\u00fcrk \u015fiir ve edebiyat\u0131 b\u00fct\u00fcn g\u00fczellikleriyle geli\u015fir.&#8221;<\/span><\/li>\n<\/ul>\n<h3 id=\"ataturkun-kadinlar-ile-ilgili-sozleri\">Atat\u00fcrk&#8217;\u00fcn Kad\u0131nlar ile \u0130lgili S\u00f6zleri<\/h3>\n<p><img  loading=\"lazy\"  decoding=\"async\"  class=\"alignnone size-medium wp-image-96724 pk-lazyload\"  src=\"data:image\/png;base64,iVBORw0KGgoAAAANSUhEUgAAAyAAAAHVAQMAAAAzfg2oAAAAA1BMVEUAAP+KeNJXAAAAAXRSTlMAQObYZgAAAAlwSFlzAAAOxAAADsQBlSsOGwAAAEVJREFUeNrtwTEBAAAAwqD1T20ND6AAAAAAAAAAAAAAAAAAAAAAAAAAAAAAAAAAAAAAAAAAAAAAAAAAAAAAAAAAAACAWwO5CQABdzoz8gAAAABJRU5ErkJggg==\"  alt=\"ataturkun-kadinlar-ile-ilgili-sozleri\"  width=\"800\"  height=\"469\"  data-pk-sizes=\"auto\"  data-ls-sizes=\"(max-width: 800px) 100vw, 800px\"  data-pk-src=\"https:\/\/cdn.muhiku.com\/blog\/wp-content\/uploads\/2024\/05\/ataturkun-kadinlar-ile-ile-ilgili-sozleri-800x469.webp\"  data-pk-srcset=\"https:\/\/muhiku.com\/blog\/wp-content\/uploads\/2024\/05\/ataturkun-kadinlar-ile-ile-ilgili-sozleri-800x469.webp 800w, https:\/\/muhiku.com\/blog\/wp-content\/uploads\/2024\/05\/ataturkun-kadinlar-ile-ile-ilgili-sozleri-380x223.webp 380w, https:\/\/muhiku.com\/blog\/wp-content\/uploads\/2024\/05\/ataturkun-kadinlar-ile-ile-ilgili-sozleri-760x445.webp 760w, https:\/\/muhiku.com\/blog\/wp-content\/uploads\/2024\/05\/ataturkun-kadinlar-ile-ile-ilgili-sozleri.webp 1024w\" ><\/p>\n<ul>\n<li>&#8220;\u0130nsan toplulu\u011fu kad\u0131n ve erkek denilen iki cins insandan m\u00fcrekkeptir. Kabil midir ki, bu k\u00fctlenin bir par\u00e7as\u0131n\u0131 ilerletelim, \u00f6tekini ihmal edelim de k\u00fctlenin b\u00fct\u00fcnl\u00fc\u011f\u00fc ilerleyebilsin? M\u00fcmk\u00fcn m\u00fcd\u00fcr ki, bir cismin yar\u0131s\u0131 topra\u011fa zincirlerle ba\u011fl\u0131 kald\u0131k\u00e7a \u00f6teki k\u0131sm\u0131 g\u00f6klere y\u00fckselebilsin?&#8221;<\/li>\n<li>&#8220;Ey kahraman T\u00fcrk kad\u0131n\u0131, sen yerde s\u00fcr\u00fcnmeye de\u011fil, omuzlar \u00fczerinde g\u00f6klere y\u00fckselmeye lay\u0131ks\u0131n.&#8221;<\/li>\n<li>&#8220;Kad\u0131nlar\u0131m\u0131z i\u00e7in as\u0131l m\u00fccadele alan\u0131, as\u0131l zafer kazan\u0131lmas\u0131 gereken alan, bi\u00e7im ve k\u0131l\u0131kta ba\u015far\u0131dan \u00e7ok, \u0131\u015f\u0131kla, bilgi ve k\u00fclt\u00fcrle, ger\u00e7ek faziletle s\u00fcslenip donanmakt\u0131r. Ben muhterem han\u0131mlar\u0131m\u0131z\u0131n Avrupa kad\u0131nlar\u0131n\u0131n a\u015fa\u011f\u0131s\u0131nda kalmayacak, aksine pek \u00e7ok y\u00f6nden onlar\u0131n \u00fcst\u00fcne \u00e7\u0131kacak \u015fekilde \u0131\u015f\u0131kla, bilgi ve k\u00fclt\u00fcrle donanacaklar\u0131ndan asla \u015f\u00fcphe etmeyen ve buna kesinlikle emin olanlardan\u0131m.&#8221;<\/li>\n<li>&#8220;Analar\u0131n bug\u00fcnk\u00fc evlatlar\u0131na verece\u011fi terbiye eski devirlerdeki gibi basit de\u011fildir. Bug\u00fcn\u00fcn analar\u0131 i\u00e7in gerekli vas\u0131flar\u0131 ta\u015f\u0131yan evlat yeti\u015ftirmek, evlatlar\u0131n\u0131 bug\u00fcnk\u00fc hayat i\u00e7in faal bir uzuv haline koymak pek \u00e7ok y\u00fcksek vas\u0131flar ta\u015f\u0131malar\u0131na ba\u011fl\u0131d\u0131r. Onun i\u00e7in kad\u0131nlar\u0131m\u0131z, hatt\u00e2 erkeklerimizden \u00e7ok ayd\u0131n, daha \u00e7ok feyizli, daha fazla bilgili olmaya mecburdurlar; e\u011fer hakikaten milletin anas\u0131 olmak istiyorlarsa.&#8221;<\/li>\n<li><span style=\"color: #000000;\">&#8220;B\u00fcy\u00fck ba\u015far\u0131lar, de\u011ferli analar\u0131n yeti\u015ftirdikleri se\u00e7kin \u00e7ocuklar\u0131n yard\u0131m\u0131yla meydana gelir.&#8221;<\/span><\/li>\n<\/ul>\n<h3 id=\"ataturkun-sanat-ve-muzik-ile-ilgili-sozleri\">Atat\u00fcrk&#8217;\u00fcn Sanat ve M\u00fczik ile \u0130lgili S\u00f6zleri<\/h3>\n<p><img  loading=\"lazy\"  decoding=\"async\"  class=\"alignnone size-medium wp-image-96727 pk-lazyload\"  src=\"data:image\/png;base64,iVBORw0KGgoAAAANSUhEUgAAAyAAAAHVAQMAAAAzfg2oAAAAA1BMVEUAAP+KeNJXAAAAAXRSTlMAQObYZgAAAAlwSFlzAAAOxAAADsQBlSsOGwAAAEVJREFUeNrtwTEBAAAAwqD1T20ND6AAAAAAAAAAAAAAAAAAAAAAAAAAAAAAAAAAAAAAAAAAAAAAAAAAAAAAAAAAAACAWwO5CQABdzoz8gAAAABJRU5ErkJggg==\"  alt=\"ataturkun-sanat-ve-muzik-ile-ilgili-sozleri\"  width=\"800\"  height=\"469\"  data-pk-sizes=\"auto\"  data-ls-sizes=\"(max-width: 800px) 100vw, 800px\"  data-pk-src=\"https:\/\/cdn.muhiku.com\/blog\/wp-content\/uploads\/2024\/05\/ataturkun-sanat-ve-muzik-ile-ile-ilgili-sozleri-800x469.webp\"  data-pk-srcset=\"https:\/\/muhiku.com\/blog\/wp-content\/uploads\/2024\/05\/ataturkun-sanat-ve-muzik-ile-ile-ilgili-sozleri-800x469.webp 800w, https:\/\/muhiku.com\/blog\/wp-content\/uploads\/2024\/05\/ataturkun-sanat-ve-muzik-ile-ile-ilgili-sozleri-380x223.webp 380w, https:\/\/muhiku.com\/blog\/wp-content\/uploads\/2024\/05\/ataturkun-sanat-ve-muzik-ile-ile-ilgili-sozleri-760x445.webp 760w, https:\/\/muhiku.com\/blog\/wp-content\/uploads\/2024\/05\/ataturkun-sanat-ve-muzik-ile-ile-ilgili-sozleri.webp 1024w\" ><\/p>\n<ul>\n<li>&#8220;Sanats\u0131z kalan bir milletin hayat damarlar\u0131ndan biri kopmu\u015f demektir.<span class=\"Apple-converted-space\">&#8220;<\/span><\/li>\n<li><span style=\"color: #000000;\">&#8220;Bir millet ki resim yapmaz, bir millet ki heykel yapmaz, bir millet ki tekni\u011fin gerektirdi\u011fi \u015feyleri yapmaz, itiraf etmeli ki o milletin ilerleme yolunda yeri yoktur.&#8221;<\/span><\/li>\n<\/ul>\n<h3 id=\"ataturkun-bilimle-ilgili-sozleri\">Atat\u00fcrk&#8217;\u00fcn Bilimle \u0130lgili S\u00f6zleri<\/h3>\n<p><img  loading=\"lazy\"  decoding=\"async\"  class=\"alignnone size-medium wp-image-96720 pk-lazyload\"  src=\"data:image\/png;base64,iVBORw0KGgoAAAANSUhEUgAAAyAAAAHVAQMAAAAzfg2oAAAAA1BMVEUAAP+KeNJXAAAAAXRSTlMAQObYZgAAAAlwSFlzAAAOxAAADsQBlSsOGwAAAEVJREFUeNrtwTEBAAAAwqD1T20ND6AAAAAAAAAAAAAAAAAAAAAAAAAAAAAAAAAAAAAAAAAAAAAAAAAAAAAAAAAAAACAWwO5CQABdzoz8gAAAABJRU5ErkJggg==\"  alt=\"ataturkun-bilim-ile-ilgili-sozleri\"  width=\"800\"  height=\"469\"  data-pk-sizes=\"auto\"  data-ls-sizes=\"(max-width: 800px) 100vw, 800px\"  data-pk-src=\"https:\/\/cdn.muhiku.com\/blog\/wp-content\/uploads\/2024\/05\/ataturkun-bilim-ile-ile-ilgili-sozleri-800x469.webp\"  data-pk-srcset=\"https:\/\/muhiku.com\/blog\/wp-content\/uploads\/2024\/05\/ataturkun-bilim-ile-ile-ilgili-sozleri-800x469.webp 800w, https:\/\/muhiku.com\/blog\/wp-content\/uploads\/2024\/05\/ataturkun-bilim-ile-ile-ilgili-sozleri-380x223.webp 380w, https:\/\/muhiku.com\/blog\/wp-content\/uploads\/2024\/05\/ataturkun-bilim-ile-ile-ilgili-sozleri-760x445.webp 760w, https:\/\/muhiku.com\/blog\/wp-content\/uploads\/2024\/05\/ataturkun-bilim-ile-ile-ilgili-sozleri.webp 1024w\" ><\/p>\n<ul>\n<li>&#8220;D\u00fcnyada her\u015fey i\u00e7in, medeniyet i\u00e7in, hayat i\u00e7in, ba\u015far\u0131 i\u00e7in, en hakiki m\u00fcr\u015fit bilimdir, fendir.<span class=\"Apple-converted-space\"> &#8220;<\/span><\/li>\n<li>&#8220;\u00c7al\u0131\u015fmak demek, bo\u015funa yorulmak, terlemek de\u011fildir. Zaman\u0131n gereklerine g\u00f6re bilim ve teknik ve her t\u00fcrl\u00fc uygar bulu\u015flardan azami derecede istifade etmek zorunludur.&#8221;<\/li>\n<li>&#8220;S\u00fcng\u00fclerle, silahlarla ve kanla kazand\u0131\u011f\u0131m\u0131z askeri zaferlerden sonra, k\u00fclt\u00fcr, bilim, fen ve ekonomi alanlar\u0131nda da zaferler kazanmaya devam edece\u011fiz.&#8221;<\/li>\n<\/ul>\n<h3 id=\"ataturkun-bagimsizlik-ile-ilgili-sozleri\">Atat\u00fcrk&#8217;\u00fcn Ba\u011f\u0131ms\u0131zl\u0131k ile \u0130lgili S\u00f6zleri<\/h3>\n<p><img  loading=\"lazy\"  decoding=\"async\"  class=\"alignnone size-medium wp-image-96719 pk-lazyload\"  src=\"data:image\/png;base64,iVBORw0KGgoAAAANSUhEUgAAAyAAAAHVAQMAAAAzfg2oAAAAA1BMVEUAAP+KeNJXAAAAAXRSTlMAQObYZgAAAAlwSFlzAAAOxAAADsQBlSsOGwAAAEVJREFUeNrtwTEBAAAAwqD1T20ND6AAAAAAAAAAAAAAAAAAAAAAAAAAAAAAAAAAAAAAAAAAAAAAAAAAAAAAAAAAAACAWwO5CQABdzoz8gAAAABJRU5ErkJggg==\"  alt=\"ataturkun-bagimsizlik-ile-ilgili-sozleri\"  width=\"800\"  height=\"469\"  data-pk-sizes=\"auto\"  data-ls-sizes=\"(max-width: 800px) 100vw, 800px\"  data-pk-src=\"https:\/\/cdn.muhiku.com\/blog\/wp-content\/uploads\/2024\/05\/ataturkun-bagimsizlik-ile-ile-ilgili-sozleri-800x469.webp\"  data-pk-srcset=\"https:\/\/muhiku.com\/blog\/wp-content\/uploads\/2024\/05\/ataturkun-bagimsizlik-ile-ile-ilgili-sozleri-800x469.webp 800w, https:\/\/muhiku.com\/blog\/wp-content\/uploads\/2024\/05\/ataturkun-bagimsizlik-ile-ile-ilgili-sozleri-380x223.webp 380w, https:\/\/muhiku.com\/blog\/wp-content\/uploads\/2024\/05\/ataturkun-bagimsizlik-ile-ile-ilgili-sozleri-760x445.webp 760w, https:\/\/muhiku.com\/blog\/wp-content\/uploads\/2024\/05\/ataturkun-bagimsizlik-ile-ile-ilgili-sozleri.webp 1024w\" ><\/p>\n<ul>\n<li>&#8220;T\u00fcrk Milleti yeni bir iman ve kesin bir milli azim ile yeni bir devlet kurmu\u015ftur bu devletin dayand\u0131\u011f\u0131 esaslar &#8216;Tam Ba\u011f\u0131ms\u0131zl\u0131k&#8217; ve Kay\u0131ts\u0131z \u015earts\u0131z Milli Egemenlikten ibarettir. Yeni T\u00fcrkiye devletinin yap\u0131s\u0131n\u0131n ruhu Milli Egemenliktir. Milletin Kay\u0131ts\u0131z \u015earts\u0131z Egemenli\u011fidir&#8230;&#8221;<\/li>\n<li>&#8220;\u00d6zg\u00fcrl\u00fck ve ba\u011f\u0131ms\u0131zl\u0131k benim karakterimdir. Ben milletimin en b\u00fcy\u00fck ve ecdad\u0131m\u0131n en de\u011ferli miras\u0131 olan ba\u011f\u0131ms\u0131zl\u0131k a\u015fk\u0131 ile dolu bir adam\u0131m. \u00c7ocuklu\u011fumdan bug\u00fcne kadar ailev\u00ee, husus\u00ee ve resm\u00ee hayat\u0131m\u0131n her safhas\u0131n\u0131 yak\u0131ndan bilenler bu a\u015fk\u0131m malumdur. Bence bir millete \u015ferefin, haysiyetin, namusun ve insanl\u0131\u011f\u0131n v\u00fccut ve beka bulabilmesi mutlaka o milletin \u00f6zg\u00fcrl\u00fck ve ba\u011f\u0131ms\u0131zl\u0131\u011f\u0131na sahip olmas\u0131yla kaimdir. Ben \u015fahsen bu sayd\u0131\u011f\u0131m vas\u0131flara, \u00e7ok ehemmiyet veririm. Ve bu vas\u0131flar\u0131n kendimde mevcut oldu\u011funu iddia edebilmek i\u00e7in milletimin de ayn\u0131 vas\u0131flar\u0131 ta\u015f\u0131mas\u0131n\u0131 esas \u015fart bilirim. Ben ya\u015fabilmek i\u00e7in mutlaka ba\u011f\u0131ms\u0131z bir milletin evlad\u0131 kalmal\u0131y\u0131m. Bu sebeple milli ba\u011f\u0131ms\u0131zl\u0131k bence bir hayat meselesidir. Millet ve memleketin menfaatleri icap ettirirse, insanl\u0131\u011f\u0131 te\u015fkil eden milletlerden her biriyle medeniyet icab\u0131 olan dostluk ve siyaset m\u00fcnasebetlerini b\u00fcy\u00fck bir hassasiyetle takdir ederim. Ancak, benim milletimi esir etmek isteyen herhangi bir milletin, bu arzusundan vazge\u00e7inceye kadar, amans\u0131z d\u00fc\u015fman\u0131y\u0131m.&#8221;<\/li>\n<li>&#8220;Milli his ile dil aras\u0131ndaki ba\u011f \u00e7ok kuvvetlidir. Dilin milli ve zengin olmas\u0131, milli hissin geli\u015fmesinde ba\u015fl\u0131ca etkendir. T\u00fcrk dili, dillerin en zenginlerindendir. Yeter ki, bu dil \u015fuurla i\u015flensin. \u00dclkesini, y\u00fcksek ba\u011f\u0131ms\u0131zl\u0131\u011f\u0131n\u0131 korumas\u0131n\u0131 bilen T\u00fcrk milleti, dilini de yabanc\u0131 diller boyunduru\u011fundan kurtarmal\u0131d\u0131r.&#8221;<\/li>\n<li>&#8220;Tam ba\u011f\u0131ms\u0131zl\u0131k, ancak ekonomik ba\u011f\u0131ms\u0131zl\u0131kla m\u00fcmk\u00fcnd\u00fcr.&#8221;<\/li>\n<li>&#8220;Biz bar\u0131\u015f istiyoruz dedi\u011fimiz zaman tam ba\u011f\u0131ms\u0131zl\u0131k dedi\u011fimizi herkesin anlamas\u0131 gerekir.&#8221;<\/li>\n<li>&#8220;Tam ba\u011f\u0131ms\u0131zl\u0131k, ancak mali ba\u011f\u0131ms\u0131zl\u0131k ile m\u00fcmk\u00fcnd\u00fcr. Bir devletin maliyesi ba\u011f\u0131ms\u0131zl\u0131ktan yoksun olunca, o devletin b\u00fct\u00fcn hayat \u0131\u015f\u0131klar\u0131nda ba\u011f\u0131ms\u0131zl\u0131k fel\u00e7 olur. &#8220;<\/li>\n<li>&#8220;T\u00fcrk Milleti ba\u011f\u0131ms\u0131z ya\u015fam\u0131\u015f ve ba\u011f\u0131ms\u0131zl\u0131\u011f\u0131 varolmalar\u0131n\u0131n yegane ko\u015fulu olarak kabul etmi\u015f cesur insanlar\u0131n torunlar\u0131d\u0131r. Bu millet hi\u00e7bir zaman h\u00fcr olmadan ya\u015famam\u0131\u015ft\u0131r, ya\u015fayamaz ve ya\u015famayacakt\u0131r.&#8221;<\/li>\n<\/ul>\n<h2 id=\"ataturk-ile-ilgili-sozler\">Atat\u00fcrk ile \u0130lgili S\u00f6zler<\/h2>\n<p><img  loading=\"lazy\"  decoding=\"async\"  class=\"alignnone size-medium wp-image-96717 pk-lazyload\"  src=\"data:image\/png;base64,iVBORw0KGgoAAAANSUhEUgAAAyAAAAHVAQMAAAAzfg2oAAAAA1BMVEUAAP+KeNJXAAAAAXRSTlMAQObYZgAAAAlwSFlzAAAOxAAADsQBlSsOGwAAAEVJREFUeNrtwTEBAAAAwqD1T20ND6AAAAAAAAAAAAAAAAAAAAAAAAAAAAAAAAAAAAAAAAAAAAAAAAAAAAAAAAAAAACAWwO5CQABdzoz8gAAAABJRU5ErkJggg==\"  alt=\"ataturk-ile-ilgili-sozleri\"  width=\"800\"  height=\"469\"  data-pk-sizes=\"auto\"  data-ls-sizes=\"(max-width: 800px) 100vw, 800px\"  data-pk-src=\"https:\/\/cdn.muhiku.com\/blog\/wp-content\/uploads\/2024\/05\/ataturk-ile-ile-ilgili-sozleri-800x469.webp\"  data-pk-srcset=\"https:\/\/muhiku.com\/blog\/wp-content\/uploads\/2024\/05\/ataturk-ile-ile-ilgili-sozleri-800x469.webp 800w, https:\/\/muhiku.com\/blog\/wp-content\/uploads\/2024\/05\/ataturk-ile-ile-ilgili-sozleri-380x223.webp 380w, https:\/\/muhiku.com\/blog\/wp-content\/uploads\/2024\/05\/ataturk-ile-ile-ilgili-sozleri-760x445.webp 760w, https:\/\/muhiku.com\/blog\/wp-content\/uploads\/2024\/05\/ataturk-ile-ile-ilgili-sozleri.webp 1024w\" ><\/p>\n<ul>\n<li>&#8220;Atat\u00fcrk&#8217;\u00fc medenili\u011fin, ilerili\u011fin ve memleket menfaatlerini \u00fcst\u00fcn tutman\u0131n en muazzez sembol\u00fc olarak telakki etmekteyiz. (&#8230;) Atat\u00fcrk hi\u00e7 kimsenin kar\u015f\u0131 kar\u015f\u0131ya gelece\u011fi bir kudret de\u011fildir. Hi\u00e7 kimse bunu arzu etmez. Herkes, bil\u00e2kis onu T\u00fcrk Cemiyetinin h\u00e2l\u00e2 en ileri nigehban\u0131 olarak, en b\u00fcy\u00fck kuvveti olarak tel\u00e2kki etmektedir.&#8221; &#8211; Adnan Menderes<\/li>\n<li>&#8220;Her \u015feyden \u00f6tesi, o bir kurucudur, modern zamanlar\u0131n en b\u00fcy\u00fck ulus kurucusudur.&#8221; &#8211; Andrew Mango<\/li>\n<li>T\u00fcrkiye B\u00fcy\u00fck Meclisi\u2019ne ve T\u00fcrk halk\u0131na, T\u00fcrkiye Cumhuriyeti\u2019nin Ba\u015fkan\u0131 Atat\u00fcrk\u2019\u00fcn \u00f6l\u00fcm\u00fc \u00fczerine en derin \u00fcz\u00fcnt\u00fclerimi bildiriyorum. B\u00fcy\u00fck bir asker, dahi devlet adam\u0131 ve tarihi bir \u015fahsiyet kayboldu. Yeni T\u00fcrkiye Cumhuriyeti ile nesilden nesile devam edecek b\u00fcy\u00fck bir an\u0131t olu\u015fturdu.&#8221; &#8211; Adolf Hitler<\/li>\n<li>&#8220;O gen\u00e7 ve dahi T\u00fcrk \u015fefinin o esnada \u00c7anakkale\u2019de bulunmas\u0131, M\u00fcttefikler bak\u0131m\u0131ndan talihin en ac\u0131 darbelerinden biridir.&#8221; &#8211; Alan Moorehead<\/li>\n<li>&#8220;Ak\u0131ll\u0131 ve bar\u0131\u015f\u00e7\u0131 y\u00f6ntemlerle ger\u00e7ekle\u015ftirdi\u011fi eseri halklar\u0131n tarihinde izlerini b\u0131rakacakt\u0131r.&#8221; &#8211; Albert Lebrun<\/li>\n<li>&#8220;Her \u015feyden \u00f6tesi, o bir kurucudur, modern zamanlar\u0131n en b\u00fcy\u00fck ulus kurucusudur.&#8221; &#8211; Andrew Mango<\/li>\n<li>&#8220;Da\u011f ba\u015f\u0131ndaki haydutlar diye isimlendirdi\u011finiz kahraman Mustafa Kemal ve O&#8217;nun t\u00fcm askerleri burada olsalard\u0131, teker teker hepsinin heykellerini dikerdik. B\u00f6ylesine kahraman bir antla\u015fma imzalamaktan gurur duyuyorum.&#8221; &#8211; Aristide Briand<\/li>\n<li>&#8220;Atat\u00fcrk\u2019\u00fcn d\u0131\u015f ili\u015fkiler konusu \u00fczerindeki g\u00f6r\u00fc\u015flerini inceleyen bir kimse fikirlerinin de\u011ferini ve ifade ettikleri zaman\u0131 a\u015fan anlamlar\u0131 kar\u015f\u0131s\u0131nda daima hayrete d\u00fc\u015fer.&#8221; &#8211; Awra M. Warren<\/li>\n<\/ul>\n","protected":false},"excerpt":{"rendered":"Mustafa Kemal Atat\u00fcrk, T\u00fcrkiye Cumhuriyeti&#8217;nin kurucusu ve b\u00fcy\u00fck bir lider olarak tarihe ad\u0131n\u0131 alt\u0131n harflerle yazd\u0131rm\u0131\u015ft\u0131r. Onun d\u00fc\u015f\u00fcnceleri,&hellip;\n","protected":false},"author":25,"featured_media":96718,"comment_status":"open","ping_status":"open","sticky":false,"template":"","format":"standard","meta":{"footnotes":""},"categories":[437],"tags":[],"yoast_head":"<!-- This site is optimized with the Yoast SEO plugin v22.5 - https:\/\/yoast.com\/wordpress\/plugins\/seo\/ -->\n<title>Atat\u00fcrk S\u00f6zleri - Ulu \u00d6nder Mustafa Kemal Atat\u00fcrk&#039;\u00fcn En G\u00fczel S\u00f6zleri - Muhiku<\/title>\n<meta name=\"description\" content=\"Mustafa Kemal Atat\u00fcrk s\u00f6zleri, onun liderlik anlay\u0131\u015f\u0131n\u0131 ve d\u00fc\u015f\u00fcncelerini ke\u015ffetmenizi sa\u011flayacak. Atat\u00fcrk\u2019\u00fcn ilham veren s\u00f6zleri i\u00e7in t\u0131klay\u0131n.\" \/>\n<meta name=\"robots\" content=\"index, follow, max-snippet:-1, max-image-preview:large, max-video-preview:-1\" \/>\n<link rel=\"canonical\" href=\"https:\/\/muhiku.com\/blog\/ataturk-sozleri\/\" \/>\n<meta property=\"og:locale\" content=\"tr_TR\" \/>\n<meta property=\"og:type\" content=\"article\" \/>\n<meta property=\"og:title\" content=\"Atat\u00fcrk S\u00f6zleri - Ulu \u00d6nder Mustafa Kemal Atat\u00fcrk&#039;\u00fcn En G\u00fczel S\u00f6zleri - Muhiku\" \/>\n<meta property=\"og:description\" content=\"Mustafa Kemal Atat\u00fcrk s\u00f6zleri, onun liderlik anlay\u0131\u015f\u0131n\u0131 ve d\u00fc\u015f\u00fcncelerini ke\u015ffetmenizi sa\u011flayacak. Atat\u00fcrk\u2019\u00fcn ilham veren s\u00f6zleri i\u00e7in t\u0131klay\u0131n.\" \/>\n<meta property=\"og:url\" content=\"https:\/\/muhiku.com\/blog\/ataturk-sozleri\/\" \/>\n<meta property=\"og:site_name\" content=\"Muhiku\" \/>\n<meta property=\"article:published_time\" content=\"2024-05-24T13:37:39+00:00\" \/>\n<meta property=\"article:modified_time\" content=\"2025-07-11T11:56:08+00:00\" \/>\n<meta property=\"og:image\" content=\"https:\/\/cdn.muhiku.com\/blog\/wp-content\/uploads\/2024\/05\/ataturk-sozleri-ulu-onder-mustafa-kemal-ataturkun-en-guzel-sozleri.webp?x28031\" \/>\n\t<meta property=\"og:image:width\" content=\"1024\" \/>\n\t<meta property=\"og:image:height\" content=\"600\" \/>\n\t<meta property=\"og:image:type\" content=\"image\/webp\" \/>\n<meta name=\"author\" content=\"Dilara Yal\u00e7\u0131n\" \/>\n<meta name=\"twitter:card\" content=\"summary_large_image\" \/>\n<meta name=\"twitter:label1\" content=\"Written by\" \/>\n\t<meta name=\"twitter:data1\" content=\"Dilara Yal\u00e7\u0131n\" \/>\n\t<meta name=\"twitter:label2\" content=\"Est. reading time\" \/>\n\t<meta name=\"twitter:data2\" content=\"13 dakika\" \/>\n<script type=\"application\/ld+json\" class=\"yoast-schema-graph\">{\"@context\":\"https:\/\/schema.org\",\"@graph\":[{\"@type\":\"Article\",\"@id\":\"https:\/\/muhiku.com\/blog\/ataturk-sozleri\/#article\",\"isPartOf\":{\"@id\":\"https:\/\/muhiku.com\/blog\/ataturk-sozleri\/\"},\"author\":{\"name\":\"Dilara Yal\u00e7\u0131n\",\"@id\":\"https:\/\/muhiku.com\/blog\/#\/schema\/person\/0b50be1d52ee74306e1405ad86aac5d5\",\"url\":\"https:\/\/muhiku.com\/blog\/\"},\"headline\":\"Atat\u00fcrk S\u00f6zleri &#8211; Ulu \u00d6nder Mustafa Kemal Atat\u00fcrk&#8217;\u00fcn En G\u00fczel S\u00f6zleri\",\"datePublished\":\"2024-05-24T13:37:39+00:00\",\"dateModified\":\"2025-07-11T11:56:08+00:00\",\"mainEntityOfPage\":{\"@id\":\"https:\/\/muhiku.com\/blog\/ataturk-sozleri\/\"},\"wordCount\":2464,\"commentCount\":0,\"publisher\":{\"@id\":\"https:\/\/muhiku.com\/blog\/#organization\"},\"image\":{\"@id\":\"https:\/\/muhiku.com\/blog\/ataturk-sozleri\/#primaryimage\"},\"thumbnailUrl\":\"https:\/\/muhiku.com\/blog\/wp-content\/uploads\/2024\/05\/ataturk-sozleri-ulu-onder-mustafa-kemal-ataturkun-en-guzel-sozleri.webp\",\"articleSection\":[\"Mesajlar\"],\"inLanguage\":\"tr\",\"potentialAction\":[{\"@type\":\"CommentAction\",\"name\":\"Comment\",\"target\":[\"https:\/\/muhiku.com\/blog\/ataturk-sozleri\/#respond\"]}]},{\"@type\":\"WebPage\",\"@id\":\"https:\/\/muhiku.com\/blog\/ataturk-sozleri\/\",\"url\":\"https:\/\/muhiku.com\/blog\/ataturk-sozleri\/\",\"name\":\"Atat\u00fcrk S\u00f6zleri - Ulu \u00d6nder Mustafa Kemal Atat\u00fcrk'\u00fcn En G\u00fczel S\u00f6zleri - Muhiku\",\"isPartOf\":{\"@id\":\"https:\/\/muhiku.com\/blog\/#website\"},\"primaryImageOfPage\":{\"@id\":\"https:\/\/muhiku.com\/blog\/ataturk-sozleri\/#primaryimage\"},\"image\":{\"@id\":\"https:\/\/muhiku.com\/blog\/ataturk-sozleri\/#primaryimage\"},\"thumbnailUrl\":\"https:\/\/muhiku.com\/blog\/wp-content\/uploads\/2024\/05\/ataturk-sozleri-ulu-onder-mustafa-kemal-ataturkun-en-guzel-sozleri.webp\",\"datePublished\":\"2024-05-24T13:37:39+00:00\",\"dateModified\":\"2025-07-11T11:56:08+00:00\",\"description\":\"Mustafa Kemal Atat\u00fcrk s\u00f6zleri, onun liderlik anlay\u0131\u015f\u0131n\u0131 ve d\u00fc\u015f\u00fcncelerini ke\u015ffetmenizi sa\u011flayacak. Atat\u00fcrk\u2019\u00fcn ilham veren s\u00f6zleri i\u00e7in t\u0131klay\u0131n.\",\"breadcrumb\":{\"@id\":\"https:\/\/muhiku.com\/blog\/ataturk-sozleri\/#breadcrumb\"},\"inLanguage\":\"tr\",\"potentialAction\":[{\"@type\":\"ReadAction\",\"target\":[\"https:\/\/muhiku.com\/blog\/ataturk-sozleri\/\"]}]},{\"@type\":\"ImageObject\",\"inLanguage\":\"tr\",\"@id\":\"https:\/\/muhiku.com\/blog\/ataturk-sozleri\/#primaryimage\",\"url\":\"https:\/\/muhiku.com\/blog\/wp-content\/uploads\/2024\/05\/ataturk-sozleri-ulu-onder-mustafa-kemal-ataturkun-en-guzel-sozleri.webp\",\"contentUrl\":\"https:\/\/muhiku.com\/blog\/wp-content\/uploads\/2024\/05\/ataturk-sozleri-ulu-onder-mustafa-kemal-ataturkun-en-guzel-sozleri.webp\",\"width\":1024,\"height\":600,\"caption\":\"ataturk-sozleri-ulu-onder-mustafa-kemal-ataturkun-en-guzel-sozleri\"},{\"@type\":\"BreadcrumbList\",\"@id\":\"https:\/\/muhiku.com\/blog\/ataturk-sozleri\/#breadcrumb\",\"itemListElement\":[{\"@type\":\"ListItem\",\"position\":1,\"name\":\"Blog\",\"item\":\"https:\/\/muhiku.com\/blog\/\"},{\"@type\":\"ListItem\",\"position\":2,\"name\":\"Atat\u00fcrk S\u00f6zleri &#8211; Ulu \u00d6nder Mustafa Kemal Atat\u00fcrk&#8217;\u00fcn En G\u00fczel S\u00f6zleri\"}]},{\"@type\":\"WebSite\",\"@id\":\"https:\/\/muhiku.com\/blog\/#website\",\"url\":\"https:\/\/muhiku.com\/blog\/\",\"name\":\"Muhiku\",\"description\":\"Yenilik\u00e7i Hediye Rehberi\",\"publisher\":{\"@id\":\"https:\/\/muhiku.com\/blog\/#organization\"},\"inLanguage\":\"tr\"},{\"@type\":\"Organization\",\"@id\":\"https:\/\/muhiku.com\/blog\/#organization\",\"name\":\"Muhiku\",\"url\":\"https:\/\/muhiku.com\/blog\/\",\"logo\":{\"@type\":\"ImageObject\",\"inLanguage\":\"tr\",\"@id\":\"https:\/\/muhiku.com\/blog\/#\/schema\/logo\/image\/\",\"url\":\"https:\/\/muhiku.com\/blog\/wp-content\/uploads\/2019\/04\/logo-kare-1.png\",\"contentUrl\":\"https:\/\/muhiku.com\/blog\/wp-content\/uploads\/2019\/04\/logo-kare-1.png\",\"width\":1080,\"height\":1080,\"caption\":\"Muhiku\"},\"image\":{\"@id\":\"https:\/\/muhiku.com\/blog\/#\/schema\/logo\/image\/\"}},{\"@type\":\"Person\",\"@id\":\"https:\/\/muhiku.com\/blog\/#\/schema\/person\/0b50be1d52ee74306e1405ad86aac5d5\",\"name\":\"Dilara Yal\u00e7\u0131n\",\"image\":{\"@type\":\"ImageObject\",\"inLanguage\":\"tr\",\"@id\":\"https:\/\/muhiku.com\/blog\/#\/schema\/person\/image\/\",\"url\":\"https:\/\/secure.gravatar.com\/avatar\/f6e97d59731e06ac22101ebcef389e69?s=96&d=mm&r=g\",\"contentUrl\":\"https:\/\/secure.gravatar.com\/avatar\/f6e97d59731e06ac22101ebcef389e69?s=96&d=mm&r=g\",\"caption\":\"Dilara Yal\u00e7\u0131n\"}}]}<\/script>\n<!-- \/ Yoast SEO plugin. -->","yoast_head_json":{"title":"Atat\u00fcrk S\u00f6zleri - Ulu \u00d6nder Mustafa Kemal Atat\u00fcrk'\u00fcn En G\u00fczel S\u00f6zleri - Muhiku","description":"Mustafa Kemal Atat\u00fcrk s\u00f6zleri, onun liderlik anlay\u0131\u015f\u0131n\u0131 ve d\u00fc\u015f\u00fcncelerini ke\u015ffetmenizi sa\u011flayacak. Atat\u00fcrk\u2019\u00fcn ilham veren s\u00f6zleri i\u00e7in t\u0131klay\u0131n.","robots":{"index":"index","follow":"follow","max-snippet":"max-snippet:-1","max-image-preview":"max-image-preview:large","max-video-preview":"max-video-preview:-1"},"canonical":"https:\/\/muhiku.com\/blog\/ataturk-sozleri\/","og_locale":"tr_TR","og_type":"article","og_title":"Atat\u00fcrk S\u00f6zleri - Ulu \u00d6nder Mustafa Kemal Atat\u00fcrk'\u00fcn En G\u00fczel S\u00f6zleri - Muhiku","og_description":"Mustafa Kemal Atat\u00fcrk s\u00f6zleri, onun liderlik anlay\u0131\u015f\u0131n\u0131 ve d\u00fc\u015f\u00fcncelerini ke\u015ffetmenizi sa\u011flayacak. Atat\u00fcrk\u2019\u00fcn ilham veren s\u00f6zleri i\u00e7in t\u0131klay\u0131n.","og_url":"https:\/\/muhiku.com\/blog\/ataturk-sozleri\/","og_site_name":"Muhiku","article_published_time":"2024-05-24T13:37:39+00:00","article_modified_time":"2025-07-11T11:56:08+00:00","og_image":[{"width":1024,"height":600,"url":"https:\/\/cdn.muhiku.com\/blog\/wp-content\/uploads\/2024\/05\/ataturk-sozleri-ulu-onder-mustafa-kemal-ataturkun-en-guzel-sozleri.webp?x28031","type":"image\/webp"}],"author":"Dilara Yal\u00e7\u0131n","twitter_card":"summary_large_image","twitter_misc":{"Written by":"Dilara Yal\u00e7\u0131n","Est. reading time":"13 dakika"},"schema":{"@context":"https:\/\/schema.org","@graph":[{"@type":"Article","@id":"https:\/\/muhiku.com\/blog\/ataturk-sozleri\/#article","isPartOf":{"@id":"https:\/\/muhiku.com\/blog\/ataturk-sozleri\/"},"author":{"name":"Dilara Yal\u00e7\u0131n","@id":"https:\/\/muhiku.com\/blog\/#\/schema\/person\/0b50be1d52ee74306e1405ad86aac5d5","url":"https:\/\/muhiku.com\/blog\/"},"headline":"Atat\u00fcrk S\u00f6zleri &#8211; Ulu \u00d6nder Mustafa Kemal Atat\u00fcrk&#8217;\u00fcn En G\u00fczel S\u00f6zleri","datePublished":"2024-05-24T13:37:39+00:00","dateModified":"2025-07-11T11:56:08+00:00","mainEntityOfPage":{"@id":"https:\/\/muhiku.com\/blog\/ataturk-sozleri\/"},"wordCount":2464,"commentCount":0,"publisher":{"@id":"https:\/\/muhiku.com\/blog\/#organization"},"image":{"@id":"https:\/\/muhiku.com\/blog\/ataturk-sozleri\/#primaryimage"},"thumbnailUrl":"https:\/\/muhiku.com\/blog\/wp-content\/uploads\/2024\/05\/ataturk-sozleri-ulu-onder-mustafa-kemal-ataturkun-en-guzel-sozleri.webp","articleSection":["Mesajlar"],"inLanguage":"tr","potentialAction":[{"@type":"CommentAction","name":"Comment","target":["https:\/\/muhiku.com\/blog\/ataturk-sozleri\/#respond"]}]},{"@type":"WebPage","@id":"https:\/\/muhiku.com\/blog\/ataturk-sozleri\/","url":"https:\/\/muhiku.com\/blog\/ataturk-sozleri\/","name":"Atat\u00fcrk S\u00f6zleri - Ulu \u00d6nder Mustafa Kemal Atat\u00fcrk'\u00fcn En G\u00fczel S\u00f6zleri - Muhiku","isPartOf":{"@id":"https:\/\/muhiku.com\/blog\/#website"},"primaryImageOfPage":{"@id":"https:\/\/muhiku.com\/blog\/ataturk-sozleri\/#primaryimage"},"image":{"@id":"https:\/\/muhiku.com\/blog\/ataturk-sozleri\/#primaryimage"},"thumbnailUrl":"https:\/\/muhiku.com\/blog\/wp-content\/uploads\/2024\/05\/ataturk-sozleri-ulu-onder-mustafa-kemal-ataturkun-en-guzel-sozleri.webp","datePublished":"2024-05-24T13:37:39+00:00","dateModified":"2025-07-11T11:56:08+00:00","description":"Mustafa Kemal Atat\u00fcrk s\u00f6zleri, onun liderlik anlay\u0131\u015f\u0131n\u0131 ve d\u00fc\u015f\u00fcncelerini ke\u015ffetmenizi sa\u011flayacak. Atat\u00fcrk\u2019\u00fcn ilham veren s\u00f6zleri i\u00e7in t\u0131klay\u0131n.","breadcrumb":{"@id":"https:\/\/muhiku.com\/blog\/ataturk-sozleri\/#breadcrumb"},"inLanguage":"tr","potentialAction":[{"@type":"ReadAction","target":["https:\/\/muhiku.com\/blog\/ataturk-sozleri\/"]}]},{"@type":"ImageObject","inLanguage":"tr","@id":"https:\/\/muhiku.com\/blog\/ataturk-sozleri\/#primaryimage","url":"https:\/\/muhiku.com\/blog\/wp-content\/uploads\/2024\/05\/ataturk-sozleri-ulu-onder-mustafa-kemal-ataturkun-en-guzel-sozleri.webp","contentUrl":"https:\/\/muhiku.com\/blog\/wp-content\/uploads\/2024\/05\/ataturk-sozleri-ulu-onder-mustafa-kemal-ataturkun-en-guzel-sozleri.webp","width":1024,"height":600,"caption":"ataturk-sozleri-ulu-onder-mustafa-kemal-ataturkun-en-guzel-sozleri"},{"@type":"BreadcrumbList","@id":"https:\/\/muhiku.com\/blog\/ataturk-sozleri\/#breadcrumb","itemListElement":[{"@type":"ListItem","position":1,"name":"Blog","item":"https:\/\/muhiku.com\/blog\/"},{"@type":"ListItem","position":2,"name":"Atat\u00fcrk S\u00f6zleri &#8211; Ulu \u00d6nder Mustafa Kemal Atat\u00fcrk&#8217;\u00fcn En G\u00fczel S\u00f6zleri"}]},{"@type":"WebSite","@id":"https:\/\/muhiku.com\/blog\/#website","url":"https:\/\/muhiku.com\/blog\/","name":"Muhiku","description":"Yenilik\u00e7i Hediye Rehberi","publisher":{"@id":"https:\/\/muhiku.com\/blog\/#organization"},"inLanguage":"tr"},{"@type":"Organization","@id":"https:\/\/muhiku.com\/blog\/#organization","name":"Muhiku","url":"https:\/\/muhiku.com\/blog\/","logo":{"@type":"ImageObject","inLanguage":"tr","@id":"https:\/\/muhiku.com\/blog\/#\/schema\/logo\/image\/","url":"https:\/\/muhiku.com\/blog\/wp-content\/uploads\/2019\/04\/logo-kare-1.png","contentUrl":"https:\/\/muhiku.com\/blog\/wp-content\/uploads\/2019\/04\/logo-kare-1.png","width":1080,"height":1080,"caption":"Muhiku"},"image":{"@id":"https:\/\/muhiku.com\/blog\/#\/schema\/logo\/image\/"}},{"@type":"Person","@id":"https:\/\/muhiku.com\/blog\/#\/schema\/person\/0b50be1d52ee74306e1405ad86aac5d5","name":"Dilara Yal\u00e7\u0131n","image":{"@type":"ImageObject","inLanguage":"tr","@id":"https:\/\/muhiku.com\/blog\/#\/schema\/person\/image\/","url":"https:\/\/secure.gravatar.com\/avatar\/f6e97d59731e06ac22101ebcef389e69?s=96&d=mm&r=g","contentUrl":"https:\/\/secure.gravatar.com\/avatar\/f6e97d59731e06ac22101ebcef389e69?s=96&d=mm&r=g","caption":"Dilara Yal\u00e7\u0131n"}}]}},"_links":{"self":[{"href":"https:\/\/muhiku.com\/blog\/wp-json\/wp\/v2\/posts\/96690"}],"collection":[{"href":"https:\/\/muhiku.com\/blog\/wp-json\/wp\/v2\/posts"}],"about":[{"href":"https:\/\/muhiku.com\/blog\/wp-json\/wp\/v2\/types\/post"}],"author":[{"embeddable":true,"href":"https:\/\/muhiku.com\/blog\/wp-json\/wp\/v2\/users\/25"}],"replies":[{"embeddable":true,"href":"https:\/\/muhiku.com\/blog\/wp-json\/wp\/v2\/comments?post=96690"}],"version-history":[{"count":7,"href":"https:\/\/muhiku.com\/blog\/wp-json\/wp\/v2\/posts\/96690\/revisions"}],"predecessor-version":[{"id":104487,"href":"https:\/\/muhiku.com\/blog\/wp-json\/wp\/v2\/posts\/96690\/revisions\/104487"}],"wp:featuredmedia":[{"embeddable":true,"href":"https:\/\/muhiku.com\/blog\/wp-json\/wp\/v2\/media\/96718"}],"wp:attachment":[{"href":"https:\/\/muhiku.com\/blog\/wp-json\/wp\/v2\/media?parent=96690"}],"wp:term":[{"taxonomy":"category","embeddable":true,"href":"https:\/\/muhiku.com\/blog\/wp-json\/wp\/v2\/categories?post=96690"},{"taxonomy":"post_tag","embeddable":true,"href":"https:\/\/muhiku.com\/blog\/wp-json\/wp\/v2\/tags?post=96690"}],"curies":[{"name":"wp","href":"https:\/\/api.w.org\/{rel}","templated":true}]}}