{"id":96452,"date":"2024-05-13T14:14:13","date_gmt":"2024-05-13T11:14:13","guid":{"rendered":"https:\/\/muhiku.com\/blog\/?p=96452"},"modified":"2025-07-11T14:42:26","modified_gmt":"2025-07-11T11:42:26","slug":"anne-siiri-anne-ile-ilgili-en-anlamli-ve-duygusal-siirler","status":"publish","type":"post","link":"https:\/\/muhiku.com\/blog\/anne-siiri-anne-ile-ilgili-en-anlamli-ve-duygusal-siirler\/","title":{"rendered":"Anne \u015eiiri &#8211; Anne ile \u0130lgili En Anlaml\u0131 ve Duygusal \u015eiirler"},"content":{"rendered":"<p>Anneler, hayat\u0131m\u0131z\u0131n en de\u011ferli varl\u0131klar\u0131. Onlar, sevginin ve fedak\u00e2rl\u0131\u011f\u0131n en saf \u00f6rnekleri. Hi\u00e7bir g\u00f6nle s\u0131\u011fmayan anne sevgisi dillere destan nice \u015fark\u0131lar\u0131n ve \u015fiirlerin do\u011fu\u015funu sa\u011flad\u0131. Biz de en g\u00fczel <strong>anne \u015fiiri<\/strong> \u00f6rneklerini derledik. Siz de bu \u015fiirleri anne sevginizi ya da \u00f6zleminizi bu \u015fiirlerle aktarabilirsiniz.<\/p>\n<p>\u0130\u015fte, annelere adanm\u0131\u015f en g\u00fczel anne \u015fiiri \u00f6rnekleri.<\/p>\n<h2 id=\"unlu-sairlerden-en-guzel-anne-siirleri\">\u00dcnl\u00fc \u015eairlerden En G\u00fczel Anne \u015eiirleri<\/h2>\n<p>Bu ba\u015fl\u0131k alt\u0131nda \u00fcnl\u00fc \u015fairlerin en g\u00fczel \u015fiirlerini derledik. Kimi zaman bir \u015fairin \u00f6len annesine \u00f6zlemle, kimi zaman ise sevdi\u011fi kad\u0131n\u0131n anneli\u011fine vurgu yapan \u00f6rnekler var.<\/p>\n<p>Ancak annelere adanm\u0131\u015f bu \u015fiirler \u00f6zlemin ve sevginin en g\u00fczel \u00f6rneklerini sergiliyorlar. \u0130\u015fte, annelere yaz\u0131lm\u0131\u015f o g\u00fczel \u015fiirler.<\/p>\n<h3 id=\"can-yucel-anne-siiri\">Can Y\u00fccel Anne \u015eiiri<\/h3>\n<p>T\u00fcrk Edebiyat\u0131&#8217;n\u0131n en usta kalemlerinden biri olan Can Y\u00fccel&#8217;in anne ile ilgili bir \u015fiirini ar\u0131yorsan\u0131z, Annem \u015fiiri tam size g\u00f6re!<\/p>\n<h4 id=\"can-yucelin-annem-siiri\">Can Y\u00fccel&#8217;in Annem \u015eiiri<\/h4>\n<p><img  loading=\"lazy\"  decoding=\"async\"  class=\"alignnone size-medium wp-image-96453 pk-lazyload\"  src=\"data:image\/png;base64,iVBORw0KGgoAAAANSUhEUgAAAyAAAAHVAQMAAAAzfg2oAAAAA1BMVEUAAP+KeNJXAAAAAXRSTlMAQObYZgAAAAlwSFlzAAAOxAAADsQBlSsOGwAAAEVJREFUeNrtwTEBAAAAwqD1T20ND6AAAAAAAAAAAAAAAAAAAAAAAAAAAAAAAAAAAAAAAAAAAAAAAAAAAAAAAAAAAACAWwO5CQABdzoz8gAAAABJRU5ErkJggg==\"  alt=\"can-yucel-anne-siiri-muhiku-blog\"  width=\"800\"  height=\"469\"  data-pk-sizes=\"auto\"  data-ls-sizes=\"(max-width: 800px) 100vw, 800px\"  data-pk-src=\"https:\/\/cdn.muhiku.com\/blog\/wp-content\/uploads\/2024\/05\/can-yucel-anne-siiri-muhiku-blog-800x469.jpg\"  data-pk-srcset=\"https:\/\/muhiku.com\/blog\/wp-content\/uploads\/2024\/05\/can-yucel-anne-siiri-muhiku-blog-800x469.jpg 800w, https:\/\/muhiku.com\/blog\/wp-content\/uploads\/2024\/05\/can-yucel-anne-siiri-muhiku-blog-380x223.jpg 380w, https:\/\/muhiku.com\/blog\/wp-content\/uploads\/2024\/05\/can-yucel-anne-siiri-muhiku-blog-760x445.jpg 760w, https:\/\/muhiku.com\/blog\/wp-content\/uploads\/2024\/05\/can-yucel-anne-siiri-muhiku-blog.jpg 1024w\" ><\/p>\n<p>Annelik Zormu\u015f Annem.. Olduk, G\u00f6rd\u00fck, Bildik<\/p>\n<p>Anal\u0131k nedir Annem?\u201d derdim de anac\u0131\u011f\u0131ma; \u201cBen ol da bil\u201d derdi Mevl\u00e2naca..<\/p>\n<p>Ben ol da bil!<\/p>\n<p>\u201cSen\u201d oldum annem bak!..<br \/>\n\u201cSen\u201d oldum ve bildim neymi\u015f bu i\u015fin y\u00fcrekcesi..<br \/>\nHani \u201cK\u00f6pekler bile \u201cana\u201d olmas\u0131n\u201d derdin ya hep, o \u0131zd\u0131rapl\u0131 y\u00fcre\u011finle, o engin \u015fefkatinle..<br \/>\nAnlamazd\u0131k o zaman biz zam\u00e2neler..<br \/>\n\u201cZor k\u0131z\u0131m, \u00e7ok zor anal\u0131k\u201d derdin ard\u0131ndan derin bir i\u00e7 \u00e7eki\u015fle..<br \/>\nZormu\u015f anam..<br \/>\nAna olmak \u201cHi\u00e7\u201d ken \u201cHep\u201d olmakm\u0131\u015f me\u011fer..\u00c7o\u011falmakm\u0131\u015f durmadan..<br \/>\nD\u00fcnyaya meydan okumak, mazi ve istikb\u00e2li s\u0131rtlamak, perv\u00e2s\u0131z bir g\u00f6z\u00fc karal\u0131km\u0131\u015f..<br \/>\nZormu\u015f Annem..Olduk, g\u00f6rd\u00fck, bildik bak..<br \/>\nAna olmak me\u011fer; Kor ate\u015flerde \u00fc\u015f\u00fcmesi, kara k\u0131\u015flarda buz kesmesiymi\u015f y\u00fcre\u011fin..<br \/>\nHep; \u201cBen!\u201d derken,<br \/>\nArt\u0131k; \u201cO\u201d, \u201c\u0130ll\u00e2 O!\u201d demesiymi\u015f..<br \/>\nHi\u00e7 varmayaca\u011f\u0131 kap\u0131lar\u0131 \u00e7almas\u0131, hi\u00e7 ederek \u00f6mr\u00fcn\u00fc, adanmas\u0131ym\u0131\u015f..<br \/>\nHi\u00e7 k\u0131zmamas\u0131 y\u00fcre\u011fin, almay\u0131 hi\u00e7 d\u00fc\u015f\u00fcnmeden hep vermesiymi\u015f..<br \/>\nHep sar\u0131p-sarmalamas\u0131, hi\u00e7 hesap sormadan, hep dost hep y\u00e2r olmas\u0131ym\u0131\u015f..<br \/>\nZormu\u015f Anam..<br \/>\nMe\u011fer \u00f6l\u00fcm\u00fcne bir kara sevdaym\u0131\u015f anal\u0131k..<br \/>\nOlduk, g\u00f6rd\u00fck, bildik bak..<\/p>\n<h3 id=\"cemal-sureya-anne-siiri\">Cemal S\u00fcreya Anne \u015eiiri<\/h3>\n<p>\u0130kinci Yeni ak\u0131m\u0131n\u0131n ve T\u00fcrk \u015fiirinin \u00f6nemli temsilcilerinden biri olan Cemal S\u00fcreya, eserlerinde insanl\u0131\u011fa dair bir\u00e7ok \u015feye de\u011finmi\u015ftir. Sevgi, a\u015fk, bireyin i\u00e7 d\u00fcnyas\u0131 ve karma\u015f\u0131k duygular\u0131 aktarm\u0131\u015ft\u0131r. \u0130nsan ya\u015fam\u0131na bu kadar \u00e7ok de\u011finen \u015fairin elbette ki anne ile ilgili yazd\u0131\u011f\u0131 \u015fiirler de vard\u0131r. \u0130\u015fte, Cemal S\u00fcreya&#8217;n\u0131n K\u00fc\u00e7\u00fck Anne \u015fiiri.<\/p>\n<h3 id=\"cemal-sureyanin-kucuk-anne-siiri\">Cemal S\u00fcreya&#8217;n\u0131n K\u00fc\u00e7\u00fck Anne \u015eiiri<\/h3>\n<p><img  loading=\"lazy\"  decoding=\"async\"  class=\"alignnone size-medium wp-image-96454 pk-lazyload\"  src=\"data:image\/png;base64,iVBORw0KGgoAAAANSUhEUgAAAyAAAAHVAQMAAAAzfg2oAAAAA1BMVEUAAP+KeNJXAAAAAXRSTlMAQObYZgAAAAlwSFlzAAAOxAAADsQBlSsOGwAAAEVJREFUeNrtwTEBAAAAwqD1T20ND6AAAAAAAAAAAAAAAAAAAAAAAAAAAAAAAAAAAAAAAAAAAAAAAAAAAAAAAAAAAACAWwO5CQABdzoz8gAAAABJRU5ErkJggg==\"  alt=\"cemal-sureya-anne-siiri-muhiku-blog\"  width=\"800\"  height=\"469\"  data-pk-sizes=\"auto\"  data-ls-sizes=\"(max-width: 800px) 100vw, 800px\"  data-pk-src=\"https:\/\/cdn.muhiku.com\/blog\/wp-content\/uploads\/2024\/05\/cemal-sureya-anne-siiri-muhiku-blog-800x469.jpg\"  data-pk-srcset=\"https:\/\/muhiku.com\/blog\/wp-content\/uploads\/2024\/05\/cemal-sureya-anne-siiri-muhiku-blog-800x469.jpg 800w, https:\/\/muhiku.com\/blog\/wp-content\/uploads\/2024\/05\/cemal-sureya-anne-siiri-muhiku-blog-380x223.jpg 380w, https:\/\/muhiku.com\/blog\/wp-content\/uploads\/2024\/05\/cemal-sureya-anne-siiri-muhiku-blog-760x445.jpg 760w, https:\/\/muhiku.com\/blog\/wp-content\/uploads\/2024\/05\/cemal-sureya-anne-siiri-muhiku-blog.jpg 1024w\" ><\/p>\n<p>K\u00fc\u00e7\u00fck anne, kelepir k\u0131z,<br \/>\nBir \u015fey s\u00f6yle bana,<br \/>\nBana bir laf et ki binlerce,<br \/>\nOnbinlerce g\u00f6r\u00fcnt\u00fc anlatamas\u0131n.<\/p>\n<p>Genceli Nizami&#8217;nin dedi\u011fi gibi<br \/>\nTa\u015f\u0131 onunla y\u0131kasalar<br \/>\n\u00dczerinde akik biter,<br \/>\nBak\u0131\u015flar\u0131n ki..<\/p>\n<p>\u0130kinci bir par\u0131lt\u0131 var senin bak\u0131\u015flar\u0131nda<br \/>\nKe\u015fke yaln\u0131z bunun i\u00e7in sevseydim seni.<\/p>\n<h2 id=\"en-guzel-anne-siirleri\">En G\u00fczel Anne \u015eiirleri<\/h2>\n<p>Annenize duydu\u011funuz sevgiyi anlatacak en g\u00fczel anne \u015fiirlerini sizler i\u00e7in derledik. Siz de bu g\u00fczel \u015fiirleri \u00f6zel g\u00fcnlerde annelerinize g\u00f6nderebilir, onlar\u0131 \u00e7ok mutlu edebilirsiniz. \u0130\u015fte, en anlaml\u0131 ve g\u00fczel anne temal\u0131 \u015fiirler.<\/p>\n<h3 id=\"didem-madak-anne-siiri\">Didem Madak Anne \u015eiiri<\/h3>\n<p>Anne sevgisini ve \u00f6zlemini \u015fiirlerinde en \u00e7ok yans\u0131tan \u015fairlerden biri olan Didem Madak, \u00e7ok k\u00fc\u00e7\u00fck ya\u015fta annesini kaybetmi\u015ftir. Ya\u015fad\u0131\u011f\u0131 zorluklar\u0131 ve annesine duydu\u011fu \u00f6zlemi de eserlerinde dile getirmi\u015ftir. Siz de Didem Madak&#8217;\u0131n annelik ve anne sevgisi ile ilgili s\u00f6zlerini ar\u0131yorsan\u0131z, Annemle \u0130lgili \u015eeyler \u015fiirini \u00e7ok be\u011feneceksiniz.<\/p>\n<h4 id=\"didem-madakin-annemle-ilgili-seyler-siiri\">Didem Madak&#8217;\u0131n Annemle \u0130lgili \u015eeyler \u015eiiri<\/h4>\n<p><img  loading=\"lazy\"  decoding=\"async\"  class=\"alignnone size-medium wp-image-96455 pk-lazyload\"  src=\"data:image\/png;base64,iVBORw0KGgoAAAANSUhEUgAAAyAAAAHVAQMAAAAzfg2oAAAAA1BMVEUAAP+KeNJXAAAAAXRSTlMAQObYZgAAAAlwSFlzAAAOxAAADsQBlSsOGwAAAEVJREFUeNrtwTEBAAAAwqD1T20ND6AAAAAAAAAAAAAAAAAAAAAAAAAAAAAAAAAAAAAAAAAAAAAAAAAAAAAAAAAAAACAWwO5CQABdzoz8gAAAABJRU5ErkJggg==\"  alt=\"didem-madak-anne-siiri-muhiku-blog\"  width=\"800\"  height=\"469\"  data-pk-sizes=\"auto\"  data-ls-sizes=\"(max-width: 800px) 100vw, 800px\"  data-pk-src=\"https:\/\/cdn.muhiku.com\/blog\/wp-content\/uploads\/2024\/05\/didem-madak-anne-siiri-muhiku-blog-800x469.jpg\"  data-pk-srcset=\"https:\/\/muhiku.com\/blog\/wp-content\/uploads\/2024\/05\/didem-madak-anne-siiri-muhiku-blog-800x469.jpg 800w, https:\/\/muhiku.com\/blog\/wp-content\/uploads\/2024\/05\/didem-madak-anne-siiri-muhiku-blog-380x223.jpg 380w, https:\/\/muhiku.com\/blog\/wp-content\/uploads\/2024\/05\/didem-madak-anne-siiri-muhiku-blog-760x445.jpg 760w, https:\/\/muhiku.com\/blog\/wp-content\/uploads\/2024\/05\/didem-madak-anne-siiri-muhiku-blog.jpg 1024w\" ><\/p>\n<p>Sevgili Anneci\u011fim,<br \/>\nBinlerce kez a\u00e7\u0131ld\u0131m, binlerce kez kapand\u0131m yoklu\u011funda<br \/>\nKocaman bir da\u011f lalesi gibi<br \/>\nVe kapkara g\u00f6be\u011fini d\u00fcnyaya f\u0131rlatacakm\u0131\u015f gibi duran.<\/p>\n<p>\u015eimdi mucizevi bir yerdeyim<br \/>\nMuc\u2019\u0131n ucuz evinde<br \/>\nSanki m\u00fcrekkebi rutubet olan bir kalem<br \/>\nDuvarlara hep senin resmini \u00e7iziyor<br \/>\ndi\u2019li ge\u00e7mi\u015f zamanda bir\u00e7ok resim,<br \/>\nHep g\u00fcl\u00fcms\u00fcyorsun<br \/>\nAkl\u0131n\u0131n ortas\u0131nda mavi bir y\u0131ld\u0131z varm\u0131\u015f gibi<br \/>\nVe o y\u0131ld\u0131z karanl\u0131k bir \u015fubat ak\u015fam\u0131nda<br \/>\nDurmadan soluyormu\u015f gibi<\/p>\n<p>Hat\u0131rlar m\u0131s\u0131n?<br \/>\nMavi sa\u00e7l\u0131 bir tanr\u0131 gibi severdim Burdur G\u00f6l\u00fc\u2019n\u00fc<br \/>\nO g\u00f6l \u015fimdi i\u00e7imde kocaman bir anne \u00f6l\u00fcs\u00fc.<br \/>\nVi\u015fne bah\u00e7eleriyle dolu,<br \/>\nNe\u015feli bir \u015fehre benzerdi senin sesin.<br \/>\nBazen \u00f6lmek istiyorum<br \/>\nBeni yeniden do\u011furman i\u00e7in<br \/>\n\u0130ri, ek\u015fi bir vi\u015fne tanesi gibi.<\/p>\n<p>K\u0131\u015f ba\u015f\u0131nda bir ton k\u00f6m\u00fcr y\u0131\u011farlard\u0131 kap\u0131ya<br \/>\nBazen g\u00f6r\u00fclen r\u00fcyalar gibi kapkara<br \/>\nBir ton r\u00fcya \u00e7\u0131t\u0131rdarken<br \/>\nSen kar ya\u011fmadan \u00f6nce ba\u015fkayd\u0131n,<br \/>\nKar ya\u011fd\u0131ktan sonra bamba\u015fka.<br \/>\nSanki hep bulu\u011f \u00e7a\u011f\u0131ndayd\u0131m.<br \/>\nKu\u015flar zaptederdi her yeri, sabahlar\u0131<br \/>\nBinlerce kez s\u00f6ylerlerdi s\u00f6yleyeceklerini<br \/>\nBizim hi\u00e7 anlayamayaca\u011f\u0131m\u0131z bir \u015feyi<br \/>\nSenin \u015fark\u0131lar\u0131n a\u00e7 ku\u015flara bu\u011fday sa\u00e7ard\u0131<br \/>\nKediler yusyuvarlak dururdu kar\u0131n ortas\u0131nda<br \/>\nKar manzaral\u0131 bir resmin ortas\u0131nda durur gibi<br \/>\nGri kediler sarm\u0131\u015ft\u0131 etraf\u0131m\u0131z\u0131, gri da\u011flar&#8230;<br \/>\nBir tek senin \u00e7ocuklar \u00fc\u015f\u00fcyecek rengi sa\u00e7lar\u0131n vard\u0131.<\/p>\n<p>Ben bu eve Muc\u2019\u0131n ucuz evi diyorm<br \/>\nYoklu\u011funda b\u00f6yle oldum.<br \/>\nMucize \u00f6ld\u00fckten sonra buraya ta\u015f\u0131nd\u0131m.<br \/>\nVe inan<br \/>\nMuc bu evi bana \u00e7ok ucuza verdi.<\/p>\n<p>Ya\u015fasayd\u0131n, hayat\u0131n\u0131n ortas\u0131na<br \/>\nG\u00fcller y\u0131\u011fan bir adam olsun isterdim babam.<br \/>\nSen bir \u00e7ocuk roman\u0131 annesi ol isterdim.<br \/>\n\u00d6l\u00fc m\u0131s\u0131r tarlalar\u0131 h\u0131\u015f\u0131rd\u0131yordu<br \/>\nVe kalbimde \u00e7\u0131ng\u0131rakl\u0131 y\u0131lan s\u00fcr\u00fcleri<br \/>\nDiye ba\u015flayan bir \u00e7ocuk roman\u0131nda&#8230;<br \/>\n\u015eal\u0131na sar\u0131n\u0131rd\u0131n topra\u011fa sar\u0131n\u0131r gibi<br \/>\nErken \u00f6lece\u011fini biliyordum bana b\u0131rakmak i\u00e7in,<br \/>\nBu ac\u0131mas\u0131z \u00f6l\u00fc anne sesini<\/p>\n<p>\u015eimdi mucizevi bir yerdeyim<br \/>\nZaman bir salyangozun v\u00fccudunda ya\u015f\u0131yor burada<br \/>\nVe \u00e7ok a\u011f\u0131r ilerliyor.<br \/>\nY\u00fcz\u00fcmdeki \u00e7illerden ba\u015fka<br \/>\n\u0130syan eden biri yok hayat\u0131mda.<\/p>\n<h3 id=\"nazim-hikmet-anne-siiri\">Naz\u0131m Hikmet Anne \u015eiiri<\/h3>\n<p>T\u00fcrk Edebiyat\u0131&#8217;n\u0131n en etkileyici \u015fairlerinden biri olan Naz\u0131m Hikmet, sanat\u0131yla bir\u00e7ok yeni sanat\u00e7\u0131y\u0131 da etkilemeyi ba\u015farm\u0131\u015ft\u0131r. Eserleri yaz\u0131ld\u0131klar\u0131 d\u00f6nemleri a\u015fm\u0131\u015f, g\u00fcn\u00fcm\u00fczde de b\u00fcy\u00fck etkiler yaratm\u0131\u015ft\u0131r. Siz de Naz\u0131m Hikmet&#8217;in anne ile ilgili bir \u015fiirini ar\u0131yorsan\u0131z, bu \u00f6nerimiz tam size g\u00f6re.<\/p>\n<h4 id=\"nazim-hikmetin-annen-siiri\">Naz\u0131m Hikmet&#8217;in Annen \u015eiiri<\/h4>\n<p><img  loading=\"lazy\"  decoding=\"async\"  class=\"alignnone size-medium wp-image-96457 pk-lazyload\"  src=\"data:image\/png;base64,iVBORw0KGgoAAAANSUhEUgAAAyAAAAHVAQMAAAAzfg2oAAAAA1BMVEUAAP+KeNJXAAAAAXRSTlMAQObYZgAAAAlwSFlzAAAOxAAADsQBlSsOGwAAAEVJREFUeNrtwTEBAAAAwqD1T20ND6AAAAAAAAAAAAAAAAAAAAAAAAAAAAAAAAAAAAAAAAAAAAAAAAAAAAAAAAAAAACAWwO5CQABdzoz8gAAAABJRU5ErkJggg==\"  alt=\"nazim-hikmet-anne-siiri-muhiku-blog\"  width=\"800\"  height=\"469\"  data-pk-sizes=\"auto\"  data-ls-sizes=\"(max-width: 800px) 100vw, 800px\"  data-pk-src=\"https:\/\/cdn.muhiku.com\/blog\/wp-content\/uploads\/2024\/05\/nazim-hikmet-anne-siiri-muhiku-blog-800x469.jpg\"  data-pk-srcset=\"https:\/\/muhiku.com\/blog\/wp-content\/uploads\/2024\/05\/nazim-hikmet-anne-siiri-muhiku-blog-800x469.jpg 800w, https:\/\/muhiku.com\/blog\/wp-content\/uploads\/2024\/05\/nazim-hikmet-anne-siiri-muhiku-blog-380x223.jpg 380w, https:\/\/muhiku.com\/blog\/wp-content\/uploads\/2024\/05\/nazim-hikmet-anne-siiri-muhiku-blog-760x445.jpg 760w, https:\/\/muhiku.com\/blog\/wp-content\/uploads\/2024\/05\/nazim-hikmet-anne-siiri-muhiku-blog.jpg 1024w\" ><\/p>\n<p>Sen bir avu\u00e7 bebektin<br \/>\nKimdi s\u00fct veren sana,<br \/>\nHastaland\u0131n \u00f6lecektin<br \/>\nKim kanat gerdi sana?<\/p>\n<p>Senin minik ba\u015f\u0131n\u0131<br \/>\nAvu\u00e7lar\u0131na al\u0131p<br \/>\nGece uykusuz kal\u0131p<br \/>\nKuca\u011f\u0131nda kim sallad\u0131<br \/>\nA\u011flad\u0131n, seninle kim a\u011flad\u0131<br \/>\nAnnen!<\/p>\n<p>Sana ilk ad\u0131m\u0131n\u0131 att\u0131ran kimdir<br \/>\nKonu\u015fmay\u0131 \u00f6\u011fretti sana bir bir<br \/>\nAnnen!<\/p>\n<p>Sen \u015fimdi giderken okula<br \/>\nSefertas\u0131n\u0131 kim haz\u0131rlar?<br \/>\nKim bakar arkandan yola?<br \/>\nSende en \u00e7ok kimin hakk\u0131 var<br \/>\nKimdir seni en \u00e7ok seven<br \/>\nAnnen! D\u00fcnyay\u0131 hi\u00e7 de\u011filse bir g\u00fcnl\u00fc\u011f\u00fcne<br \/>\nall\u0131 pullu bir balon gibi verelim oynas\u0131nlar<br \/>\noynas\u0131nlar t\u00fcrk\u00fcler s\u00f6yleyerek y\u0131ld\u0131zlar\u0131n aras\u0131nda<br \/>\nd\u00fcnyay\u0131 \u00e7ocuklara verelim kocaman bir elma gibi verelim s\u0131cac\u0131k bir ekmek somunu<br \/>\ngibi<br \/>\nhi\u00e7 de\u011filse bir g\u00fcnl\u00fc\u011f\u00fcne doysunlar<br \/>\nd\u00fcnyay\u0131 \u00e7ocuklara verelim<br \/>\nbir g\u00fcnl\u00fck de olsa \u00f6\u011frensin d\u00fcnya arkada\u015fl\u0131\u011f\u0131<br \/>\n\u00e7ocuklar d\u00fcnyay\u0131 alacak elimizden<br \/>\n\u00f6l\u00fcms\u00fcz a\u011fa\u00e7lar dikecekler<\/p>\n<h2 id=\"kisa-anne-siirleri\">K\u0131sa Anne \u015eiirleri<\/h2>\n<p><img  loading=\"lazy\"  decoding=\"async\"  class=\"alignnone size-medium wp-image-103775 pk-lazyload\"  src=\"data:image\/png;base64,iVBORw0KGgoAAAANSUhEUgAAAyAAAAHVAQMAAAAzfg2oAAAAA1BMVEUAAP+KeNJXAAAAAXRSTlMAQObYZgAAAAlwSFlzAAAOxAAADsQBlSsOGwAAAEVJREFUeNrtwTEBAAAAwqD1T20ND6AAAAAAAAAAAAAAAAAAAAAAAAAAAAAAAAAAAAAAAAAAAAAAAAAAAAAAAAAAAACAWwO5CQABdzoz8gAAAABJRU5ErkJggg==\"  alt=\"anneler-en-cok-hangi-hediyeyi-sever\"  width=\"800\"  height=\"469\"  data-pk-sizes=\"auto\"  data-ls-sizes=\"(max-width: 800px) 100vw, 800px\"  data-pk-src=\"https:\/\/cdn.muhiku.com\/blog\/wp-content\/uploads\/2025\/04\/anneler-en-cok-hangi-hediyeyi-sever-800x469.jpg\"  data-pk-srcset=\"https:\/\/muhiku.com\/blog\/wp-content\/uploads\/2025\/04\/anneler-en-cok-hangi-hediyeyi-sever-800x469.jpg 800w, https:\/\/muhiku.com\/blog\/wp-content\/uploads\/2025\/04\/anneler-en-cok-hangi-hediyeyi-sever-380x223.jpg 380w, https:\/\/muhiku.com\/blog\/wp-content\/uploads\/2025\/04\/anneler-en-cok-hangi-hediyeyi-sever-760x445.jpg 760w, https:\/\/muhiku.com\/blog\/wp-content\/uploads\/2025\/04\/anneler-en-cok-hangi-hediyeyi-sever.jpg 1024w\" ><\/p>\n<p>Siz de annenize olan hislerinizi aktaracak, k\u0131sa ve anlaml\u0131 \u015fiirler ar\u0131yorsan\u0131z; a\u015fa\u011f\u0131da s\u0131ralad\u0131\u011f\u0131m\u0131z Orhan Veli ve Sezai Karako\u00e7&#8217;un \u015fiirleri tam size g\u00f6re!<\/p>\n<h3 id=\"orhan-veli-anne-siiri\">Orhan Veli Anne \u015eiiri<\/h3>\n<p>Edebiyat\u0131m\u0131z\u0131n en yetenekli \u015fairlerinden biri olan Orhan Veli&#8217;nin R\u00fcya isimli \u015fiiri, anne sevgisini en saf ve g\u00fczel \u015fekilde a\u00e7\u0131kl\u0131yor. \u0130\u015fte, Orhan Veli&#8217;den R\u00fcya.<\/p>\n<h4 id=\"orhan-velinin-ruya-siiri\">Orhan Veli&#8217;nin R\u00fcya \u015eiiri<\/h4>\n<p>Annemi \u00f6lm\u00fc\u015f g\u00f6rd\u00fcm r\u00fcyamda.<br \/>\nA\u011flayarak uyan\u0131\u015f\u0131m<br \/>\nHat\u0131rlatt\u0131 bana, bir bayram sabah\u0131<br \/>\nG\u00f6ky\u00fcz\u00fcne ka\u00e7\u0131rd\u0131\u011f\u0131m balonuma bak\u0131p<br \/>\nA\u011flay\u0131\u015f\u0131m\u0131.<\/p>\n<h3 id=\"sezai-karakoc-anne-siiri\">Sezai Karako\u00e7 Anne \u015eiiri<\/h3>\n<p>Siz de Sezai Karako\u00e7&#8217;un anne sevgisini ve anne ile \u00e7ocuk aras\u0131ndaki ba\u011f\u0131 anlatan s\u00f6zlerini ar\u0131yorsan\u0131z, Anneler ve \u00c7ocuklar \u015fiiri tam size g\u00f6re.<\/p>\n<h3 id=\"sezai-karakocun-anneler-ve-cocuklar-siiri\">Sezai Karako\u00e7&#8217;un Anneler ve \u00c7ocuklar \u015eiiri<\/h3>\n<p>Anne \u00f6ld\u00fc m\u00fc \u00e7ocuk<br \/>\nBah\u00e7enin en yaln\u0131z k\u00f6\u015fesinde<br \/>\nElinde siyah bir \u00e7ubuk<br \/>\nA\u011fz\u0131nda k\u00fc\u00e7\u00fck bir leke<\/p>\n<p>\u00c7ocuk \u00f6ld\u00fc m\u00fc g\u00fcne\u015f<br \/>\nSimsiyah g\u00f6r\u00fcn\u00fcyor g\u00f6z\u00fcne<br \/>\nElinde bir ip nereye<br \/>\nBilmez ba\u011flayaca\u011f\u0131n\u0131 anne<\/p>\n<p>Ka\u00e7ar herkesten<br \/>\nDurmaz bir yerde<br \/>\nAnne \u00f6l\u00fcnce \u00e7ocuk<br \/>\n\u00c7ocuk \u00f6l\u00fcnce anne<\/p>\n<h2 id=\"duygusal-anne-siirleri\">Duygusal Anne \u015eiirleri<\/h2>\n<p>Siz de anne ve \u00e7ocu\u011fu aras\u0131ndaki hisleri en g\u00fczel \u015fekilde aktaran, duygusal ve anlaml\u0131 \u015fiirler ar\u0131yorsan\u0131z, \u00f6nerilerimiz tam size g\u00f6re. Bu \u015fiirleri dilerseniz Anneler G\u00fcn\u00fc gibi \u00f6zel g\u00fcnlerde, dilerseniz de s\u0131radan bir g\u00fcnde sadece duygular\u0131n\u0131 dile getirmek i\u00e7in annenize g\u00f6nderebilirsiniz. \u0130\u015fte, duygusal anne \u015fiirleri.<\/p>\n<h3 id=\"haydar-ergulenin-anne-siiri\">Haydar Erg\u00fclen&#8217;in Anne \u015eiiri<\/h3>\n<p><img  loading=\"lazy\"  decoding=\"async\"  class=\"alignnone size-medium wp-image-96456 pk-lazyload\"  src=\"data:image\/png;base64,iVBORw0KGgoAAAANSUhEUgAAAyAAAAHVAQMAAAAzfg2oAAAAA1BMVEUAAP+KeNJXAAAAAXRSTlMAQObYZgAAAAlwSFlzAAAOxAAADsQBlSsOGwAAAEVJREFUeNrtwTEBAAAAwqD1T20ND6AAAAAAAAAAAAAAAAAAAAAAAAAAAAAAAAAAAAAAAAAAAAAAAAAAAAAAAAAAAACAWwO5CQABdzoz8gAAAABJRU5ErkJggg==\"  alt=\"haydar-ergulen-anne-siiri-muhiku-blog\"  width=\"800\"  height=\"469\"  data-pk-sizes=\"auto\"  data-ls-sizes=\"(max-width: 800px) 100vw, 800px\"  data-pk-src=\"https:\/\/cdn.muhiku.com\/blog\/wp-content\/uploads\/2024\/05\/haydar-ergulen-anne-siiri-muhiku-blog-800x469.jpg\"  data-pk-srcset=\"https:\/\/muhiku.com\/blog\/wp-content\/uploads\/2024\/05\/haydar-ergulen-anne-siiri-muhiku-blog-800x469.jpg 800w, https:\/\/muhiku.com\/blog\/wp-content\/uploads\/2024\/05\/haydar-ergulen-anne-siiri-muhiku-blog-380x223.jpg 380w, https:\/\/muhiku.com\/blog\/wp-content\/uploads\/2024\/05\/haydar-ergulen-anne-siiri-muhiku-blog-760x445.jpg 760w, https:\/\/muhiku.com\/blog\/wp-content\/uploads\/2024\/05\/haydar-ergulen-anne-siiri-muhiku-blog.jpg 1024w\" ><\/p>\n<p>Sahi senden mi do\u011fdum anne<br \/>\nYollar nehirler ku\u015fluk vakitleri dururken<br \/>\nbir insandan m\u0131 do\u011far bir \u00e7ocuk<\/p>\n<p>Anne senin y\u00fcre\u011fin ta\u015f olsa dayan\u0131r m\u0131<br \/>\nKu\u015f olsa \u00e7i\u00e7ek olsa g\u00fcnd\u00fcz olsa<br \/>\nK\u0131r\u0131lmaz m\u0131 ac\u0131dan bir sap menek\u015fenin boynu<\/p>\n<p>Bu kez da\u011flar do\u011fursun beni anne<br \/>\nSen de \u0131l\u0131k bir ya\u011fmur ol<br \/>\nDurmadan ya\u011f kanayan yerlerime<\/p>\n<h3 id=\"arif-nihat-asya-anne-siiri\">Arif Nihat Asya Anne \u015eiiri<\/h3>\n<p>\u0130lk kunda\u011f\u0131n<br \/>\nBen oldum, yavrum;<br \/>\n\u0130lk oyunca\u011f\u0131n<br \/>\nBen oldum.<\/p>\n<p>Ac\u0131 nedir<br \/>\nTatl\u0131 nedir&#8230; bilmezdin<br \/>\nDilin dama\u011f\u0131n<br \/>\nBen oldum.<br \/>\nElinin ermedi\u011fi<br \/>\nDilinin d\u00f6nmedi\u011fi<br \/>\n\u00c7a\u011flarda, yavrum<br \/>\nKolun kanad\u0131n<br \/>\nBen oldum<br \/>\nDilin duda\u011f\u0131n<br \/>\nBen oldum.<\/p>\n<p>Belki k\u0131skan\u0131rlar diye<br \/>\nG\u00f6rd\u00fcklerini<br \/>\nSaklad\u0131m g\u00f6zlerden<br \/>\nG\u00fcl\u00fcc\u00fcklerini&#8230;<br \/>\nT\u00fcl\u00fcn duva\u011f\u0131n<br \/>\nBen oldum!<\/p>\n<p>Art\u0131k isterlerse ad\u0131m\u0131<br \/>\nS\u00f6ylemesinler bana<br \/>\n&#8216;Onun Annesi&#8217; diyorlar&#8230;<br \/>\nBu yeter sevgilim bu yeter bana!<\/p>\n<p>Bir dedi\u011fini<br \/>\n\u0130ki etmiyeyim diye<br \/>\n\u00d6yle \u00e7\u0131rp\u0131nd\u0131m ki<br \/>\nVe seni \u00f6yle sevdim sana<br \/>\nO kadar \u0131s\u0131nd\u0131m ki<br \/>\nUsanmad\u0131m, yorulmad\u0131m, \u00e7ekinmedim<br \/>\nG\u00fcn oldu k\u0131rd\u0131n&#8230;<br \/>\n\u0130ncinmedim;<br \/>\n\u0130lk oyunca\u011f\u0131n<br \/>\nBen oldum&#8230; Yavrum<br \/>\nSon oyunca\u011f\u0131n<br \/>\nBen oldum&#8230;<\/p>\n<p>Lay\u0131k de\u011fildim<br \/>\nLay\u0131k g\u00f6rd\u00fcler<br \/>\nAnnen oldum yavrum<br \/>\nAnnen oldum!<\/p>\n<h3 id=\"ahmet-erhanin-anne-siiri\">Ahmet Erhan&#8217;\u0131n Anne \u015eiiri<\/h3>\n<p><img  loading=\"lazy\"  decoding=\"async\"  class=\"alignnone size-medium wp-image-96458 pk-lazyload\"  src=\"data:image\/png;base64,iVBORw0KGgoAAAANSUhEUgAAAyAAAAHVAQMAAAAzfg2oAAAAA1BMVEUAAP+KeNJXAAAAAXRSTlMAQObYZgAAAAlwSFlzAAAOxAAADsQBlSsOGwAAAEVJREFUeNrtwTEBAAAAwqD1T20ND6AAAAAAAAAAAAAAAAAAAAAAAAAAAAAAAAAAAAAAAAAAAAAAAAAAAAAAAAAAAACAWwO5CQABdzoz8gAAAABJRU5ErkJggg==\"  alt=\"ahmet-erhan-anne-siiri-muhiku-blog\"  width=\"800\"  height=\"469\"  data-pk-sizes=\"auto\"  data-ls-sizes=\"(max-width: 800px) 100vw, 800px\"  data-pk-src=\"https:\/\/cdn.muhiku.com\/blog\/wp-content\/uploads\/2024\/05\/ahmet-erhan-anne-siiri-muhiku-blog-800x469.jpg\"  data-pk-srcset=\"https:\/\/muhiku.com\/blog\/wp-content\/uploads\/2024\/05\/ahmet-erhan-anne-siiri-muhiku-blog-800x469.jpg 800w, https:\/\/muhiku.com\/blog\/wp-content\/uploads\/2024\/05\/ahmet-erhan-anne-siiri-muhiku-blog-380x223.jpg 380w, https:\/\/muhiku.com\/blog\/wp-content\/uploads\/2024\/05\/ahmet-erhan-anne-siiri-muhiku-blog-760x445.jpg 760w, https:\/\/muhiku.com\/blog\/wp-content\/uploads\/2024\/05\/ahmet-erhan-anne-siiri-muhiku-blog.jpg 1024w\" ><\/p>\n<p>B\u0131rak kals\u0131n masada ekmek<br \/>\ntestide su<br \/>\nAyna puslu, pencere cam\u0131 kirli<br \/>\nB\u0131rak kals\u0131n sa\u00e7lar\u0131n da\u011f\u0131n\u0131k,<br \/>\ng\u00f6zlerin uykulu.<br \/>\nSaks\u0131daki \u00e7i\u00e7ek susuz, kedi<br \/>\nyal\u0131n\u0131 bekler bir k\u00f6\u015fede<br \/>\nB\u0131rak kals\u0131n meyve a\u011fa\u00e7ta,<br \/>\nk\u0131rlang\u0131\u00e7 havada<br \/>\nDama d\u00fc\u015fen ince bir yaz ya\u011fmuru&#8230;<br \/>\nYoruldun art\u0131k, b\u00fct\u00fcn g\u00fcn<br \/>\ndidinip durdun<br \/>\nToprak bile, g\u00f6k bile, deniz bile<br \/>\nbir yerde yorulur.<br \/>\nB\u0131rak kals\u0131n s\u00fcp\u00fcrge duvarda,<br \/>\nsabun kovada<br \/>\nAnne, gel yan\u0131ma otur.<\/p>\n<h2 id=\"anne-siirleri-kisa-duygusal\">Anne \u015eiirleri K\u0131sa Duygusal<\/h2>\n<p>\u00dcnl\u00fc \u015fairlerin \u015fiirlerinin yan\u0131 s\u0131ra sizin i\u00e7in anonim \u00f6rnekler de haz\u0131rlad\u0131k. \u0130ki\u015fer k\u0131tal\u0131k bu duygusal k\u0131sa anne \u015fiiri \u00f6rnekleriyle dilerseniz annenizin do\u011fum g\u00fcn\u00fcn\u00fc, dilerseniz Anneler G\u00fcn\u00fc&#8217;n\u00fc, dilerseniz de herhangi \u00f6zel bir g\u00fcn\u00fc kutlayabilirsiniz.<\/p>\n<p>\u0130\u015fte, anne \u015fiiri arayanlar i\u00e7in duygusal \u00f6rnekler.<\/p>\n<h3 id=\"canim-annem\">Can\u0131m Annem<\/h3>\n<p><img  loading=\"lazy\"  decoding=\"async\"  class=\"alignnone size-medium wp-image-96461 pk-lazyload\"  src=\"data:image\/png;base64,iVBORw0KGgoAAAANSUhEUgAAAyAAAAHVAQMAAAAzfg2oAAAAA1BMVEUAAP+KeNJXAAAAAXRSTlMAQObYZgAAAAlwSFlzAAAOxAAADsQBlSsOGwAAAEVJREFUeNrtwTEBAAAAwqD1T20ND6AAAAAAAAAAAAAAAAAAAAAAAAAAAAAAAAAAAAAAAAAAAAAAAAAAAAAAAAAAAACAWwO5CQABdzoz8gAAAABJRU5ErkJggg==\"  alt=\"canim-annem-siir-muhiku-blog\"  width=\"800\"  height=\"469\"  data-pk-sizes=\"auto\"  data-ls-sizes=\"(max-width: 800px) 100vw, 800px\"  data-pk-src=\"https:\/\/cdn.muhiku.com\/blog\/wp-content\/uploads\/2024\/05\/canim-annem-siir-muhiku-blog-800x469.jpg\"  data-pk-srcset=\"https:\/\/muhiku.com\/blog\/wp-content\/uploads\/2024\/05\/canim-annem-siir-muhiku-blog-800x469.jpg 800w, https:\/\/muhiku.com\/blog\/wp-content\/uploads\/2024\/05\/canim-annem-siir-muhiku-blog-380x223.jpg 380w, https:\/\/muhiku.com\/blog\/wp-content\/uploads\/2024\/05\/canim-annem-siir-muhiku-blog-760x445.jpg 760w, https:\/\/muhiku.com\/blog\/wp-content\/uploads\/2024\/05\/canim-annem-siir-muhiku-blog.jpg 1024w\" ><\/p>\n<p>Anneci\u011fim, seninle ba\u015flar her g\u00fczel g\u00fcn\u00fcm,<br \/>\nS\u0131cakl\u0131\u011f\u0131nla dolar kalbim, her an \u00f6zlemim.<br \/>\nY\u00fcre\u011finin \u0131\u015f\u0131\u011f\u0131, yolumu ayd\u0131nlat\u0131r,<br \/>\nSevginde huzur bulur, her an\u0131mda rahat\u0131m.<\/p>\n<p>G\u00f6zlerin deniz kadar derin, sevgiyle dolu,<br \/>\nHer bir bak\u0131\u015f\u0131nda, huzur bulur ruhum, sonsuz.<br \/>\nAnnem, seninle g\u00fcvende her ad\u0131m\u0131m,<br \/>\nSonsuza dek seninle, mutluyum, huzurluyum.<\/p>\n<h3 id=\"annecim\">Annecim<\/h3>\n<p><img  loading=\"lazy\"  decoding=\"async\"  class=\"alignnone size-medium wp-image-96459 pk-lazyload\"  src=\"data:image\/png;base64,iVBORw0KGgoAAAANSUhEUgAAAyAAAAHVAQMAAAAzfg2oAAAAA1BMVEUAAP+KeNJXAAAAAXRSTlMAQObYZgAAAAlwSFlzAAAOxAAADsQBlSsOGwAAAEVJREFUeNrtwTEBAAAAwqD1T20ND6AAAAAAAAAAAAAAAAAAAAAAAAAAAAAAAAAAAAAAAAAAAAAAAAAAAAAAAAAAAACAWwO5CQABdzoz8gAAAABJRU5ErkJggg==\"  alt=\"annecim-siir-muhiku-blog\"  width=\"800\"  height=\"469\"  data-pk-sizes=\"auto\"  data-ls-sizes=\"(max-width: 800px) 100vw, 800px\"  data-pk-src=\"https:\/\/cdn.muhiku.com\/blog\/wp-content\/uploads\/2024\/05\/annecim-siir-muhiku-blog-800x469.jpg\"  data-pk-srcset=\"https:\/\/muhiku.com\/blog\/wp-content\/uploads\/2024\/05\/annecim-siir-muhiku-blog-800x469.jpg 800w, https:\/\/muhiku.com\/blog\/wp-content\/uploads\/2024\/05\/annecim-siir-muhiku-blog-380x223.jpg 380w, https:\/\/muhiku.com\/blog\/wp-content\/uploads\/2024\/05\/annecim-siir-muhiku-blog-760x445.jpg 760w, https:\/\/muhiku.com\/blog\/wp-content\/uploads\/2024\/05\/annecim-siir-muhiku-blog.jpg 1024w\" ><\/p>\n<p>Anne, seninle b\u00fcy\u00fcr, filizlenir umutlar,<br \/>\nG\u00fcl\u00fc\u015f\u00fcnle can bulur, kalbimde baharlar.<br \/>\nHer bir s\u00f6zc\u00fc\u011f\u00fcnde sevgi, her bak\u0131\u015f\u0131nda huzur,<br \/>\nSeninle anlam bulur, her an\u0131mda mutluluk var.<\/p>\n<p>Geceler boyu ba\u015fucumda bekler, dualar\u0131n,<br \/>\nHer sabah do\u011fan g\u00fcne\u015f, seninle g\u00fczel, anneci\u011fim.<br \/>\nSevginde huzur bulur, her an\u0131mda sen vars\u0131n,<br \/>\nSeninle dolu d\u00fcnyam, her daim mutlu yar\u0131nlar\u0131m.<\/p>\n<h3 id=\"sonsuz-sevgi\">Sonsuz Sevgi<\/h3>\n<p><img  loading=\"lazy\"  decoding=\"async\"  class=\"alignnone size-medium wp-image-96462 pk-lazyload\"  src=\"data:image\/png;base64,iVBORw0KGgoAAAANSUhEUgAAAyAAAAHVAQMAAAAzfg2oAAAAA1BMVEUAAP+KeNJXAAAAAXRSTlMAQObYZgAAAAlwSFlzAAAOxAAADsQBlSsOGwAAAEVJREFUeNrtwTEBAAAAwqD1T20ND6AAAAAAAAAAAAAAAAAAAAAAAAAAAAAAAAAAAAAAAAAAAAAAAAAAAAAAAAAAAACAWwO5CQABdzoz8gAAAABJRU5ErkJggg==\"  alt=\"sonsuz-anne-sevgisi-siir-muhiku-blog\"  width=\"800\"  height=\"469\"  data-pk-sizes=\"auto\"  data-ls-sizes=\"(max-width: 800px) 100vw, 800px\"  data-pk-src=\"https:\/\/cdn.muhiku.com\/blog\/wp-content\/uploads\/2024\/05\/sonsuz-anne-sevgisi-siir-muhiku-blog-800x469.jpg\"  data-pk-srcset=\"https:\/\/muhiku.com\/blog\/wp-content\/uploads\/2024\/05\/sonsuz-anne-sevgisi-siir-muhiku-blog-800x469.jpg 800w, https:\/\/muhiku.com\/blog\/wp-content\/uploads\/2024\/05\/sonsuz-anne-sevgisi-siir-muhiku-blog-380x223.jpg 380w, https:\/\/muhiku.com\/blog\/wp-content\/uploads\/2024\/05\/sonsuz-anne-sevgisi-siir-muhiku-blog-760x445.jpg 760w, https:\/\/muhiku.com\/blog\/wp-content\/uploads\/2024\/05\/sonsuz-anne-sevgisi-siir-muhiku-blog.jpg 1024w\" ><\/p>\n<p>Anne, seninle a\u00e7ar her sabah\u0131n g\u00fcne\u015fi,<br \/>\nS\u00f6zlerinle can bulur, kalbimdeki her d\u00fc\u015f.<br \/>\nHer g\u00fcl\u00fc\u015f\u00fcnle bahar, her bak\u0131\u015f\u0131nla ne\u015fe,<br \/>\nSeninle g\u00fczel her g\u00fcn, seninle mutlu her i\u015f.<\/p>\n<p>Y\u00fcre\u011finle sar\u0131l\u0131r, her yarama \u015fifa,<br \/>\nEllerinde huzur, sevgi dolu her zaman.<br \/>\nCan\u0131m annem, seninle anlam bulur ya\u015fam,<br \/>\nSeninle g\u00fczel d\u00fcnya, seninle sonsuz zaman.<\/p>\n<p>Dilerseniz duygusal Anneler G\u00fcn\u00fc \u015fiiri \u00f6rneklerimizi de inceleyebilirsiniz.<\/p>\n<h2 id=\"en-etkileyici-anne-siirleri-uzun\">En Etkileyici Anne \u015eiirleri Uzun<\/h2>\n<p><img  loading=\"lazy\"  decoding=\"async\"  class=\"alignnone size-medium wp-image-94228 pk-lazyload\"  src=\"data:image\/png;base64,iVBORw0KGgoAAAANSUhEUgAAAyAAAAIVAQMAAAATfgmBAAAAA1BMVEUAAP+KeNJXAAAAAXRSTlMAQObYZgAAAAlwSFlzAAAOxAAADsQBlSsOGwAAAEtJREFUeNrtwQENAAAAwqD3T20ON6AAAAAAAAAAAAAAAAAAAAAAAAAAAAAAAAAAAAAAAAAAAAAAAAAAAAAAAAAAAAAAAAAAAAAATgzSSQABp\/elWgAAAABJRU5ErkJggg==\"  alt=\"\"  width=\"800\"  height=\"533\"  data-pk-sizes=\"auto\"  data-ls-sizes=\"(max-width: 800px) 100vw, 800px\"  data-pk-src=\"https:\/\/cdn.muhiku.com\/blog\/wp-content\/uploads\/2023\/08\/Anneye-Hediye-1-800x533.webp\"  data-pk-srcset=\"https:\/\/muhiku.com\/blog\/wp-content\/uploads\/2023\/08\/Anneye-Hediye-1-800x533.webp 800w, https:\/\/muhiku.com\/blog\/wp-content\/uploads\/2023\/08\/Anneye-Hediye-1-380x253.webp 380w, https:\/\/muhiku.com\/blog\/wp-content\/uploads\/2023\/08\/Anneye-Hediye-1-760x506.webp 760w, https:\/\/muhiku.com\/blog\/wp-content\/uploads\/2023\/08\/Anneye-Hediye-1.webp 950w\" ><\/p>\n<p><span style=\"font-weight: 400;\">D\u00fcnyaya geldi\u011finiz andan itibaren hi\u00e7 bir kar\u015f\u0131l\u0131k beklemeden elinizden tutacak, her ko\u015fulda yan\u0131n\u0131zda olacak ve size olan sevgisi hi\u00e7 t\u00fckenmeyecek biri varsa, o da annenizdir. Sab\u0131rl\u0131, sevecen ve fedak\u00e2r annenizin yan\u0131nda huzurlu ve g\u00fcvende hissedersiniz. Annenize olan hislerinizi ifade ederek onu mutlu etmek i\u00e7in en etkileyici anne \u015fiirleri uzun ya da k\u0131sa \u00f6rnekler aras\u0131ndan se\u00e7im yapabilir, sevginizi en g\u00fczel \u015fekilde anlatabilirsiniz.<\/span><\/p>\n<p><strong>Anac\u0131\u011f\u0131m<\/strong><\/p>\n<p>Nas\u0131l hat\u0131rlamam anac\u0131\u011f\u0131m nas\u0131l?<br \/>\nKa\u00e7 geceler bana ninni s\u00f6ylerdi,<br \/>\nHasta olunca oydu ba\u015fucumda bekleyen,<br \/>\nBiraz yorulmayay\u0131m, \u00fcz\u00fclmeyeyim, hemen<br \/>\nAl\u0131r kuca\u011f\u0131na ok\u015fard\u0131, sa\u00e7lar\u0131m\u0131 \u00f6perdi.<\/p>\n<p>Nas\u0131l hat\u0131rlamam anac\u0131\u011f\u0131m nas\u0131l?<br \/>\nUzun k\u0131\u015f geceleri masal masald\u0131.<br \/>\nG\u00fczel \u00e7oban k\u0131zlar\u0131, iyi kalpli sultanlar,<br \/>\nBir suyun ak\u0131\u015f\u0131 gibi ge\u00e7ip gitti zamanlar<br \/>\n\u015eimdi ne o d\u00fcnk\u00fc \u00e7ocuk, ne de o masal kald\u0131.<\/p>\n<p>Nas\u0131l hat\u0131rlamam anac\u0131\u011f\u0131m nas\u0131l?<br \/>\nY\u0131kayan oydu m\u00fcrekkep lekeli parmaklar\u0131m\u0131.<br \/>\nAk\u015fam biraz geciksem yollara d\u00fc\u015ferdi .<br \/>\nSoka\u011fa \u00e7\u0131karken \u00abYavrucu\u011fum \u00fc\u015f\u00fctme\u00bb derdi.<br \/>\nHemen bir kazak \u00f6rerdi biraz bo\u015f kald\u0131 m\u0131.<\/p>\n<p>Nas\u0131l hat\u0131rlamam anac\u0131\u011f\u0131m nas\u0131l?<br \/>\nBilirim yine kalbinde yerim anac\u0131\u011f\u0131m.<br \/>\nSelam sana Kad\u0131nlar G\u00fcn\u00fc \u0130stanbul&#8217;dan.<br \/>\nYeni d\u00f6nm\u00fc\u015f\u00e7esine bir ak\u015fam okuldan,<br \/>\nVefal\u0131 ellerinden \u00f6perim anac\u0131\u011f\u0131m. (\u00dcmit Ya\u015far O\u011fuzcan)<\/p>\n<h2 id=\"2-kitalik-anne-siirleri\">2 K\u0131tal\u0131k Anne \u015eiirleri<\/h2>\n<p><img  loading=\"lazy\"  decoding=\"async\"  class=\"alignnone size-medium wp-image-92316 pk-lazyload\"  src=\"data:image\/png;base64,iVBORw0KGgoAAAANSUhEUgAAAAEAAAABAQMAAAAl21bKAAAAA1BMVEUAAP+KeNJXAAAAAXRSTlMAQObYZgAAAAlwSFlzAAAOxAAADsQBlSsOGwAAAApJREFUCNdjYAAAAAIAAeIhvDMAAAAASUVORK5CYII=\"  alt=\"en-guzel-anneler-gunu-sozleri\"  width=\"800\"  height=\"469\"  data-pk-sizes=\"auto\"  data-ls-sizes=\"(max-width: 800px) 100vw, 800px\"  data-pk-src=\"https:\/\/cdn.muhiku.com\/blog\/wp-content\/uploads\/2023\/03\/en-guzel-anneler-gunu-sozleri-800x469.jpg\"  data-pk-srcset=\"https:\/\/muhiku.com\/blog\/wp-content\/uploads\/2023\/03\/en-guzel-anneler-gunu-sozleri-800x469.jpg 800w, https:\/\/muhiku.com\/blog\/wp-content\/uploads\/2023\/03\/en-guzel-anneler-gunu-sozleri-561x329.jpg 561w, https:\/\/muhiku.com\/blog\/wp-content\/uploads\/2023\/03\/en-guzel-anneler-gunu-sozleri-265x155.jpg 265w, https:\/\/muhiku.com\/blog\/wp-content\/uploads\/2023\/03\/en-guzel-anneler-gunu-sozleri-531x311.jpg 531w, https:\/\/muhiku.com\/blog\/wp-content\/uploads\/2023\/03\/en-guzel-anneler-gunu-sozleri-364x213.jpg 364w, https:\/\/muhiku.com\/blog\/wp-content\/uploads\/2023\/03\/en-guzel-anneler-gunu-sozleri-728x427.jpg 728w, https:\/\/muhiku.com\/blog\/wp-content\/uploads\/2023\/03\/en-guzel-anneler-gunu-sozleri-608x356.jpg 608w, https:\/\/muhiku.com\/blog\/wp-content\/uploads\/2023\/03\/en-guzel-anneler-gunu-sozleri-758x444.jpg 758w, https:\/\/muhiku.com\/blog\/wp-content\/uploads\/2023\/03\/en-guzel-anneler-gunu-sozleri-82x48.jpg 82w, https:\/\/muhiku.com\/blog\/wp-content\/uploads\/2023\/03\/en-guzel-anneler-gunu-sozleri-164x96.jpg 164w, https:\/\/muhiku.com\/blog\/wp-content\/uploads\/2023\/03\/en-guzel-anneler-gunu-sozleri.jpg 1024w\" ><\/p>\n<p><strong>Sonsuz Sevgi<\/strong><\/p>\n<p class=\"\" data-start=\"29\" data-end=\"148\">Sabah g\u00fcne\u015fim, can\u0131m annem,<br data-start=\"56\" data-end=\"59\" \/>Sevgin sarm\u0131\u015f d\u00f6rt bir yan\u0131m.<br data-start=\"88\" data-end=\"91\" \/>Ne zaman d\u00fc\u015fsem, \u00fcz\u00fclsem,<br data-start=\"116\" data-end=\"119\" \/>Sen yan\u0131mda, sen dayana\u011f\u0131m.<\/p>\n<p class=\"\" data-start=\"150\" data-end=\"271\">G\u00f6zlerin \u0131\u015f\u0131k, sesin huzur,<br data-start=\"177\" data-end=\"180\" \/>Ellerin \u015fefkat, y\u00fcre\u011fin gurur.<br data-start=\"210\" data-end=\"213\" \/>Seninle g\u00fczel her yeni g\u00fcn,<br data-start=\"240\" data-end=\"243\" \/>Seninle umut, seninle nur.<\/p>\n<p data-start=\"150\" data-end=\"271\"><strong>Can\u0131m Annem<\/strong><\/p>\n<p class=\"\" data-start=\"308\" data-end=\"413\">Anne kokar r\u00fczg\u00e2r bile,<br data-start=\"331\" data-end=\"334\" \/>Sevgin s\u0131\u011fmaz kelimelere.<br data-start=\"359\" data-end=\"362\" \/>Bir g\u00fcl\u00fc\u015f\u00fcn yeter bana,<br data-start=\"385\" data-end=\"388\" \/>B\u00fct\u00fcn d\u00fcnya d\u00f6ner yine.<\/p>\n<p class=\"\" data-start=\"415\" data-end=\"517\">G\u00f6zya\u015f\u0131m\u0131 silen elin,<br data-start=\"436\" data-end=\"439\" \/>Sevgisiyle b\u00fcy\u00fctenim.<br data-start=\"460\" data-end=\"463\" \/>Sana minnet, sana \u00f6zlem,<br data-start=\"487\" data-end=\"490\" \/>Can\u0131m annem, tek dile\u011fim.<\/p>\n<h2 id=\"ozlem-dolu-anne-siirleri\">\u00d6zlem Dolu Anne \u015eiirleri<\/h2>\n<p><img  loading=\"lazy\"  decoding=\"async\"  class=\"alignnone size-medium wp-image-92179 pk-lazyload\"  src=\"data:image\/png;base64,iVBORw0KGgoAAAANSUhEUgAAAAEAAAABAQMAAAAl21bKAAAAA1BMVEUAAP+KeNJXAAAAAXRSTlMAQObYZgAAAAlwSFlzAAAOxAAADsQBlSsOGwAAAApJREFUCNdjYAAAAAIAAeIhvDMAAAAASUVORK5CYII=\"  alt=\"Anneler-gunu-mektubu-nasil-yazilir-anneler-icin-mektup-onerileri\"  width=\"800\"  height=\"469\"  data-pk-sizes=\"auto\"  data-ls-sizes=\"(max-width: 800px) 100vw, 800px\"  data-pk-src=\"https:\/\/cdn.muhiku.com\/blog\/wp-content\/uploads\/2023\/03\/Anneler-gunu-mektubu-nasil-yazilir-anneler-icin-mektup-onerileri-800x469.jpg\"  data-pk-srcset=\"https:\/\/muhiku.com\/blog\/wp-content\/uploads\/2023\/03\/Anneler-gunu-mektubu-nasil-yazilir-anneler-icin-mektup-onerileri-800x469.jpg 800w, https:\/\/muhiku.com\/blog\/wp-content\/uploads\/2023\/03\/Anneler-gunu-mektubu-nasil-yazilir-anneler-icin-mektup-onerileri-561x329.jpg 561w, https:\/\/muhiku.com\/blog\/wp-content\/uploads\/2023\/03\/Anneler-gunu-mektubu-nasil-yazilir-anneler-icin-mektup-onerileri-265x155.jpg 265w, https:\/\/muhiku.com\/blog\/wp-content\/uploads\/2023\/03\/Anneler-gunu-mektubu-nasil-yazilir-anneler-icin-mektup-onerileri-531x311.jpg 531w, https:\/\/muhiku.com\/blog\/wp-content\/uploads\/2023\/03\/Anneler-gunu-mektubu-nasil-yazilir-anneler-icin-mektup-onerileri-364x213.jpg 364w, https:\/\/muhiku.com\/blog\/wp-content\/uploads\/2023\/03\/Anneler-gunu-mektubu-nasil-yazilir-anneler-icin-mektup-onerileri-728x427.jpg 728w, https:\/\/muhiku.com\/blog\/wp-content\/uploads\/2023\/03\/Anneler-gunu-mektubu-nasil-yazilir-anneler-icin-mektup-onerileri-608x356.jpg 608w, https:\/\/muhiku.com\/blog\/wp-content\/uploads\/2023\/03\/Anneler-gunu-mektubu-nasil-yazilir-anneler-icin-mektup-onerileri-758x444.jpg 758w, https:\/\/muhiku.com\/blog\/wp-content\/uploads\/2023\/03\/Anneler-gunu-mektubu-nasil-yazilir-anneler-icin-mektup-onerileri-82x48.jpg 82w, https:\/\/muhiku.com\/blog\/wp-content\/uploads\/2023\/03\/Anneler-gunu-mektubu-nasil-yazilir-anneler-icin-mektup-onerileri-164x96.jpg 164w, https:\/\/muhiku.com\/blog\/wp-content\/uploads\/2023\/03\/Anneler-gunu-mektubu-nasil-yazilir-anneler-icin-mektup-onerileri.jpg 1024w\" ><\/p>\n<p><strong>Annem \u0130\u00e7in<\/strong><\/p>\n<p>G\u00f6zlerimde s\u00fcz\u00fclen ya\u015flar, \u00f6zlem dolu y\u0131llar\u0131n izi,<br \/>\nAnne, ad\u0131 y\u00fcre\u011fimde \u00e7\u0131nlayan en g\u00fczel ezgi.<br \/>\nSensiz ge\u00e7en g\u00fcnlerimde, her h\u00fccreme hasretin dokundu,<br \/>\nSabahlar\u0131 uyan\u0131rken \u00f6zledim kokunu.<br \/>\nAk\u015famlar\u0131 yaln\u0131zl\u0131k daha da \u00e7o\u011fald\u0131 i\u00e7imde,<br \/>\nYanaklar\u0131ma d\u00fc\u015fen ya\u015flar, sana olan hasretimi okudu,<br \/>\nKalbimdeki bo\u015fluk, senin sevginle dolduruldu.<br \/>\nEllerini tutamamak, sesini duyamamak ne zor,<br \/>\nGel, sar\u0131l bana anne, y\u00fcre\u011fimdeki yang\u0131n\u0131 s\u00f6nd\u00fcr.<br \/>\n\u00d6zlem dolu g\u00fcnler ge\u00e7se de, umut hep ye\u015fil\u2026<\/p>\n<p><strong>\u00d6zledim Annem<\/strong><\/p>\n<p>Y\u0131ld\u0131zlara bakar gibi bakard\u0131n g\u00f6zlerime,<br \/>\nSevginle dolard\u0131 her an\u0131m, her an\u0131mda sen.<br \/>\n\u00d6zlem dolu g\u00fcnlerde kula\u011f\u0131mdad\u0131r sesi,<br \/>\nAnne, sensiz ge\u00e7en zaman, hasretin en derini.<\/p>\n<p>Kollar\u0131nda uyurken huzur bulurdum ben,<br \/>\nSesini duyamamak, en b\u00fcy\u00fck \u00f6zlemim \u015fimdi.<br \/>\nGel, sar\u0131l bana anne, sa\u00e7lar\u0131n\u0131 ok\u015fayay\u0131m yeniden,<br \/>\n\u00d6zlemlerimle dolu bu y\u00fcre\u011fi, sevginle avut beni.<\/p>\n<p>Her an\u0131mda ad\u0131n\u0131 anar, dualar ederim hep senin i\u00e7in,<br \/>\n\u00d6zlem dolu kalbim, senin sevginle dolar ta\u015far.<br \/>\nG\u00f6zlerindeki \u0131\u015f\u0131k, yolumu ayd\u0131nlatan en de\u011ferli denizim,<br \/>\nAnne, senin sevginle b\u00fcy\u00fcr, senin dualar\u0131nla g\u00fc\u00e7lenirim.<\/p>\n<h2 id=\"en-yaratici-anne-siirleri\">En Yarat\u0131c\u0131 Anne \u015eiirleri<\/h2>\n<p><img  loading=\"lazy\"  decoding=\"async\"  class=\"alignnone size-medium wp-image-92177 pk-lazyload\"  src=\"data:image\/png;base64,iVBORw0KGgoAAAANSUhEUgAAAAEAAAABAQMAAAAl21bKAAAAA1BMVEUAAP+KeNJXAAAAAXRSTlMAQObYZgAAAAlwSFlzAAAOxAAADsQBlSsOGwAAAApJREFUCNdjYAAAAAIAAeIhvDMAAAAASUVORK5CYII=\"  alt=\"anneler-gunu-icin-ne-yazabilirim\"  width=\"800\"  height=\"469\"  data-pk-sizes=\"auto\"  data-ls-sizes=\"(max-width: 800px) 100vw, 800px\"  data-pk-src=\"https:\/\/cdn.muhiku.com\/blog\/wp-content\/uploads\/2023\/03\/anneler-gunu-icin-ne-yazabilirim-1-800x469.jpg\"  data-pk-srcset=\"https:\/\/muhiku.com\/blog\/wp-content\/uploads\/2023\/03\/anneler-gunu-icin-ne-yazabilirim-1-800x469.jpg 800w, https:\/\/muhiku.com\/blog\/wp-content\/uploads\/2023\/03\/anneler-gunu-icin-ne-yazabilirim-1-561x329.jpg 561w, https:\/\/muhiku.com\/blog\/wp-content\/uploads\/2023\/03\/anneler-gunu-icin-ne-yazabilirim-1-265x155.jpg 265w, https:\/\/muhiku.com\/blog\/wp-content\/uploads\/2023\/03\/anneler-gunu-icin-ne-yazabilirim-1-531x311.jpg 531w, https:\/\/muhiku.com\/blog\/wp-content\/uploads\/2023\/03\/anneler-gunu-icin-ne-yazabilirim-1-364x213.jpg 364w, https:\/\/muhiku.com\/blog\/wp-content\/uploads\/2023\/03\/anneler-gunu-icin-ne-yazabilirim-1-728x427.jpg 728w, https:\/\/muhiku.com\/blog\/wp-content\/uploads\/2023\/03\/anneler-gunu-icin-ne-yazabilirim-1-608x356.jpg 608w, https:\/\/muhiku.com\/blog\/wp-content\/uploads\/2023\/03\/anneler-gunu-icin-ne-yazabilirim-1-758x444.jpg 758w, https:\/\/muhiku.com\/blog\/wp-content\/uploads\/2023\/03\/anneler-gunu-icin-ne-yazabilirim-1-82x48.jpg 82w, https:\/\/muhiku.com\/blog\/wp-content\/uploads\/2023\/03\/anneler-gunu-icin-ne-yazabilirim-1-164x96.jpg 164w, https:\/\/muhiku.com\/blog\/wp-content\/uploads\/2023\/03\/anneler-gunu-icin-ne-yazabilirim-1.jpg 1024w\" ><\/p>\n<p><strong>Uyuyan G\u00fczel Anneye<\/strong><\/p>\n<p>Anne bahar geliyor uyansana<br \/>\n\u00c7\u0131k alt\u0131n e\u015fikte bekle beni,<br \/>\nEn g\u00fczel t\u0131ls\u0131mlar\u0131 buldum sana<br \/>\nKoklayabilmek i\u00e7in nefesini.<\/p>\n<p>Yeni a\u00e7m\u0131\u015f \u015fu erik hat\u0131rlat\u0131r<br \/>\nBana a\u011fa\u00e7lar\u0131 \u00e7ok sevdi\u011fimi,<br \/>\nSevginle mi \u0131slanm\u0131\u015f \u015fu sonsuz k\u0131r,<br \/>\nO kara b\u0131rakm\u0131\u015fs\u0131n g\u00f6zlerini.<\/p>\n<p>G\u00fcl g\u00fczel annem benim, benim r\u00fcyam<br \/>\n\u0130\u00e7imden \u00e7i\u00e7ekli bir yol var sana.<br \/>\nSenin yerine biraz ben uyusam<br \/>\nAnne bahar geliyor uyansana. (Ceyhun Atuf Kansu)<\/p>\n<p><strong>D\u00fcnyan\u0131n En G\u00fczel Annesine<\/strong><\/p>\n<p>Bir kad\u0131n var, d\u00fcnyam\u0131n merkezi,<br \/>\nY\u00fcre\u011finde sevgi, bak\u0131\u015f\u0131nda huzur.<br \/>\nAd\u0131 &#8220;anne&#8221;, her harfi kutsal c\u00fcmleleri,<br \/>\nKalbi yumu\u015fac\u0131k, dualarla dolu elleri.<\/p>\n<p>Geceleri masal anlat\u0131r, y\u0131ld\u0131zlar\u0131 toplar g\u00f6ky\u00fcz\u00fcnden,<br \/>\nSabahlar\u0131 g\u00fcne\u015f gibi do\u011far, ayd\u0131nlat\u0131r yolumu.<br \/>\nKollar\u0131 bir liman, s\u0131\u011f\u0131na\u011f\u0131m sonsuz,<br \/>\nB\u00fct\u00fcn hik\u00e2yeler eksik onsuz.<\/p>\n<p>\u0130lk ad\u0131m\u0131mda destek oldun, d\u00fc\u015ferken tuttun elimi,<br \/>\nG\u00f6zya\u015flar\u0131m\u0131 sildin, payla\u015ft\u0131n g\u00fcl\u00fc\u015flerimi.<br \/>\nYaralar\u0131m\u0131 iyile\u015ftiren, ac\u0131lar\u0131m\u0131 hafifleten,<br \/>\nBeni b\u00fcy\u00fcten sensin anne, sevginle g\u00fc\u00e7lendiren.<\/p>\n<p>Kalbimde ad\u0131n, en g\u00fczel \u015fark\u0131lar\u0131n melodisi,<br \/>\nG\u00f6zlerinde umut, ellerinde \u015fefkat.<br \/>\nAnne, senin varl\u0131\u011f\u0131n, benim i\u00e7in en b\u00fcy\u00fck arma\u011fan,<br \/>\nSeviyorum seni, anlat\u0131lamayacak kadar derinden.<\/p>\n<p><strong>Her\u015feyime\u2026<\/strong><\/p>\n<p>Anne\u2026<br \/>\nSevgi,<br \/>\nHuzur,<br \/>\nG\u00fcven,<br \/>\nG\u00f6zlerinde umut,<br \/>\nEllerinde \u015fefkat,<br \/>\nAnne\u2026<br \/>\nVarl\u0131\u011f\u0131n her \u015fey,<br \/>\nYoklu\u011fun dipsiz kuyular\u0131n karanl\u0131\u011f\u0131.<\/p>\n","protected":false},"excerpt":{"rendered":"Anneler, hayat\u0131m\u0131z\u0131n en de\u011ferli varl\u0131klar\u0131. Onlar, sevginin ve fedak\u00e2rl\u0131\u011f\u0131n en saf \u00f6rnekleri. Hi\u00e7bir g\u00f6nle s\u0131\u011fmayan anne sevgisi dillere&hellip;\n","protected":false},"author":25,"featured_media":96460,"comment_status":"open","ping_status":"open","sticky":false,"template":"","format":"standard","meta":{"footnotes":""},"categories":[131,437],"tags":[],"yoast_head":"<!-- This site is optimized with the Yoast SEO plugin v22.5 - https:\/\/yoast.com\/wordpress\/plugins\/seo\/ -->\n<title>Anne \u015eiiri - Anne ile \u0130lgili En Anlaml\u0131 ve Duygusal \u015eiirler - Muhiku<\/title>\n<meta name=\"description\" content=\"\u015eairlerin kaleminden d\u00f6k\u00fclen en g\u00fczel anne \u015fiiri \u00f6rneklerini sizin i\u00e7in derledik. Annelere yaz\u0131lm\u0131\u015f en g\u00fczel \u015fiirler i\u00e7in t\u0131klay\u0131n.\" \/>\n<meta name=\"robots\" content=\"index, follow, max-snippet:-1, max-image-preview:large, max-video-preview:-1\" \/>\n<link rel=\"canonical\" href=\"https:\/\/muhiku.com\/blog\/anne-siiri-anne-ile-ilgili-en-anlamli-ve-duygusal-siirler\/\" \/>\n<meta property=\"og:locale\" content=\"tr_TR\" \/>\n<meta property=\"og:type\" content=\"article\" \/>\n<meta property=\"og:title\" content=\"Anne \u015eiiri - Anne ile \u0130lgili En Anlaml\u0131 ve Duygusal \u015eiirler - Muhiku\" \/>\n<meta property=\"og:description\" content=\"\u015eairlerin kaleminden d\u00f6k\u00fclen en g\u00fczel anne \u015fiiri \u00f6rneklerini sizin i\u00e7in derledik. Annelere yaz\u0131lm\u0131\u015f en g\u00fczel \u015fiirler i\u00e7in t\u0131klay\u0131n.\" \/>\n<meta property=\"og:url\" content=\"https:\/\/muhiku.com\/blog\/anne-siiri-anne-ile-ilgili-en-anlamli-ve-duygusal-siirler\/\" \/>\n<meta property=\"og:site_name\" content=\"Muhiku\" \/>\n<meta property=\"article:published_time\" content=\"2024-05-13T11:14:13+00:00\" \/>\n<meta property=\"article:modified_time\" content=\"2025-07-11T11:42:26+00:00\" \/>\n<meta property=\"og:image\" content=\"https:\/\/cdn.muhiku.com\/blog\/wp-content\/uploads\/2024\/05\/anne-siiri-anne-ile-ilgili-en-anlamli-ve-duygusal-siirler.jpg?x28031\" \/>\n\t<meta property=\"og:image:width\" content=\"1024\" \/>\n\t<meta property=\"og:image:height\" content=\"600\" \/>\n\t<meta property=\"og:image:type\" content=\"image\/jpeg\" \/>\n<meta name=\"author\" content=\"Dilara Yal\u00e7\u0131n\" \/>\n<meta name=\"twitter:card\" content=\"summary_large_image\" \/>\n<meta name=\"twitter:label1\" content=\"Written by\" \/>\n\t<meta name=\"twitter:data1\" content=\"Dilara Yal\u00e7\u0131n\" \/>\n\t<meta name=\"twitter:label2\" content=\"Est. reading time\" \/>\n\t<meta name=\"twitter:data2\" content=\"16 dakika\" \/>\n<script type=\"application\/ld+json\" class=\"yoast-schema-graph\">{\"@context\":\"https:\/\/schema.org\",\"@graph\":[{\"@type\":\"Article\",\"@id\":\"https:\/\/muhiku.com\/blog\/anne-siiri-anne-ile-ilgili-en-anlamli-ve-duygusal-siirler\/#article\",\"isPartOf\":{\"@id\":\"https:\/\/muhiku.com\/blog\/anne-siiri-anne-ile-ilgili-en-anlamli-ve-duygusal-siirler\/\"},\"author\":{\"name\":\"Dilara Yal\u00e7\u0131n\",\"@id\":\"https:\/\/muhiku.com\/blog\/#\/schema\/person\/0b50be1d52ee74306e1405ad86aac5d5\",\"url\":\"https:\/\/muhiku.com\/blog\/\"},\"headline\":\"Anne \u015eiiri &#8211; Anne ile \u0130lgili En Anlaml\u0131 ve Duygusal \u015eiirler\",\"datePublished\":\"2024-05-13T11:14:13+00:00\",\"dateModified\":\"2025-07-11T11:42:26+00:00\",\"mainEntityOfPage\":{\"@id\":\"https:\/\/muhiku.com\/blog\/anne-siiri-anne-ile-ilgili-en-anlamli-ve-duygusal-siirler\/\"},\"wordCount\":2938,\"commentCount\":0,\"publisher\":{\"@id\":\"https:\/\/muhiku.com\/blog\/#organization\"},\"image\":{\"@id\":\"https:\/\/muhiku.com\/blog\/anne-siiri-anne-ile-ilgili-en-anlamli-ve-duygusal-siirler\/#primaryimage\"},\"thumbnailUrl\":\"https:\/\/muhiku.com\/blog\/wp-content\/uploads\/2024\/05\/anne-siiri-anne-ile-ilgili-en-anlamli-ve-duygusal-siirler.jpg\",\"articleSection\":[\"Anneye Hediye\",\"Mesajlar\"],\"inLanguage\":\"tr\",\"potentialAction\":[{\"@type\":\"CommentAction\",\"name\":\"Comment\",\"target\":[\"https:\/\/muhiku.com\/blog\/anne-siiri-anne-ile-ilgili-en-anlamli-ve-duygusal-siirler\/#respond\"]}]},{\"@type\":\"WebPage\",\"@id\":\"https:\/\/muhiku.com\/blog\/anne-siiri-anne-ile-ilgili-en-anlamli-ve-duygusal-siirler\/\",\"url\":\"https:\/\/muhiku.com\/blog\/anne-siiri-anne-ile-ilgili-en-anlamli-ve-duygusal-siirler\/\",\"name\":\"Anne \u015eiiri - Anne ile \u0130lgili En Anlaml\u0131 ve Duygusal \u015eiirler - Muhiku\",\"isPartOf\":{\"@id\":\"https:\/\/muhiku.com\/blog\/#website\"},\"primaryImageOfPage\":{\"@id\":\"https:\/\/muhiku.com\/blog\/anne-siiri-anne-ile-ilgili-en-anlamli-ve-duygusal-siirler\/#primaryimage\"},\"image\":{\"@id\":\"https:\/\/muhiku.com\/blog\/anne-siiri-anne-ile-ilgili-en-anlamli-ve-duygusal-siirler\/#primaryimage\"},\"thumbnailUrl\":\"https:\/\/muhiku.com\/blog\/wp-content\/uploads\/2024\/05\/anne-siiri-anne-ile-ilgili-en-anlamli-ve-duygusal-siirler.jpg\",\"datePublished\":\"2024-05-13T11:14:13+00:00\",\"dateModified\":\"2025-07-11T11:42:26+00:00\",\"description\":\"\u015eairlerin kaleminden d\u00f6k\u00fclen en g\u00fczel anne \u015fiiri \u00f6rneklerini sizin i\u00e7in derledik. Annelere yaz\u0131lm\u0131\u015f en g\u00fczel \u015fiirler i\u00e7in t\u0131klay\u0131n.\",\"breadcrumb\":{\"@id\":\"https:\/\/muhiku.com\/blog\/anne-siiri-anne-ile-ilgili-en-anlamli-ve-duygusal-siirler\/#breadcrumb\"},\"inLanguage\":\"tr\",\"potentialAction\":[{\"@type\":\"ReadAction\",\"target\":[\"https:\/\/muhiku.com\/blog\/anne-siiri-anne-ile-ilgili-en-anlamli-ve-duygusal-siirler\/\"]}]},{\"@type\":\"ImageObject\",\"inLanguage\":\"tr\",\"@id\":\"https:\/\/muhiku.com\/blog\/anne-siiri-anne-ile-ilgili-en-anlamli-ve-duygusal-siirler\/#primaryimage\",\"url\":\"https:\/\/muhiku.com\/blog\/wp-content\/uploads\/2024\/05\/anne-siiri-anne-ile-ilgili-en-anlamli-ve-duygusal-siirler.jpg\",\"contentUrl\":\"https:\/\/muhiku.com\/blog\/wp-content\/uploads\/2024\/05\/anne-siiri-anne-ile-ilgili-en-anlamli-ve-duygusal-siirler.jpg\",\"width\":1024,\"height\":600,\"caption\":\"anne-siiri-anne-ile-ilgili-en-anlamli-ve-duygusal-siirler\"},{\"@type\":\"BreadcrumbList\",\"@id\":\"https:\/\/muhiku.com\/blog\/anne-siiri-anne-ile-ilgili-en-anlamli-ve-duygusal-siirler\/#breadcrumb\",\"itemListElement\":[{\"@type\":\"ListItem\",\"position\":1,\"name\":\"Blog\",\"item\":\"https:\/\/muhiku.com\/blog\/\"},{\"@type\":\"ListItem\",\"position\":2,\"name\":\"Anne \u015eiiri &#8211; Anne ile \u0130lgili En Anlaml\u0131 ve Duygusal \u015eiirler\"}]},{\"@type\":\"WebSite\",\"@id\":\"https:\/\/muhiku.com\/blog\/#website\",\"url\":\"https:\/\/muhiku.com\/blog\/\",\"name\":\"Muhiku\",\"description\":\"Yenilik\u00e7i Hediye Rehberi\",\"publisher\":{\"@id\":\"https:\/\/muhiku.com\/blog\/#organization\"},\"inLanguage\":\"tr\"},{\"@type\":\"Organization\",\"@id\":\"https:\/\/muhiku.com\/blog\/#organization\",\"name\":\"Muhiku\",\"url\":\"https:\/\/muhiku.com\/blog\/\",\"logo\":{\"@type\":\"ImageObject\",\"inLanguage\":\"tr\",\"@id\":\"https:\/\/muhiku.com\/blog\/#\/schema\/logo\/image\/\",\"url\":\"https:\/\/muhiku.com\/blog\/wp-content\/uploads\/2019\/04\/logo-kare-1.png\",\"contentUrl\":\"https:\/\/muhiku.com\/blog\/wp-content\/uploads\/2019\/04\/logo-kare-1.png\",\"width\":1080,\"height\":1080,\"caption\":\"Muhiku\"},\"image\":{\"@id\":\"https:\/\/muhiku.com\/blog\/#\/schema\/logo\/image\/\"}},{\"@type\":\"Person\",\"@id\":\"https:\/\/muhiku.com\/blog\/#\/schema\/person\/0b50be1d52ee74306e1405ad86aac5d5\",\"name\":\"Dilara Yal\u00e7\u0131n\",\"image\":{\"@type\":\"ImageObject\",\"inLanguage\":\"tr\",\"@id\":\"https:\/\/muhiku.com\/blog\/#\/schema\/person\/image\/\",\"url\":\"https:\/\/secure.gravatar.com\/avatar\/f6e97d59731e06ac22101ebcef389e69?s=96&d=mm&r=g\",\"contentUrl\":\"https:\/\/secure.gravatar.com\/avatar\/f6e97d59731e06ac22101ebcef389e69?s=96&d=mm&r=g\",\"caption\":\"Dilara Yal\u00e7\u0131n\"}}]}<\/script>\n<!-- \/ Yoast SEO plugin. -->","yoast_head_json":{"title":"Anne \u015eiiri - Anne ile \u0130lgili En Anlaml\u0131 ve Duygusal \u015eiirler - Muhiku","description":"\u015eairlerin kaleminden d\u00f6k\u00fclen en g\u00fczel anne \u015fiiri \u00f6rneklerini sizin i\u00e7in derledik. Annelere yaz\u0131lm\u0131\u015f en g\u00fczel \u015fiirler i\u00e7in t\u0131klay\u0131n.","robots":{"index":"index","follow":"follow","max-snippet":"max-snippet:-1","max-image-preview":"max-image-preview:large","max-video-preview":"max-video-preview:-1"},"canonical":"https:\/\/muhiku.com\/blog\/anne-siiri-anne-ile-ilgili-en-anlamli-ve-duygusal-siirler\/","og_locale":"tr_TR","og_type":"article","og_title":"Anne \u015eiiri - Anne ile \u0130lgili En Anlaml\u0131 ve Duygusal \u015eiirler - Muhiku","og_description":"\u015eairlerin kaleminden d\u00f6k\u00fclen en g\u00fczel anne \u015fiiri \u00f6rneklerini sizin i\u00e7in derledik. Annelere yaz\u0131lm\u0131\u015f en g\u00fczel \u015fiirler i\u00e7in t\u0131klay\u0131n.","og_url":"https:\/\/muhiku.com\/blog\/anne-siiri-anne-ile-ilgili-en-anlamli-ve-duygusal-siirler\/","og_site_name":"Muhiku","article_published_time":"2024-05-13T11:14:13+00:00","article_modified_time":"2025-07-11T11:42:26+00:00","og_image":[{"width":1024,"height":600,"url":"https:\/\/cdn.muhiku.com\/blog\/wp-content\/uploads\/2024\/05\/anne-siiri-anne-ile-ilgili-en-anlamli-ve-duygusal-siirler.jpg?x28031","type":"image\/jpeg"}],"author":"Dilara Yal\u00e7\u0131n","twitter_card":"summary_large_image","twitter_misc":{"Written by":"Dilara Yal\u00e7\u0131n","Est. reading time":"16 dakika"},"schema":{"@context":"https:\/\/schema.org","@graph":[{"@type":"Article","@id":"https:\/\/muhiku.com\/blog\/anne-siiri-anne-ile-ilgili-en-anlamli-ve-duygusal-siirler\/#article","isPartOf":{"@id":"https:\/\/muhiku.com\/blog\/anne-siiri-anne-ile-ilgili-en-anlamli-ve-duygusal-siirler\/"},"author":{"name":"Dilara Yal\u00e7\u0131n","@id":"https:\/\/muhiku.com\/blog\/#\/schema\/person\/0b50be1d52ee74306e1405ad86aac5d5","url":"https:\/\/muhiku.com\/blog\/"},"headline":"Anne \u015eiiri &#8211; Anne ile \u0130lgili En Anlaml\u0131 ve Duygusal \u015eiirler","datePublished":"2024-05-13T11:14:13+00:00","dateModified":"2025-07-11T11:42:26+00:00","mainEntityOfPage":{"@id":"https:\/\/muhiku.com\/blog\/anne-siiri-anne-ile-ilgili-en-anlamli-ve-duygusal-siirler\/"},"wordCount":2938,"commentCount":0,"publisher":{"@id":"https:\/\/muhiku.com\/blog\/#organization"},"image":{"@id":"https:\/\/muhiku.com\/blog\/anne-siiri-anne-ile-ilgili-en-anlamli-ve-duygusal-siirler\/#primaryimage"},"thumbnailUrl":"https:\/\/muhiku.com\/blog\/wp-content\/uploads\/2024\/05\/anne-siiri-anne-ile-ilgili-en-anlamli-ve-duygusal-siirler.jpg","articleSection":["Anneye Hediye","Mesajlar"],"inLanguage":"tr","potentialAction":[{"@type":"CommentAction","name":"Comment","target":["https:\/\/muhiku.com\/blog\/anne-siiri-anne-ile-ilgili-en-anlamli-ve-duygusal-siirler\/#respond"]}]},{"@type":"WebPage","@id":"https:\/\/muhiku.com\/blog\/anne-siiri-anne-ile-ilgili-en-anlamli-ve-duygusal-siirler\/","url":"https:\/\/muhiku.com\/blog\/anne-siiri-anne-ile-ilgili-en-anlamli-ve-duygusal-siirler\/","name":"Anne \u015eiiri - Anne ile \u0130lgili En Anlaml\u0131 ve Duygusal \u015eiirler - Muhiku","isPartOf":{"@id":"https:\/\/muhiku.com\/blog\/#website"},"primaryImageOfPage":{"@id":"https:\/\/muhiku.com\/blog\/anne-siiri-anne-ile-ilgili-en-anlamli-ve-duygusal-siirler\/#primaryimage"},"image":{"@id":"https:\/\/muhiku.com\/blog\/anne-siiri-anne-ile-ilgili-en-anlamli-ve-duygusal-siirler\/#primaryimage"},"thumbnailUrl":"https:\/\/muhiku.com\/blog\/wp-content\/uploads\/2024\/05\/anne-siiri-anne-ile-ilgili-en-anlamli-ve-duygusal-siirler.jpg","datePublished":"2024-05-13T11:14:13+00:00","dateModified":"2025-07-11T11:42:26+00:00","description":"\u015eairlerin kaleminden d\u00f6k\u00fclen en g\u00fczel anne \u015fiiri \u00f6rneklerini sizin i\u00e7in derledik. Annelere yaz\u0131lm\u0131\u015f en g\u00fczel \u015fiirler i\u00e7in t\u0131klay\u0131n.","breadcrumb":{"@id":"https:\/\/muhiku.com\/blog\/anne-siiri-anne-ile-ilgili-en-anlamli-ve-duygusal-siirler\/#breadcrumb"},"inLanguage":"tr","potentialAction":[{"@type":"ReadAction","target":["https:\/\/muhiku.com\/blog\/anne-siiri-anne-ile-ilgili-en-anlamli-ve-duygusal-siirler\/"]}]},{"@type":"ImageObject","inLanguage":"tr","@id":"https:\/\/muhiku.com\/blog\/anne-siiri-anne-ile-ilgili-en-anlamli-ve-duygusal-siirler\/#primaryimage","url":"https:\/\/muhiku.com\/blog\/wp-content\/uploads\/2024\/05\/anne-siiri-anne-ile-ilgili-en-anlamli-ve-duygusal-siirler.jpg","contentUrl":"https:\/\/muhiku.com\/blog\/wp-content\/uploads\/2024\/05\/anne-siiri-anne-ile-ilgili-en-anlamli-ve-duygusal-siirler.jpg","width":1024,"height":600,"caption":"anne-siiri-anne-ile-ilgili-en-anlamli-ve-duygusal-siirler"},{"@type":"BreadcrumbList","@id":"https:\/\/muhiku.com\/blog\/anne-siiri-anne-ile-ilgili-en-anlamli-ve-duygusal-siirler\/#breadcrumb","itemListElement":[{"@type":"ListItem","position":1,"name":"Blog","item":"https:\/\/muhiku.com\/blog\/"},{"@type":"ListItem","position":2,"name":"Anne \u015eiiri &#8211; Anne ile \u0130lgili En Anlaml\u0131 ve Duygusal \u015eiirler"}]},{"@type":"WebSite","@id":"https:\/\/muhiku.com\/blog\/#website","url":"https:\/\/muhiku.com\/blog\/","name":"Muhiku","description":"Yenilik\u00e7i Hediye Rehberi","publisher":{"@id":"https:\/\/muhiku.com\/blog\/#organization"},"inLanguage":"tr"},{"@type":"Organization","@id":"https:\/\/muhiku.com\/blog\/#organization","name":"Muhiku","url":"https:\/\/muhiku.com\/blog\/","logo":{"@type":"ImageObject","inLanguage":"tr","@id":"https:\/\/muhiku.com\/blog\/#\/schema\/logo\/image\/","url":"https:\/\/muhiku.com\/blog\/wp-content\/uploads\/2019\/04\/logo-kare-1.png","contentUrl":"https:\/\/muhiku.com\/blog\/wp-content\/uploads\/2019\/04\/logo-kare-1.png","width":1080,"height":1080,"caption":"Muhiku"},"image":{"@id":"https:\/\/muhiku.com\/blog\/#\/schema\/logo\/image\/"}},{"@type":"Person","@id":"https:\/\/muhiku.com\/blog\/#\/schema\/person\/0b50be1d52ee74306e1405ad86aac5d5","name":"Dilara Yal\u00e7\u0131n","image":{"@type":"ImageObject","inLanguage":"tr","@id":"https:\/\/muhiku.com\/blog\/#\/schema\/person\/image\/","url":"https:\/\/secure.gravatar.com\/avatar\/f6e97d59731e06ac22101ebcef389e69?s=96&d=mm&r=g","contentUrl":"https:\/\/secure.gravatar.com\/avatar\/f6e97d59731e06ac22101ebcef389e69?s=96&d=mm&r=g","caption":"Dilara Yal\u00e7\u0131n"}}]}},"_links":{"self":[{"href":"https:\/\/muhiku.com\/blog\/wp-json\/wp\/v2\/posts\/96452"}],"collection":[{"href":"https:\/\/muhiku.com\/blog\/wp-json\/wp\/v2\/posts"}],"about":[{"href":"https:\/\/muhiku.com\/blog\/wp-json\/wp\/v2\/types\/post"}],"author":[{"embeddable":true,"href":"https:\/\/muhiku.com\/blog\/wp-json\/wp\/v2\/users\/25"}],"replies":[{"embeddable":true,"href":"https:\/\/muhiku.com\/blog\/wp-json\/wp\/v2\/comments?post=96452"}],"version-history":[{"count":9,"href":"https:\/\/muhiku.com\/blog\/wp-json\/wp\/v2\/posts\/96452\/revisions"}],"predecessor-version":[{"id":104481,"href":"https:\/\/muhiku.com\/blog\/wp-json\/wp\/v2\/posts\/96452\/revisions\/104481"}],"wp:featuredmedia":[{"embeddable":true,"href":"https:\/\/muhiku.com\/blog\/wp-json\/wp\/v2\/media\/96460"}],"wp:attachment":[{"href":"https:\/\/muhiku.com\/blog\/wp-json\/wp\/v2\/media?parent=96452"}],"wp:term":[{"taxonomy":"category","embeddable":true,"href":"https:\/\/muhiku.com\/blog\/wp-json\/wp\/v2\/categories?post=96452"},{"taxonomy":"post_tag","embeddable":true,"href":"https:\/\/muhiku.com\/blog\/wp-json\/wp\/v2\/tags?post=96452"}],"curies":[{"name":"wp","href":"https:\/\/api.w.org\/{rel}","templated":true}]}}