{"id":93477,"date":"2023-06-16T11:00:54","date_gmt":"2023-06-16T08:00:54","guid":{"rendered":"https:\/\/muhiku.com\/blog\/?p=93477"},"modified":"2024-06-14T16:18:15","modified_gmt":"2024-06-14T13:18:15","slug":"amcaya-ve-dayiya-babalar-gunu-mesaji-fikirleri","status":"publish","type":"post","link":"https:\/\/muhiku.com\/blog\/amcaya-ve-dayiya-babalar-gunu-mesaji-fikirleri\/","title":{"rendered":"Amcaya ve Day\u0131ya Babalar G\u00fcn\u00fc Mesaj\u0131 Fikirleri"},"content":{"rendered":"<p><strong>Amcaya ve day\u0131ya Babalar G\u00fcn\u00fc mesaj\u0131<\/strong> yazmakta zorlan\u0131yor musunuz? \u00d6yleyse bu i\u00e7eri\u011fimiz imdad\u0131n\u0131za yeti\u015fecek!<\/p>\n<p>Bildi\u011finiz gibi Babalar G\u00fcn\u00fc kap\u0131da. Hal b\u00f6yle olunca da babas\u0131n\u0131, amcas\u0131n\u0131 veya day\u0131s\u0131n\u0131 mutlu etmek isteyen pek \u00e7ok insan nas\u0131l bir kutlama yapmal\u0131y\u0131m diye d\u00fc\u015f\u00fcn\u00fcp duruyor. Asl\u0131nda bu \u00f6zel g\u00fcn\u00fc kutlamak i\u00e7in say\u0131s\u0131z yol var. Fakat bizce duygu y\u00fckl\u00fc c\u00fcmlelerle yaz\u0131lan bir amcaya Babalar G\u00fcn\u00fc mesaj\u0131, kutlamalar\u0131n en g\u00fczelidir.<\/p>\n<p>Mesaj yazma konusunda kendinize g\u00fcvenemiyorsan\u0131z endi\u015felenmenize hi\u00e7 gerek yok. Bu i\u00e7eri\u011fimizde sizler i\u00e7in amcaya Babalar G\u00fcn\u00fc mesaj\u0131 duygusal se\u00e7eneklere yer verece\u011fiz.<\/p>\n<p>B\u00f6ylece en \u00e7ok be\u011fendi\u011finiz mesajla amcan\u0131z\u0131n veya day\u0131n\u0131z\u0131n Babalar G\u00fcn\u00fc&#8217;n\u00fc en g\u00fczel \u015fekilde kutlayabileceksiniz. \u015eimdiden keyifli okumalar dileriz.<\/p>\n<p>\ud83d\udc99 Yazaca\u011f\u0131n\u0131z mesaj\u0131 g\u00fczel bir Babalar G\u00fcn\u00fc hediyesi ile ta\u00e7land\u0131rmaya var m\u0131s\u0131n\u0131z? E\u011fer mesaj yetersiz gelir birde hediye almal\u0131y\u0131m diyenlerdenseniz Muhiku&#8217;nun Babalar G\u00fcn\u00fc hediyeleri kategorisini inceleyebilirsiniz.<\/p>\n<p>Birbirinden yenilik\u00e7i hediyelerin yer ald\u0131\u011f\u0131 bu kutularla amcan\u0131z\u0131 veya day\u0131n\u0131z\u0131 mutlu edebilirsiniz.<\/p>\n<h2 id=\"kiz-yegenden-amcaya-ve-dayiya-babalar-gunu-mesaji\">K\u0131z Ye\u011fenden Amcaya ve Day\u0131ya Babalar G\u00fcn\u00fc Mesaj\u0131<\/h2>\n<p><img  loading=\"lazy\"  decoding=\"async\"  class=\"alignnone size-medium wp-image-96641 pk-lazyload\"  src=\"data:image\/png;base64,iVBORw0KGgoAAAANSUhEUgAAAyAAAAHVAQMAAAAzfg2oAAAAA1BMVEUAAP+KeNJXAAAAAXRSTlMAQObYZgAAAAlwSFlzAAAOxAAADsQBlSsOGwAAAEVJREFUeNrtwTEBAAAAwqD1T20ND6AAAAAAAAAAAAAAAAAAAAAAAAAAAAAAAAAAAAAAAAAAAAAAAAAAAAAAAAAAAACAWwO5CQABdzoz8gAAAABJRU5ErkJggg==\"  alt=\"kiz-yegenden-amcaya-ve-dayiya-babalar-gunu-mesaji\"  width=\"800\"  height=\"469\"  data-pk-sizes=\"auto\"  data-ls-sizes=\"(max-width: 800px) 100vw, 800px\"  data-pk-src=\"https:\/\/cdn.muhiku.com\/blog\/wp-content\/uploads\/2024\/05\/kiz-yegenden-amcaya-ve-dayiya-babalar-gunu-mesaji-800x469.webp\"  data-pk-srcset=\"https:\/\/muhiku.com\/blog\/wp-content\/uploads\/2024\/05\/kiz-yegenden-amcaya-ve-dayiya-babalar-gunu-mesaji-800x469.webp 800w, https:\/\/muhiku.com\/blog\/wp-content\/uploads\/2024\/05\/kiz-yegenden-amcaya-ve-dayiya-babalar-gunu-mesaji-380x223.webp 380w, https:\/\/muhiku.com\/blog\/wp-content\/uploads\/2024\/05\/kiz-yegenden-amcaya-ve-dayiya-babalar-gunu-mesaji-760x445.webp 760w, https:\/\/muhiku.com\/blog\/wp-content\/uploads\/2024\/05\/kiz-yegenden-amcaya-ve-dayiya-babalar-gunu-mesaji.webp 1024w\" ><\/p>\n<ul>\n<li>&#8220;Sevgili day\u0131c\u0131\u011f\u0131m\/amcac\u0131\u011f\u0131m, \u00e7ocuklu\u011fumun en g\u00fczel an\u0131lar\u0131 seninle dolu. Her zaman bir baba \u015fefkatiyle beni koruyup kollad\u0131\u011f\u0131n i\u00e7in sana minnettar\u0131m. Babalar G\u00fcn\u00fc&#8217;n kutlu olsun!&#8221;<\/li>\n<li>&#8220;Can\u0131m day\u0131m\/amcam, senin gibi harika bir day\u0131m oldu\u011fu i\u00e7in \u00e7ok \u015fansl\u0131y\u0131m. Bana g\u00f6sterdi\u011fin sevgi ve destek i\u00e7in te\u015fekk\u00fcr ederim. Babalar G\u00fcn\u00fc&#8217;n\u00fc kutlar, seni sevgiyle kucaklar\u0131m!&#8221;<\/li>\n<li>&#8220;Day\u0131c\u0131\u011f\u0131m\/amcac\u0131\u011f\u0131m, seninle birlikte ge\u00e7irdi\u011fim her an bana mutluluk veriyor. Bana her zaman rehberlik etti\u011fin ve sevginle sard\u0131\u011f\u0131n i\u00e7in te\u015fekk\u00fcr ederim. Babalar G\u00fcn\u00fc&#8217;n kutlu olsun!&#8221;<\/li>\n<li>&#8220;Sevgili amcam\/day\u0131m, senin yan\u0131nda olmak her zaman bana g\u00fcven ve mutluluk veriyor. Babalar G\u00fcn\u00fc&#8217;nde, senin gibi harika bir amcam\/day\u0131m oldu\u011fu i\u00e7in ne kadar \u015fansl\u0131 oldu\u011fumu bir kez daha hat\u0131rl\u0131yorum. Babalar G\u00fcn\u00fc&#8217;n kutlu olsun!&#8221;<\/li>\n<li>&#8220;Can\u0131m amcam\/day\u0131m, sen benim i\u00e7in her zaman bir baba fig\u00fcr\u00fc oldun. Ne zaman deste\u011fe ihtiyac\u0131m olsa, hep yan\u0131mdayd\u0131n. Babalar G\u00fcn\u00fc&#8217;n\u00fc kutlar, sana sa\u011fl\u0131k ve mutluluklar dilerim!&#8221;<\/li>\n<li>&#8220;Amcac\u0131\u011f\u0131m\/day\u0131c\u0131\u011f\u0131m, seninle ge\u00e7irdi\u011fim her an \u00e7ok de\u011ferli. Babalar G\u00fcn\u00fc&#8217;n kutlu olsun, seni \u00e7ok seviyorum!&#8221;<\/li>\n<\/ul>\n<h2 id=\"erkek-yegenden-amcaya-ve-dayiya-babalar-gunu-mesaji\">Erkek Ye\u011fenden Amcaya ve Day\u0131ya Babalar G\u00fcn\u00fc Mesaj\u0131<\/h2>\n<p><img  loading=\"lazy\"  decoding=\"async\"  class=\"alignnone size-medium wp-image-96640 pk-lazyload\"  src=\"data:image\/png;base64,iVBORw0KGgoAAAANSUhEUgAAAyAAAAHVAQMAAAAzfg2oAAAAA1BMVEUAAP+KeNJXAAAAAXRSTlMAQObYZgAAAAlwSFlzAAAOxAAADsQBlSsOGwAAAEVJREFUeNrtwTEBAAAAwqD1T20ND6AAAAAAAAAAAAAAAAAAAAAAAAAAAAAAAAAAAAAAAAAAAAAAAAAAAAAAAAAAAACAWwO5CQABdzoz8gAAAABJRU5ErkJggg==\"  alt=\"erkek-yegenden-amcaya-ve-dayiya-babalar-gunu-mesaji\"  width=\"800\"  height=\"469\"  data-pk-sizes=\"auto\"  data-ls-sizes=\"(max-width: 800px) 100vw, 800px\"  data-pk-src=\"https:\/\/cdn.muhiku.com\/blog\/wp-content\/uploads\/2024\/05\/erkek-yegenden-amcaya-ve-dayiya-babalar-gunu-mesaji-800x469.webp\"  data-pk-srcset=\"https:\/\/muhiku.com\/blog\/wp-content\/uploads\/2024\/05\/erkek-yegenden-amcaya-ve-dayiya-babalar-gunu-mesaji-800x469.webp 800w, https:\/\/muhiku.com\/blog\/wp-content\/uploads\/2024\/05\/erkek-yegenden-amcaya-ve-dayiya-babalar-gunu-mesaji-380x223.webp 380w, https:\/\/muhiku.com\/blog\/wp-content\/uploads\/2024\/05\/erkek-yegenden-amcaya-ve-dayiya-babalar-gunu-mesaji-760x445.webp 760w, https:\/\/muhiku.com\/blog\/wp-content\/uploads\/2024\/05\/erkek-yegenden-amcaya-ve-dayiya-babalar-gunu-mesaji.webp 1024w\" ><\/p>\n<ul>\n<li>&#8220;Babam gibi sevdi\u011fim de\u011ferli amcam\/day\u0131m, bana g\u00f6sterdi\u011fin sevgi ve ilgi i\u00e7in minnettar\u0131m. Her zaman \u00f6rnek ald\u0131\u011f\u0131m birisin. Babalar G\u00fcn\u00fc&#8217;n kutlu olsun!&#8221;<\/li>\n<li>&#8220;Sevgili amcam\/day\u0131m, seninle ge\u00e7irdi\u011fimiz zamanlar her zaman en g\u00fczel an\u0131lar\u0131m aras\u0131nda olacak. Bana \u00f6\u011fretti\u011fin her \u015fey i\u00e7in \u00e7ok te\u015fekk\u00fcr ederim. Babalar G\u00fcn\u00fc&#8217;n kutlu olsun!&#8221;<\/li>\n<li>&#8220;Amcam\/day\u0131m, senin gibi bir amcaya\/day\u0131ya sahip oldu\u011fum i\u00e7in \u00e7ok \u015fansl\u0131y\u0131m. Bana her zaman do\u011fru yolu g\u00f6sterdi\u011fin ve destek oldu\u011fun i\u00e7in minnettar\u0131m. Babalar G\u00fcn\u00fc&#8217;n kutlu olsun!&#8221;<\/li>\n<li>&#8220;Babalar G\u00fcn\u00fc&#8217;n kutlu olsun sevgili amcam\/day\u0131m! Seninle her zaman gurur duydum ve duymaya devam edece\u011fim. \u0130yi ki vars\u0131n!&#8221;<\/li>\n<li>&#8220;Can\u0131m amcam\/day\u0131m, bana hem bir baba hem de bir arkada\u015f oldun. Her zaman yan\u0131mda oldu\u011fun i\u00e7in te\u015fekk\u00fcr ederim. Babalar G\u00fcn\u00fc&#8217;n kutlu olsun!&#8221;<\/li>\n<li>&#8220;Sevgili amcam\/day\u0131m, seninle birlikte ge\u00e7irdi\u011fimiz zamanlar benim i\u00e7in \u00e7ok de\u011ferli. Bana katt\u0131\u011f\u0131n her \u015fey i\u00e7in \u00e7ok te\u015fekk\u00fcr ederim. Babalar G\u00fcn\u00fc&#8217;n kutlu olsun!&#8221;<\/li>\n<\/ul>\n<h2 id=\"amcaya-ve-dayiya-babalar-gunu-mesaji-kisa\">Amcaya ve Day\u0131ya Babalar G\u00fcn\u00fc Mesaj\u0131 K\u0131sa<\/h2>\n<p><img  loading=\"lazy\"  decoding=\"async\"  class=\"alignnone size-medium wp-image-96637 pk-lazyload\"  src=\"data:image\/png;base64,iVBORw0KGgoAAAANSUhEUgAAAyAAAAHVAQMAAAAzfg2oAAAAA1BMVEUAAP+KeNJXAAAAAXRSTlMAQObYZgAAAAlwSFlzAAAOxAAADsQBlSsOGwAAAEVJREFUeNrtwTEBAAAAwqD1T20ND6AAAAAAAAAAAAAAAAAAAAAAAAAAAAAAAAAAAAAAAAAAAAAAAAAAAAAAAAAAAACAWwO5CQABdzoz8gAAAABJRU5ErkJggg==\"  alt=\"amcaya-ve-dayiya-babalar-gunu-mesaji-kisa\"  width=\"800\"  height=\"469\"  data-pk-sizes=\"auto\"  data-ls-sizes=\"(max-width: 800px) 100vw, 800px\"  data-pk-src=\"https:\/\/cdn.muhiku.com\/blog\/wp-content\/uploads\/2024\/05\/amcaya-ve-dayiya-babalar-gunu-mesaji-kisa-800x469.webp\"  data-pk-srcset=\"https:\/\/muhiku.com\/blog\/wp-content\/uploads\/2024\/05\/amcaya-ve-dayiya-babalar-gunu-mesaji-kisa-800x469.webp 800w, https:\/\/muhiku.com\/blog\/wp-content\/uploads\/2024\/05\/amcaya-ve-dayiya-babalar-gunu-mesaji-kisa-380x223.webp 380w, https:\/\/muhiku.com\/blog\/wp-content\/uploads\/2024\/05\/amcaya-ve-dayiya-babalar-gunu-mesaji-kisa-760x445.webp 760w, https:\/\/muhiku.com\/blog\/wp-content\/uploads\/2024\/05\/amcaya-ve-dayiya-babalar-gunu-mesaji-kisa.webp 1024w\" ><\/p>\n<ul>\n<li>&#8220;Babalar G\u00fcn\u00fc&#8217;n kutlu olsun amcac\u0131m\/day\u0131c\u0131m! Her zaman bizim i\u00e7in bir kahramans\u0131n.&#8221;<\/li>\n<li>&#8220;Babalar G\u00fcn\u00fc&#8217;n kutlu olsun sevgili amcam\/day\u0131m! \u0130yi ki vars\u0131n.&#8221;<\/li>\n<li>&#8220;Senin gibi harika bir amcam\/day\u0131m oldu\u011fum i\u00e7in \u00e7ok \u015fansl\u0131y\u0131m. Babalar G\u00fcn\u00fc&#8217;n kutlu olsun!&#8221;<\/li>\n<li>&#8220;Babalar G\u00fcn\u00fc&#8217;n kutlu olsun! Seninle her zaman gurur duyuyorum, amca\/day\u0131.&#8221;<\/li>\n<li>&#8220;Her zaman yan\u0131mda oldu\u011fun i\u00e7in te\u015fekk\u00fcrler amca\/day\u0131. Babalar G\u00fcn\u00fc&#8217;n kutlu olsun!&#8221;<\/li>\n<li>&#8220;Mutlu Babalar G\u00fcn\u00fc amca\/day\u0131! Her zaman destek\u00e7im oldu\u011fun i\u00e7in minnettar\u0131m.&#8221;<\/li>\n<li>&#8220;Her zaman g\u00fc\u00e7l\u00fc ve sevgi dolu bir day\u0131\/amca oldun. Babalar G\u00fcn\u00fc&#8217;n kutlu olsun amcac\u0131m\/day\u0131c\u0131m!&#8221;<\/li>\n<\/ul>\n<h3 id=\"amcaya-ve-dayiya-eglenceli-babalar-gunu-mesaji-kisa\">Amcaya ve Day\u0131ya E\u011flenceli Babalar G\u00fcn\u00fc Mesaj\u0131 K\u0131sa<\/h3>\n<p><img  loading=\"lazy\"  decoding=\"async\"  class=\"alignnone size-medium wp-image-96639 pk-lazyload\"  src=\"data:image\/png;base64,iVBORw0KGgoAAAANSUhEUgAAAyAAAAHVAQMAAAAzfg2oAAAAA1BMVEUAAP+KeNJXAAAAAXRSTlMAQObYZgAAAAlwSFlzAAAOxAAADsQBlSsOGwAAAEVJREFUeNrtwTEBAAAAwqD1T20ND6AAAAAAAAAAAAAAAAAAAAAAAAAAAAAAAAAAAAAAAAAAAAAAAAAAAAAAAAAAAACAWwO5CQABdzoz8gAAAABJRU5ErkJggg==\"  alt=\"amcaya-ve-dayiya-eglenceli-babalar-gunu-mesaji-kisa\"  width=\"800\"  height=\"469\"  data-pk-sizes=\"auto\"  data-ls-sizes=\"(max-width: 800px) 100vw, 800px\"  data-pk-src=\"https:\/\/cdn.muhiku.com\/blog\/wp-content\/uploads\/2024\/05\/amcaya-ve-dayiya-eglenceli-babalar-gunu-mesaji-kisa-800x469.webp\"  data-pk-srcset=\"https:\/\/muhiku.com\/blog\/wp-content\/uploads\/2024\/05\/amcaya-ve-dayiya-eglenceli-babalar-gunu-mesaji-kisa-800x469.webp 800w, https:\/\/muhiku.com\/blog\/wp-content\/uploads\/2024\/05\/amcaya-ve-dayiya-eglenceli-babalar-gunu-mesaji-kisa-380x223.webp 380w, https:\/\/muhiku.com\/blog\/wp-content\/uploads\/2024\/05\/amcaya-ve-dayiya-eglenceli-babalar-gunu-mesaji-kisa-760x445.webp 760w, https:\/\/muhiku.com\/blog\/wp-content\/uploads\/2024\/05\/amcaya-ve-dayiya-eglenceli-babalar-gunu-mesaji-kisa.webp 1024w\" ><\/p>\n<ul>\n<li>&#8220;Day\u0131c\u0131\u011f\u0131m\/amcac\u0131\u011f\u0131m, sen olmasan \u00e7ocukluk an\u0131lar\u0131m eksik kal\u0131rd\u0131. Babalar G\u00fcn\u00fc&#8217;n kutlu olsun!&#8221;<\/li>\n<li>&#8220;Babalar G\u00fcn\u00fc&#8217;n kutlu olsun, s\u00fcper amcam\/day\u0131m! Seninle her g\u00fcn bir macera!&#8221;<\/li>\n<li>&#8220;Babalar G\u00fcn\u00fc&#8217;n kutlu olsun, amca\/day\u0131! Seninle her zaman e\u011flence dorukta!&#8221;<\/li>\n<li>&#8220;Day\u0131\/amca, seninle b\u00fcy\u00fcmek bir \u015fanst\u0131! Babalar G\u00fcn\u00fc&#8217;n kutlu olsun, hep ne\u015feli kal!&#8221;<\/li>\n<li>&#8220;Babalar G\u00fcn\u00fc&#8217;n kutlu olsun, amca\/day\u0131! Seninle g\u00fclmek her zaman daha keyifli!&#8221;<\/li>\n<li>&#8220;Day\u0131c\u0131\u011f\u0131m\/amcac\u0131\u011f\u0131m, seninle ge\u00e7irilen zamanlar her zaman kahkaha dolu! Babalar G\u00fcn\u00fc&#8217;n kutlu olsun!&#8221;<\/li>\n<li>&#8220;Amca\/day\u0131, seninle ge\u00e7irilen her an g\u00fclmekten k\u0131r\u0131l\u0131yorum! Babalar G\u00fcn\u00fc&#8217;n kutlu olsun!&#8221;<\/li>\n<li>&#8220;Day\u0131\/amca, hayat\u0131ma katt\u0131\u011f\u0131n ne\u015fe i\u00e7in te\u015fekk\u00fcrler! Babalar G\u00fcn\u00fc&#8217;n kutlu olsun!&#8221;<\/li>\n<li>&#8220;Babalar G\u00fcn\u00fc&#8217;n kutlu olsun, e\u011flenceli amcam\/day\u0131m! Seninle her an keyif dolu!&#8221;<\/li>\n<\/ul>\n<h3 id=\"uzaktaki-amcaya-ve-dayiya-babalar-gunu-mesaji-kisa\">Uzaktaki Amcaya ve Day\u0131ya Babalar G\u00fcn\u00fc Mesaj\u0131 K\u0131sa<\/h3>\n<p><img  loading=\"lazy\"  decoding=\"async\"  class=\"alignnone size-medium wp-image-96642 pk-lazyload\"  src=\"data:image\/png;base64,iVBORw0KGgoAAAANSUhEUgAAAyAAAAHVAQMAAAAzfg2oAAAAA1BMVEUAAP+KeNJXAAAAAXRSTlMAQObYZgAAAAlwSFlzAAAOxAAADsQBlSsOGwAAAEVJREFUeNrtwTEBAAAAwqD1T20ND6AAAAAAAAAAAAAAAAAAAAAAAAAAAAAAAAAAAAAAAAAAAAAAAAAAAAAAAAAAAACAWwO5CQABdzoz8gAAAABJRU5ErkJggg==\"  alt=\"uzaktaki-amcaya-ve-dayiya-babalar-gunu-mesaji-kisa\"  width=\"800\"  height=\"469\"  data-pk-sizes=\"auto\"  data-ls-sizes=\"(max-width: 800px) 100vw, 800px\"  data-pk-src=\"https:\/\/cdn.muhiku.com\/blog\/wp-content\/uploads\/2024\/05\/uzaktaki-amcaya-ve-dayiya-babalar-gunu-mesaji-kisa-800x469.webp\"  data-pk-srcset=\"https:\/\/muhiku.com\/blog\/wp-content\/uploads\/2024\/05\/uzaktaki-amcaya-ve-dayiya-babalar-gunu-mesaji-kisa-800x469.webp 800w, https:\/\/muhiku.com\/blog\/wp-content\/uploads\/2024\/05\/uzaktaki-amcaya-ve-dayiya-babalar-gunu-mesaji-kisa-380x223.webp 380w, https:\/\/muhiku.com\/blog\/wp-content\/uploads\/2024\/05\/uzaktaki-amcaya-ve-dayiya-babalar-gunu-mesaji-kisa-760x445.webp 760w, https:\/\/muhiku.com\/blog\/wp-content\/uploads\/2024\/05\/uzaktaki-amcaya-ve-dayiya-babalar-gunu-mesaji-kisa.webp 1024w\" ><\/p>\n<ul>\n<li>&#8220;Babalar G\u00fcn\u00fc\u2019n kutlu olsun amcac\u0131m\/day\u0131c\u0131m! Uzakta olsak da kalbim hep seninle.&#8221;<\/li>\n<li>&#8220;Sevgili amcam\/day\u0131m, Babalar G\u00fcn\u00fc\u2019n kutlu olsun! Mesafeler seni unutmama engel olamaz.&#8221;<\/li>\n<li>&#8220;Babalar G\u00fcn\u00fc\u2019n kutlu olsun day\u0131c\u0131m\/amcac\u0131m! Uzakta olsak da sevgim hep yan\u0131nda.&#8221;<\/li>\n<li>&#8220;Amcac\u0131m\/day\u0131c\u0131m, Babalar G\u00fcn\u00fc\u2019n kutlu olsun! En k\u0131sa zamanda g\u00f6r\u00fc\u015fmek dile\u011fiyle.&#8221;<\/li>\n<li>&#8220;Babalar G\u00fcn\u00fc\u2019n kutlu olsun sevgili amcam\/day\u0131m! Mesafeler sevgimizi azaltamaz.&#8221;<\/li>\n<li>&#8220;Amcam\/day\u0131m, Babalar G\u00fcn\u00fc\u2019n kutlu olsun! Hep akl\u0131mdas\u0131n, seni \u00e7ok seviyorum.&#8221;<\/li>\n<li>&#8220;Babalar G\u00fcn\u00fc\u2019n kutlu olsun amcac\u0131m\/day\u0131c\u0131m! Sa\u011fl\u0131kl\u0131, mutlu ve huzurlu bir g\u00fcn ge\u00e7irmen dile\u011fiyle.&#8221;<\/li>\n<li>&#8220;Sevgili amcam\/day\u0131m, Babalar G\u00fcn\u00fc\u2019n kutlu olsun! En k\u0131sa s\u00fcrede g\u00f6r\u00fc\u015fmek \u00fczere.&#8221;<\/li>\n<\/ul>\n<h2 id=\"amcaya-ve-dayiya-babalar-gunu-mesaji-uzun\">Amcaya ve Day\u0131ya Babalar G\u00fcn\u00fc Mesaj\u0131 Uzun<\/h2>\n<p><img  loading=\"lazy\"  decoding=\"async\"  class=\"alignnone size-medium wp-image-96638 pk-lazyload\"  src=\"data:image\/png;base64,iVBORw0KGgoAAAANSUhEUgAAAyAAAAHVAQMAAAAzfg2oAAAAA1BMVEUAAP+KeNJXAAAAAXRSTlMAQObYZgAAAAlwSFlzAAAOxAAADsQBlSsOGwAAAEVJREFUeNrtwTEBAAAAwqD1T20ND6AAAAAAAAAAAAAAAAAAAAAAAAAAAAAAAAAAAAAAAAAAAAAAAAAAAAAAAAAAAACAWwO5CQABdzoz8gAAAABJRU5ErkJggg==\"  alt=\"amcaya-ve-dayiya-babalar-gunu-mesaji-uzun\"  width=\"800\"  height=\"469\"  data-pk-sizes=\"auto\"  data-ls-sizes=\"(max-width: 800px) 100vw, 800px\"  data-pk-src=\"https:\/\/cdn.muhiku.com\/blog\/wp-content\/uploads\/2024\/05\/amcaya-ve-dayiya-babalar-gunu-mesaji-uzun-800x469.webp\"  data-pk-srcset=\"https:\/\/muhiku.com\/blog\/wp-content\/uploads\/2024\/05\/amcaya-ve-dayiya-babalar-gunu-mesaji-uzun-800x469.webp 800w, https:\/\/muhiku.com\/blog\/wp-content\/uploads\/2024\/05\/amcaya-ve-dayiya-babalar-gunu-mesaji-uzun-380x223.webp 380w, https:\/\/muhiku.com\/blog\/wp-content\/uploads\/2024\/05\/amcaya-ve-dayiya-babalar-gunu-mesaji-uzun-760x445.webp 760w, https:\/\/muhiku.com\/blog\/wp-content\/uploads\/2024\/05\/amcaya-ve-dayiya-babalar-gunu-mesaji-uzun.webp 1024w\" ><\/p>\n<p>Amcan\u0131za veya day\u0131n\u0131za g\u00f6nderebilece\u011finiz dokunakl\u0131, samimi ve anlaml\u0131 mesajlar olduk\u00e7a k\u0131ymetli. Bu mesajlar sayesinde onlara ne kadar de\u011ferli olduklar\u0131n\u0131 hissettirebilirsiniz. \u00d6zellikle s\u00fcsl\u00fc c\u00fcmlelerle yaz\u0131lan sevgi dolu mesajlar\u0131n amcan\u0131z\u0131 ne kadar mutlu edebilece\u011fini tahmin etmek zor de\u011fil.<\/p>\n<p>Peki Babalar G\u00fcn\u00fc&#8217;ne g\u00fczel bir mesaj olarak ne yazaca\u011f\u0131m diye d\u00fc\u015f\u00fcn\u00fcyor olabilirsiniz. \u0130\u00e7eri\u011fimizin bu k\u0131sm\u0131nda amcaya Babalar G\u00fcn\u00fc mesaj\u0131 uzun se\u00e7eneklere de\u011finece\u011fiz. B\u00f6ylece amcan\u0131z i\u00e7in harika bir kutlama yapabileceksiniz.<\/p>\n<p>\u0130\u015fte amca i\u00e7in Babalar G\u00fcn\u00fc mesajlar\u0131.<\/p>\n<ul>\n<li>&#8220;Amcac\u0131\u011f\u0131m\/day\u0131c\u0131\u011f\u0131m, hayat\u0131mda her zaman benimle olan ve bana destek veren biri olarak, Babalar G\u00fcn\u00fc&#8217;n\u00fc kutlamak istiyorum. Senin sevgin, \u00f6\u011f\u00fctlerin ve g\u00fcvenilirli\u011fin benim i\u00e7in her \u015feyden \u00f6nemli. Sana minnettar\u0131m ve seni \u00e7ok seviyorum. Babalar G\u00fcn\u00fc&#8217;n kutlu olsun!&#8221;<\/li>\n<li>&#8220;Sevgili amcam; s\u0131cak g\u00fcl\u00fcmsemen, e\u015fsiz mizah anlay\u0131\u015f\u0131n ve sabr\u0131nla her zaman yan\u0131mda oldu\u011funu hissettiriyorsun. Babalar G\u00fcn\u00fc&#8217;n\u00fc kutlar, sana sevgi ve sayg\u0131lar\u0131m\u0131 sunar\u0131m.&#8221;<\/li>\n<li>&#8220;Amcac\u0131\u011f\u0131m\/day\u0131c\u0131\u011f\u0131m sen benim i\u00e7in sadece bir amca de\u011filsin; ayn\u0131 zamanda bir arkada\u015f, bir kahramans\u0131n. Babalar G\u00fcn\u00fc&#8217;nde sana bir kez daha te\u015fekk\u00fcr etmek istiyorum. Yapt\u0131\u011f\u0131n fedakarl\u0131klar, sa\u011flad\u0131\u011f\u0131n destek ve sevgin i\u00e7in sana minnettar\u0131m. \u0130yi ki vars\u0131n, Babalar G\u00fcn\u00fc&#8217;n kutlu olsun!&#8221;<\/li>\n<li>&#8220;Her zaman yan\u0131mda oldu\u011fun ve beni cesaretlendirdi\u011fin i\u00e7in te\u015fekk\u00fcr ederim. Babalar G\u00fcn\u00fc&#8217;n kutlu olsun biricik amcam\/day\u0131m. Seni seviyorum!&#8221;<\/li>\n<li>&#8220;Amcac\u0131\u011f\u0131m\/day\u0131c\u0131\u011f\u0131m hayat\u0131m\u0131n zorlu anlar\u0131nda bana g\u00fc\u00e7 veren, ba\u015far\u0131lar\u0131m\u0131 kutlayan ve her zaman yan\u0131mda olan biri olarak, sana minnettar\u0131m. Babalar G\u00fcn\u00fc&#8217;n kutlu olsun. Sen m\u00fckemmel bir babas\u0131n!&#8221;<\/li>\n<li>&#8220;Can\u0131m amcam\/day\u0131m! Babalar\u0131n fedakarl\u0131klar\u0131n\u0131 ve sevgi dolu varl\u0131klar\u0131n\u0131 kutlad\u0131\u011f\u0131m\u0131z bu \u00f6zel g\u00fcnde, senin hayat\u0131mda oynad\u0131\u011f\u0131n rol\u00fcn b\u00fcy\u00fckl\u00fc\u011f\u00fcn\u00fc bir kez daha hat\u0131rlatmak istiyorum. Sana minnettar\u0131m ve her zaman kalbimde \u00f6zel bir yere sahipsin. Babalar G\u00fcn\u00fc&#8217;n kutlu olsun!&#8221;<\/li>\n<li>&#8220;Seninle payla\u015ft\u0131\u011f\u0131m an\u0131lar, \u00f6\u011frendi\u011fim de\u011ferler ve bana verdi\u011fin sevgi benim i\u00e7in paha bi\u00e7ilmez. Sana minnettar\u0131m ve her zaman sana hayranl\u0131k duyuyorum. Babalar G\u00fcn\u00fc&#8217;n kutlu olsun!&#8221;<\/li>\n<\/ul>\n<h2 id=\"amcaya-ve-dayiya-babalar-gunu-mesaji-duygusal\">Amcaya ve Day\u0131ya Babalar G\u00fcn\u00fc Mesaj\u0131 Duygusal<\/h2>\n<p><img  loading=\"lazy\"  decoding=\"async\"  class=\"alignnone size-medium wp-image-96636 pk-lazyload\"  src=\"data:image\/png;base64,iVBORw0KGgoAAAANSUhEUgAAAyAAAAHVAQMAAAAzfg2oAAAAA1BMVEUAAP+KeNJXAAAAAXRSTlMAQObYZgAAAAlwSFlzAAAOxAAADsQBlSsOGwAAAEVJREFUeNrtwTEBAAAAwqD1T20ND6AAAAAAAAAAAAAAAAAAAAAAAAAAAAAAAAAAAAAAAAAAAAAAAAAAAAAAAAAAAACAWwO5CQABdzoz8gAAAABJRU5ErkJggg==\"  alt=\"amcaya-ve-dayiya-babalar-gunu-mesaji-duygusal\"  width=\"800\"  height=\"469\"  data-pk-sizes=\"auto\"  data-ls-sizes=\"(max-width: 800px) 100vw, 800px\"  data-pk-src=\"https:\/\/cdn.muhiku.com\/blog\/wp-content\/uploads\/2024\/05\/amcaya-ve-dayiya-babalar-gunu-mesaji-duygusal-800x469.webp\"  data-pk-srcset=\"https:\/\/muhiku.com\/blog\/wp-content\/uploads\/2024\/05\/amcaya-ve-dayiya-babalar-gunu-mesaji-duygusal-800x469.webp 800w, https:\/\/muhiku.com\/blog\/wp-content\/uploads\/2024\/05\/amcaya-ve-dayiya-babalar-gunu-mesaji-duygusal-380x223.webp 380w, https:\/\/muhiku.com\/blog\/wp-content\/uploads\/2024\/05\/amcaya-ve-dayiya-babalar-gunu-mesaji-duygusal-760x445.webp 760w, https:\/\/muhiku.com\/blog\/wp-content\/uploads\/2024\/05\/amcaya-ve-dayiya-babalar-gunu-mesaji-duygusal.webp 1024w\" ><\/p>\n<p>Yazaca\u011f\u0131n\u0131z mesaj\u0131n duygusal olmas\u0131n\u0131 m\u0131 istiyorsunuz? \u00d6yleyse i\u00e7eri\u011fimizin bu k\u0131sm\u0131nda payla\u015faca\u011f\u0131m\u0131z mesajlar tam size g\u00f6re.<\/p>\n<p>Amcan\u0131za duydu\u011funuz sevgiyi en g\u00fczel \u015fekilde dile getirebilece\u011finiz bu mesajlar baban\u0131z\u0131 olduk\u00e7a mutlu edecek. Bu harika mesajlar\u0131n yan\u0131 s\u0131ra bu \u00f6zel g\u00fcn i\u00e7in amcaya hediye almay\u0131 da ihmal etmeyin.<\/p>\n<p>\u0130\u015fte amcaya Babalar G\u00fcn\u00fc&#8217;nde yazabilece\u011finiz duygusal mesajlar.<\/p>\n<ul>\n<li>&#8220;Sevgili amcac\u0131\u011f\u0131m\/day\u0131c\u0131\u011f\u0131m, Babalar G\u00fcn\u00fc&#8217;nde sana olan sevgimi ifade etmek i\u00e7in kelimeler yetersiz kal\u0131yor. Seni ne kadar \u00e7ok sevdi\u011fimi anlatmak imkans\u0131z, ama bil ki sen benim i\u00e7in \u00e7ok de\u011ferlisin. Babalar G\u00fcn\u00fc&#8217;n kutlu olsun!&#8221;<\/li>\n<li>&#8220;Amcac\u0131\u011f\u0131m\/day\u0131c\u0131\u011f\u0131m, Babalar G\u00fcn\u00fc&#8217;nde akl\u0131ma gelen ilk isim sensin. Senin s\u0131cakl\u0131\u011f\u0131n, anlay\u0131\u015f\u0131n ve sevgin, beni her zaman g\u00fcvende ve sevgi dolu bir ortamda hissettirdi. Sana minnettar\u0131m ve seninle ge\u00e7irdi\u011fim her an\u0131 daima kalbimde saklayaca\u011f\u0131m. Babalar G\u00fcn\u00fc&#8217;n kutlu olsun.&#8221;<\/li>\n<li>&#8220;Sevgili amcam\/day\u0131m; senin cesaretin, \u00f6rnek al\u0131nacak de\u011ferlerin ve sevgin beni her zaman ilham oldu. Babalar G\u00fcn\u00fc&#8217;nde sana olan sevgimi bir kez daha ifade etmek istiyorum ve seninle daha nice g\u00fczel an\u0131lar biriktirmeyi diliyorum. Babalar G\u00fcn\u00fc&#8217;n kutlu olsun!&#8221;<\/li>\n<li>&#8220;Amcac\u0131\u011f\u0131m\/day\u0131c\u0131\u011f\u0131m, sen benim i\u00e7in her zaman bir kahraman oldun. Babalar G\u00fcn\u00fc&#8217;nde sana olan sevgimi ve sayg\u0131m\u0131 bir kez daha ifade etmek istiyorum. Senin gibi bir amcaya sahip oldu\u011fum i\u00e7in \u015fansl\u0131y\u0131m ve seninle gurur duyuyorum. Babalar G\u00fcn\u00fc&#8217;n kutlu olsun!&#8221;<\/li>\n<li>&#8220;Sevgili amcam\/day\u0131m; hayat\u0131m\u0131za getirdi\u011fin ne\u015fe, sevgi ve \u015fefkat i\u00e7in sana minnettar\u0131m. Senin varl\u0131\u011f\u0131n, beni her zaman g\u00fc\u00e7lendiren ve ileriye ta\u015f\u0131yan bir g\u00fc\u00e7 oldu. Babalar G\u00fcn\u00fc&#8217;n kutlu olsun, sevgili amcac\u0131\u011f\u0131m!&#8221;<\/li>\n<li>&#8220;Hayat\u0131n zorlu anlar\u0131nda g\u00f6sterdi\u011fin g\u00fc\u00e7 daima bana ilham oldu. \u0130yi ki senin gibi bir amcaya\/day\u0131ya sahibim. Babalar G\u00fcn\u00fc&#8217;n kutlu olsun!&#8221;<\/li>\n<\/ul>\n<p>Bu birbirinden g\u00fczel ve anlaml\u0131 s\u00f6zlerle amcan\u0131za b\u00fcy\u00fck mutluluklar ya\u015fatabilirsiniz. Bize soracak olursan\u0131z alaca\u011f\u0131n\u0131z yenilik\u00e7i bir hediye bu mutlulu\u011fu ikiye katlayacak.<\/p>\n<p>E\u011fer siz de amcan\u0131za g\u00fczel bir jest yapmak istiyorsan\u0131z Babalar G\u00fcn\u00fc i\u00e7in Hediye Kutusu \u00d6nerileri blog yaz\u0131m\u0131z\u0131 okuyabilirsiniz. B\u00f6ylece amcan\u0131za unutulmaz bir Babalar G\u00fcn\u00fc ya\u015fatabilirsiniz.<\/p>\n","protected":false},"excerpt":{"rendered":"Amcaya ve day\u0131ya Babalar G\u00fcn\u00fc mesaj\u0131 yazmakta zorlan\u0131yor musunuz? \u00d6yleyse bu i\u00e7eri\u011fimiz imdad\u0131n\u0131za yeti\u015fecek! Bildi\u011finiz gibi Babalar G\u00fcn\u00fc&hellip;\n","protected":false},"author":25,"featured_media":93483,"comment_status":"open","ping_status":"open","sticky":false,"template":"","format":"standard","meta":{"footnotes":""},"categories":[147,132,135],"tags":[],"yoast_head":"<!-- This site is optimized with the Yoast SEO plugin v22.5 - https:\/\/yoast.com\/wordpress\/plugins\/seo\/ -->\n<title>Amcaya ve Day\u0131ya Babalar G\u00fcn\u00fc Mesaj\u0131 Fikirleri - Muhiku<\/title>\n<meta name=\"description\" content=\"\u0130\u00e7eri\u011fimizde sizler i\u00e7in yer verdi\u011fimiz amcaya Babalar G\u00fcn\u00fc mesaj\u0131 se\u00e7enekleri ile amcan\u0131z\u0131n \u00f6zel g\u00fcn\u00fcn\u00fc en g\u00fczel \u015fekilde kutlayabilirsiniz.\" \/>\n<meta name=\"robots\" content=\"index, follow, max-snippet:-1, max-image-preview:large, max-video-preview:-1\" \/>\n<link rel=\"canonical\" href=\"https:\/\/muhiku.com\/blog\/amcaya-ve-dayiya-babalar-gunu-mesaji-fikirleri\/\" \/>\n<meta property=\"og:locale\" content=\"tr_TR\" \/>\n<meta property=\"og:type\" content=\"article\" \/>\n<meta property=\"og:title\" content=\"Amcaya ve Day\u0131ya Babalar G\u00fcn\u00fc Mesaj\u0131 Fikirleri - Muhiku\" \/>\n<meta property=\"og:description\" content=\"\u0130\u00e7eri\u011fimizde sizler i\u00e7in yer verdi\u011fimiz amcaya Babalar G\u00fcn\u00fc mesaj\u0131 se\u00e7enekleri ile amcan\u0131z\u0131n \u00f6zel g\u00fcn\u00fcn\u00fc en g\u00fczel \u015fekilde kutlayabilirsiniz.\" \/>\n<meta property=\"og:url\" content=\"https:\/\/muhiku.com\/blog\/amcaya-ve-dayiya-babalar-gunu-mesaji-fikirleri\/\" \/>\n<meta property=\"og:site_name\" content=\"Muhiku\" \/>\n<meta property=\"article:published_time\" content=\"2023-06-16T08:00:54+00:00\" \/>\n<meta property=\"article:modified_time\" content=\"2024-06-14T13:18:15+00:00\" \/>\n<meta property=\"og:image\" content=\"https:\/\/cdn.muhiku.com\/blog\/wp-content\/uploads\/2023\/05\/amcaya-babalar-gunu-mesaji-uzun.jpg?x49301\" \/>\n\t<meta property=\"og:image:width\" content=\"1024\" \/>\n\t<meta property=\"og:image:height\" content=\"600\" \/>\n\t<meta property=\"og:image:type\" content=\"image\/jpeg\" \/>\n<meta name=\"author\" content=\"Dilara Yal\u00e7\u0131n\" \/>\n<meta name=\"twitter:card\" content=\"summary_large_image\" \/>\n<meta name=\"twitter:label1\" content=\"Written by\" \/>\n\t<meta name=\"twitter:data1\" content=\"Dilara Yal\u00e7\u0131n\" \/>\n\t<meta name=\"twitter:label2\" content=\"Est. reading time\" \/>\n\t<meta name=\"twitter:data2\" content=\"10 dakika\" \/>\n<script type=\"application\/ld+json\" class=\"yoast-schema-graph\">{\"@context\":\"https:\/\/schema.org\",\"@graph\":[{\"@type\":\"Article\",\"@id\":\"https:\/\/muhiku.com\/blog\/amcaya-ve-dayiya-babalar-gunu-mesaji-fikirleri\/#article\",\"isPartOf\":{\"@id\":\"https:\/\/muhiku.com\/blog\/amcaya-ve-dayiya-babalar-gunu-mesaji-fikirleri\/\"},\"author\":{\"name\":\"Dilara Yal\u00e7\u0131n\",\"@id\":\"https:\/\/muhiku.com\/blog\/#\/schema\/person\/0b50be1d52ee74306e1405ad86aac5d5\",\"url\":\"https:\/\/muhiku.com\/blog\/\"},\"headline\":\"Amcaya ve Day\u0131ya Babalar G\u00fcn\u00fc Mesaj\u0131 Fikirleri\",\"datePublished\":\"2023-06-16T08:00:54+00:00\",\"dateModified\":\"2024-06-14T13:18:15+00:00\",\"mainEntityOfPage\":{\"@id\":\"https:\/\/muhiku.com\/blog\/amcaya-ve-dayiya-babalar-gunu-mesaji-fikirleri\/\"},\"wordCount\":1966,\"commentCount\":0,\"publisher\":{\"@id\":\"https:\/\/muhiku.com\/blog\/#organization\"},\"image\":{\"@id\":\"https:\/\/muhiku.com\/blog\/amcaya-ve-dayiya-babalar-gunu-mesaji-fikirleri\/#primaryimage\"},\"thumbnailUrl\":\"https:\/\/muhiku.com\/blog\/wp-content\/uploads\/2023\/05\/amcaya-babalar-gunu-mesaji-uzun.jpg\",\"articleSection\":[\"Babalar G\u00fcn\u00fc Hediyeleri\",\"Babaya Hediye\",\"Erke\u011fe Hediye\"],\"inLanguage\":\"tr\",\"potentialAction\":[{\"@type\":\"CommentAction\",\"name\":\"Comment\",\"target\":[\"https:\/\/muhiku.com\/blog\/amcaya-ve-dayiya-babalar-gunu-mesaji-fikirleri\/#respond\"]}]},{\"@type\":\"WebPage\",\"@id\":\"https:\/\/muhiku.com\/blog\/amcaya-ve-dayiya-babalar-gunu-mesaji-fikirleri\/\",\"url\":\"https:\/\/muhiku.com\/blog\/amcaya-ve-dayiya-babalar-gunu-mesaji-fikirleri\/\",\"name\":\"Amcaya ve Day\u0131ya Babalar G\u00fcn\u00fc Mesaj\u0131 Fikirleri - Muhiku\",\"isPartOf\":{\"@id\":\"https:\/\/muhiku.com\/blog\/#website\"},\"primaryImageOfPage\":{\"@id\":\"https:\/\/muhiku.com\/blog\/amcaya-ve-dayiya-babalar-gunu-mesaji-fikirleri\/#primaryimage\"},\"image\":{\"@id\":\"https:\/\/muhiku.com\/blog\/amcaya-ve-dayiya-babalar-gunu-mesaji-fikirleri\/#primaryimage\"},\"thumbnailUrl\":\"https:\/\/muhiku.com\/blog\/wp-content\/uploads\/2023\/05\/amcaya-babalar-gunu-mesaji-uzun.jpg\",\"datePublished\":\"2023-06-16T08:00:54+00:00\",\"dateModified\":\"2024-06-14T13:18:15+00:00\",\"description\":\"\u0130\u00e7eri\u011fimizde sizler i\u00e7in yer verdi\u011fimiz amcaya Babalar G\u00fcn\u00fc mesaj\u0131 se\u00e7enekleri ile amcan\u0131z\u0131n \u00f6zel g\u00fcn\u00fcn\u00fc en g\u00fczel \u015fekilde kutlayabilirsiniz.\",\"breadcrumb\":{\"@id\":\"https:\/\/muhiku.com\/blog\/amcaya-ve-dayiya-babalar-gunu-mesaji-fikirleri\/#breadcrumb\"},\"inLanguage\":\"tr\",\"potentialAction\":[{\"@type\":\"ReadAction\",\"target\":[\"https:\/\/muhiku.com\/blog\/amcaya-ve-dayiya-babalar-gunu-mesaji-fikirleri\/\"]}]},{\"@type\":\"ImageObject\",\"inLanguage\":\"tr\",\"@id\":\"https:\/\/muhiku.com\/blog\/amcaya-ve-dayiya-babalar-gunu-mesaji-fikirleri\/#primaryimage\",\"url\":\"https:\/\/muhiku.com\/blog\/wp-content\/uploads\/2023\/05\/amcaya-babalar-gunu-mesaji-uzun.jpg\",\"contentUrl\":\"https:\/\/muhiku.com\/blog\/wp-content\/uploads\/2023\/05\/amcaya-babalar-gunu-mesaji-uzun.jpg\",\"width\":1024,\"height\":600,\"caption\":\"amcaya-babalar-gunu-mesaji-uzun\"},{\"@type\":\"BreadcrumbList\",\"@id\":\"https:\/\/muhiku.com\/blog\/amcaya-ve-dayiya-babalar-gunu-mesaji-fikirleri\/#breadcrumb\",\"itemListElement\":[{\"@type\":\"ListItem\",\"position\":1,\"name\":\"Blog\",\"item\":\"https:\/\/muhiku.com\/blog\/\"},{\"@type\":\"ListItem\",\"position\":2,\"name\":\"Amcaya ve Day\u0131ya Babalar G\u00fcn\u00fc Mesaj\u0131 Fikirleri\"}]},{\"@type\":\"WebSite\",\"@id\":\"https:\/\/muhiku.com\/blog\/#website\",\"url\":\"https:\/\/muhiku.com\/blog\/\",\"name\":\"Muhiku\",\"description\":\"Yenilik\u00e7i Hediye Rehberi\",\"publisher\":{\"@id\":\"https:\/\/muhiku.com\/blog\/#organization\"},\"inLanguage\":\"tr\"},{\"@type\":\"Organization\",\"@id\":\"https:\/\/muhiku.com\/blog\/#organization\",\"name\":\"Muhiku\",\"url\":\"https:\/\/muhiku.com\/blog\/\",\"logo\":{\"@type\":\"ImageObject\",\"inLanguage\":\"tr\",\"@id\":\"https:\/\/muhiku.com\/blog\/#\/schema\/logo\/image\/\",\"url\":\"https:\/\/muhiku.com\/blog\/wp-content\/uploads\/2019\/04\/logo-kare-1.png\",\"contentUrl\":\"https:\/\/muhiku.com\/blog\/wp-content\/uploads\/2019\/04\/logo-kare-1.png\",\"width\":1080,\"height\":1080,\"caption\":\"Muhiku\"},\"image\":{\"@id\":\"https:\/\/muhiku.com\/blog\/#\/schema\/logo\/image\/\"}},{\"@type\":\"Person\",\"@id\":\"https:\/\/muhiku.com\/blog\/#\/schema\/person\/0b50be1d52ee74306e1405ad86aac5d5\",\"name\":\"Dilara Yal\u00e7\u0131n\",\"image\":{\"@type\":\"ImageObject\",\"inLanguage\":\"tr\",\"@id\":\"https:\/\/muhiku.com\/blog\/#\/schema\/person\/image\/\",\"url\":\"https:\/\/secure.gravatar.com\/avatar\/f6e97d59731e06ac22101ebcef389e69?s=96&d=mm&r=g\",\"contentUrl\":\"https:\/\/secure.gravatar.com\/avatar\/f6e97d59731e06ac22101ebcef389e69?s=96&d=mm&r=g\",\"caption\":\"Dilara Yal\u00e7\u0131n\"}}]}<\/script>\n<!-- \/ Yoast SEO plugin. -->","yoast_head_json":{"title":"Amcaya ve Day\u0131ya Babalar G\u00fcn\u00fc Mesaj\u0131 Fikirleri - Muhiku","description":"\u0130\u00e7eri\u011fimizde sizler i\u00e7in yer verdi\u011fimiz amcaya Babalar G\u00fcn\u00fc mesaj\u0131 se\u00e7enekleri ile amcan\u0131z\u0131n \u00f6zel g\u00fcn\u00fcn\u00fc en g\u00fczel \u015fekilde kutlayabilirsiniz.","robots":{"index":"index","follow":"follow","max-snippet":"max-snippet:-1","max-image-preview":"max-image-preview:large","max-video-preview":"max-video-preview:-1"},"canonical":"https:\/\/muhiku.com\/blog\/amcaya-ve-dayiya-babalar-gunu-mesaji-fikirleri\/","og_locale":"tr_TR","og_type":"article","og_title":"Amcaya ve Day\u0131ya Babalar G\u00fcn\u00fc Mesaj\u0131 Fikirleri - Muhiku","og_description":"\u0130\u00e7eri\u011fimizde sizler i\u00e7in yer verdi\u011fimiz amcaya Babalar G\u00fcn\u00fc mesaj\u0131 se\u00e7enekleri ile amcan\u0131z\u0131n \u00f6zel g\u00fcn\u00fcn\u00fc en g\u00fczel \u015fekilde kutlayabilirsiniz.","og_url":"https:\/\/muhiku.com\/blog\/amcaya-ve-dayiya-babalar-gunu-mesaji-fikirleri\/","og_site_name":"Muhiku","article_published_time":"2023-06-16T08:00:54+00:00","article_modified_time":"2024-06-14T13:18:15+00:00","og_image":[{"width":1024,"height":600,"url":"https:\/\/cdn.muhiku.com\/blog\/wp-content\/uploads\/2023\/05\/amcaya-babalar-gunu-mesaji-uzun.jpg?x49301","type":"image\/jpeg"}],"author":"Dilara Yal\u00e7\u0131n","twitter_card":"summary_large_image","twitter_misc":{"Written by":"Dilara Yal\u00e7\u0131n","Est. reading time":"10 dakika"},"schema":{"@context":"https:\/\/schema.org","@graph":[{"@type":"Article","@id":"https:\/\/muhiku.com\/blog\/amcaya-ve-dayiya-babalar-gunu-mesaji-fikirleri\/#article","isPartOf":{"@id":"https:\/\/muhiku.com\/blog\/amcaya-ve-dayiya-babalar-gunu-mesaji-fikirleri\/"},"author":{"name":"Dilara Yal\u00e7\u0131n","@id":"https:\/\/muhiku.com\/blog\/#\/schema\/person\/0b50be1d52ee74306e1405ad86aac5d5","url":"https:\/\/muhiku.com\/blog\/"},"headline":"Amcaya ve Day\u0131ya Babalar G\u00fcn\u00fc Mesaj\u0131 Fikirleri","datePublished":"2023-06-16T08:00:54+00:00","dateModified":"2024-06-14T13:18:15+00:00","mainEntityOfPage":{"@id":"https:\/\/muhiku.com\/blog\/amcaya-ve-dayiya-babalar-gunu-mesaji-fikirleri\/"},"wordCount":1966,"commentCount":0,"publisher":{"@id":"https:\/\/muhiku.com\/blog\/#organization"},"image":{"@id":"https:\/\/muhiku.com\/blog\/amcaya-ve-dayiya-babalar-gunu-mesaji-fikirleri\/#primaryimage"},"thumbnailUrl":"https:\/\/muhiku.com\/blog\/wp-content\/uploads\/2023\/05\/amcaya-babalar-gunu-mesaji-uzun.jpg","articleSection":["Babalar G\u00fcn\u00fc Hediyeleri","Babaya Hediye","Erke\u011fe Hediye"],"inLanguage":"tr","potentialAction":[{"@type":"CommentAction","name":"Comment","target":["https:\/\/muhiku.com\/blog\/amcaya-ve-dayiya-babalar-gunu-mesaji-fikirleri\/#respond"]}]},{"@type":"WebPage","@id":"https:\/\/muhiku.com\/blog\/amcaya-ve-dayiya-babalar-gunu-mesaji-fikirleri\/","url":"https:\/\/muhiku.com\/blog\/amcaya-ve-dayiya-babalar-gunu-mesaji-fikirleri\/","name":"Amcaya ve Day\u0131ya Babalar G\u00fcn\u00fc Mesaj\u0131 Fikirleri - Muhiku","isPartOf":{"@id":"https:\/\/muhiku.com\/blog\/#website"},"primaryImageOfPage":{"@id":"https:\/\/muhiku.com\/blog\/amcaya-ve-dayiya-babalar-gunu-mesaji-fikirleri\/#primaryimage"},"image":{"@id":"https:\/\/muhiku.com\/blog\/amcaya-ve-dayiya-babalar-gunu-mesaji-fikirleri\/#primaryimage"},"thumbnailUrl":"https:\/\/muhiku.com\/blog\/wp-content\/uploads\/2023\/05\/amcaya-babalar-gunu-mesaji-uzun.jpg","datePublished":"2023-06-16T08:00:54+00:00","dateModified":"2024-06-14T13:18:15+00:00","description":"\u0130\u00e7eri\u011fimizde sizler i\u00e7in yer verdi\u011fimiz amcaya Babalar G\u00fcn\u00fc mesaj\u0131 se\u00e7enekleri ile amcan\u0131z\u0131n \u00f6zel g\u00fcn\u00fcn\u00fc en g\u00fczel \u015fekilde kutlayabilirsiniz.","breadcrumb":{"@id":"https:\/\/muhiku.com\/blog\/amcaya-ve-dayiya-babalar-gunu-mesaji-fikirleri\/#breadcrumb"},"inLanguage":"tr","potentialAction":[{"@type":"ReadAction","target":["https:\/\/muhiku.com\/blog\/amcaya-ve-dayiya-babalar-gunu-mesaji-fikirleri\/"]}]},{"@type":"ImageObject","inLanguage":"tr","@id":"https:\/\/muhiku.com\/blog\/amcaya-ve-dayiya-babalar-gunu-mesaji-fikirleri\/#primaryimage","url":"https:\/\/muhiku.com\/blog\/wp-content\/uploads\/2023\/05\/amcaya-babalar-gunu-mesaji-uzun.jpg","contentUrl":"https:\/\/muhiku.com\/blog\/wp-content\/uploads\/2023\/05\/amcaya-babalar-gunu-mesaji-uzun.jpg","width":1024,"height":600,"caption":"amcaya-babalar-gunu-mesaji-uzun"},{"@type":"BreadcrumbList","@id":"https:\/\/muhiku.com\/blog\/amcaya-ve-dayiya-babalar-gunu-mesaji-fikirleri\/#breadcrumb","itemListElement":[{"@type":"ListItem","position":1,"name":"Blog","item":"https:\/\/muhiku.com\/blog\/"},{"@type":"ListItem","position":2,"name":"Amcaya ve Day\u0131ya Babalar G\u00fcn\u00fc Mesaj\u0131 Fikirleri"}]},{"@type":"WebSite","@id":"https:\/\/muhiku.com\/blog\/#website","url":"https:\/\/muhiku.com\/blog\/","name":"Muhiku","description":"Yenilik\u00e7i Hediye Rehberi","publisher":{"@id":"https:\/\/muhiku.com\/blog\/#organization"},"inLanguage":"tr"},{"@type":"Organization","@id":"https:\/\/muhiku.com\/blog\/#organization","name":"Muhiku","url":"https:\/\/muhiku.com\/blog\/","logo":{"@type":"ImageObject","inLanguage":"tr","@id":"https:\/\/muhiku.com\/blog\/#\/schema\/logo\/image\/","url":"https:\/\/muhiku.com\/blog\/wp-content\/uploads\/2019\/04\/logo-kare-1.png","contentUrl":"https:\/\/muhiku.com\/blog\/wp-content\/uploads\/2019\/04\/logo-kare-1.png","width":1080,"height":1080,"caption":"Muhiku"},"image":{"@id":"https:\/\/muhiku.com\/blog\/#\/schema\/logo\/image\/"}},{"@type":"Person","@id":"https:\/\/muhiku.com\/blog\/#\/schema\/person\/0b50be1d52ee74306e1405ad86aac5d5","name":"Dilara Yal\u00e7\u0131n","image":{"@type":"ImageObject","inLanguage":"tr","@id":"https:\/\/muhiku.com\/blog\/#\/schema\/person\/image\/","url":"https:\/\/secure.gravatar.com\/avatar\/f6e97d59731e06ac22101ebcef389e69?s=96&d=mm&r=g","contentUrl":"https:\/\/secure.gravatar.com\/avatar\/f6e97d59731e06ac22101ebcef389e69?s=96&d=mm&r=g","caption":"Dilara Yal\u00e7\u0131n"}}]}},"_links":{"self":[{"href":"https:\/\/muhiku.com\/blog\/wp-json\/wp\/v2\/posts\/93477"}],"collection":[{"href":"https:\/\/muhiku.com\/blog\/wp-json\/wp\/v2\/posts"}],"about":[{"href":"https:\/\/muhiku.com\/blog\/wp-json\/wp\/v2\/types\/post"}],"author":[{"embeddable":true,"href":"https:\/\/muhiku.com\/blog\/wp-json\/wp\/v2\/users\/25"}],"replies":[{"embeddable":true,"href":"https:\/\/muhiku.com\/blog\/wp-json\/wp\/v2\/comments?post=93477"}],"version-history":[{"count":7,"href":"https:\/\/muhiku.com\/blog\/wp-json\/wp\/v2\/posts\/93477\/revisions"}],"predecessor-version":[{"id":97646,"href":"https:\/\/muhiku.com\/blog\/wp-json\/wp\/v2\/posts\/93477\/revisions\/97646"}],"wp:featuredmedia":[{"embeddable":true,"href":"https:\/\/muhiku.com\/blog\/wp-json\/wp\/v2\/media\/93483"}],"wp:attachment":[{"href":"https:\/\/muhiku.com\/blog\/wp-json\/wp\/v2\/media?parent=93477"}],"wp:term":[{"taxonomy":"category","embeddable":true,"href":"https:\/\/muhiku.com\/blog\/wp-json\/wp\/v2\/categories?post=93477"},{"taxonomy":"post_tag","embeddable":true,"href":"https:\/\/muhiku.com\/blog\/wp-json\/wp\/v2\/tags?post=93477"}],"curies":[{"name":"wp","href":"https:\/\/api.w.org\/{rel}","templated":true}]}}