{"id":90068,"date":"2023-07-07T13:38:09","date_gmt":"2023-07-07T10:38:09","guid":{"rendered":"https:\/\/muhiku.com\/blog\/?p=90068"},"modified":"2023-07-03T14:30:08","modified_gmt":"2023-07-03T11:30:08","slug":"denizin-ve-gunesin-tadini-cikarirken-okunacak-kitaplar","status":"publish","type":"post","link":"https:\/\/muhiku.com\/blog\/denizin-ve-gunesin-tadini-cikarirken-okunacak-kitaplar\/","title":{"rendered":"Denizin ve G\u00fcne\u015fin Tad\u0131n\u0131 \u00c7\u0131kar\u0131rken Okunacak Kitaplar"},"content":{"rendered":"<p>Yaz aylar\u0131na giri\u015f yap\u0131nca hepimiz hemen planlar yapmaya, senenin yorgunlu\u011funu g\u00fczel bir tatil ile geride b\u0131rakmak isteriz. S\u00f6z konusu yaz tatili olunca da mutlaka <strong>okunacak kitaplar<\/strong> listesi yapar\u0131z.<\/p>\n<p>\u00c7\u00fcnk\u00fc k\u0131\u015f\u0131n gerekli gereksiz bir\u00e7ok sebepten dolay\u0131 okuyamad\u0131\u011f\u0131m\u0131z kitaplar, yaz aylar\u0131nda kitapl\u0131ktan \u00e7\u0131kar ve tatil \u00e7antam\u0131zda yerini al\u0131r.<\/p>\n<p>Okunacak kitap listesi tabii ki saymakla bitmez. Fakat yaz tatilinde klasikle\u015fmi\u015f kitaplar\u0131n \u00fczerine\u00a0 \u00e7izgi atabiliriz.<\/p>\n<p>Kitaplar, her zaman bo\u015f zaman\u0131m\u0131z\u0131 de\u011ferlendirmenin bir y\u00f6ntemi gibi g\u00f6r\u00fcn\u00fcr. Fakat durum tam olarak \u00f6yle de\u011fil. Yeni \u015feyler ke\u015ffetmenin en g\u00fczel y\u00f6ntemlerinden biri olan kitaplar, hayat\u0131m\u0131za dokunan en sihirli ara\u00e7lardan.<\/p>\n<p>Dolay\u0131s\u0131yla bu sihri ke\u015ffetmek i\u00e7in \u00f6zel kitaplara ihtiyac\u0131m\u0131z var! Peki, hangi kitaplar kesinlikle okunmal\u0131 diye soruyorsan\u0131z size se\u00e7kin bir liste haz\u0131rlad\u0131k.<\/p>\n<p>Yaz\u0131n; g\u00fcne\u015fin \u0131\u015f\u0131lt\u0131s\u0131, denizin sesi ve r\u00fczgar\u0131n f\u0131s\u0131lt\u0131s\u0131 ile okuyaca\u011f\u0131n\u0131z en g\u00fczel kitaplara gelin birlikte g\u00f6z atal\u0131m.<\/p>\n<h2 id=\"tatilde-en-cok-okunan-kitaplar-hangileridir\">Tatilde En \u00c7ok Okunan Kitaplar Hangileridir?<\/h2>\n<p>Asl\u0131nda tatilde okumak i\u00e7in yan\u0131n\u0131za alman\u0131z gereken bir\u00e7ok kitap var. Fakat bunlar\u0131n hepsini yazamayaca\u011f\u0131m\u0131zdan sizin i\u00e7in \u00f6zel bir liste haz\u0131rlad\u0131k.<\/p>\n<p>Herkesin okumaktan keyif ald\u0131\u011f\u0131, listelerin en \u00fcst s\u0131ralar\u0131nda yer alm\u0131\u015f kitaplar ile yaz tatilinizi daha da keyifli bir hale getirebilirsiniz.<\/p>\n<p><img  loading=\"lazy\"  decoding=\"async\"  class=\"alignnone size-medium wp-image-89935 pk-lazyload\"  src=\"data:image\/png;base64,iVBORw0KGgoAAAANSUhEUgAAAAEAAAABAQMAAAAl21bKAAAAA1BMVEUAAP+KeNJXAAAAAXRSTlMAQObYZgAAAAlwSFlzAAAOxAAADsQBlSsOGwAAAApJREFUCNdjYAAAAAIAAeIhvDMAAAAASUVORK5CYII=\"  alt=\"kurk-mantolu-madonna\"  width=\"800\"  height=\"469\"  data-pk-sizes=\"auto\"  data-ls-sizes=\"(max-width: 800px) 100vw, 800px\"  data-pk-src=\"https:\/\/muhiku.com\/blog\/wp-content\/uploads\/2022\/08\/kurk-mantolu-madonna-800x469.jpg\"  data-pk-srcset=\"https:\/\/muhiku.com\/blog\/wp-content\/uploads\/2022\/08\/kurk-mantolu-madonna-800x469.jpg 800w, https:\/\/muhiku.com\/blog\/wp-content\/uploads\/2022\/08\/kurk-mantolu-madonna-561x329.jpg 561w, https:\/\/muhiku.com\/blog\/wp-content\/uploads\/2022\/08\/kurk-mantolu-madonna-265x155.jpg 265w, https:\/\/muhiku.com\/blog\/wp-content\/uploads\/2022\/08\/kurk-mantolu-madonna-531x311.jpg 531w, https:\/\/muhiku.com\/blog\/wp-content\/uploads\/2022\/08\/kurk-mantolu-madonna-364x213.jpg 364w, https:\/\/muhiku.com\/blog\/wp-content\/uploads\/2022\/08\/kurk-mantolu-madonna-728x427.jpg 728w, https:\/\/muhiku.com\/blog\/wp-content\/uploads\/2022\/08\/kurk-mantolu-madonna-608x356.jpg 608w, https:\/\/muhiku.com\/blog\/wp-content\/uploads\/2022\/08\/kurk-mantolu-madonna-758x444.jpg 758w, https:\/\/muhiku.com\/blog\/wp-content\/uploads\/2022\/08\/kurk-mantolu-madonna-82x48.jpg 82w, https:\/\/muhiku.com\/blog\/wp-content\/uploads\/2022\/08\/kurk-mantolu-madonna-164x96.jpg 164w, https:\/\/muhiku.com\/blog\/wp-content\/uploads\/2022\/08\/kurk-mantolu-madonna-313x183.jpg 313w, https:\/\/muhiku.com\/blog\/wp-content\/uploads\/2022\/08\/kurk-mantolu-madonna.jpg 1024w\" >Okunacak kitaplar listesi ki\u015fide ki\u015fiye de\u011fi\u015fiklik g\u00f6sterse de herkesin mutlaka okumaktan keyif ald\u0131\u011f\u0131 ortak kitaplar vard\u0131r. Dolay\u0131s\u0131yla bu kitaplardan yola \u00e7\u0131karak size en iyi kitaplar listesi haz\u0131rlad\u0131k. Gelin laf\u0131 daha fazla uzatmadan okunmas\u0131 gereken kitaplara birlikte g\u00f6z atal\u0131m.<\/p>\n<h3 id=\"kurk-mantolu-madonna-sabahattin-ali\">K\u00fcrk Mantolu Madonna | Sabahattin Ali<\/h3>\n<p>Sabahattin Ali&#8217;nin \u00f6l\u00fcms\u00fcz eserleri aras\u0131nda yer alan K\u00fcrk Mantolu Madonna herkesi kendine hayran b\u0131rakan romanlardan biri. T\u00fcrk edebiyat\u0131nda olduk\u00e7a \u00f6nemli bir noktada yer alan bu kitap, h\u00fcz\u00fcnl\u00fc hikayesi ile sizleri e\u015fsiz bir yolculu\u011fa \u00e7\u0131karacak!<\/p>\n<p>H\u00fcz\u00fcnl\u00fc ve s\u00fcr\u00fckleyici bir a\u015fk hikayesini konu alan K\u00fcrk Mantolu Madonna, usta edebiyat\u00e7\u0131n\u0131n kalemi ile farkl\u0131 bir boyut kazan\u0131yor. Okuyanlar\u0131n tekrar okumak isteyece\u011fi kitap, yaz tatilinizi e\u015flik edecek en \u00f6zel hikayelerden biri.<\/p>\n<h3 id=\"seker-portakali-jose-mauro-de-vasconcelos\">\u015eeker Portakal\u0131 | Jose Mauro De Vasconcelos<\/h3>\n<div class=\"pr_producers__manufacturer\">\n<div class=\"pr_producers__item\">D\u00fcnyay\u0131 k\u00fc\u00e7\u00fck bir \u00e7ocu\u011fun g\u00f6z\u00fcnden ke\u015ffetmeye haz\u0131r m\u0131s\u0131n\u0131z? Zeze, yazar\u0131ndan daha b\u00fcy\u00fck bir \u00fcne kavu\u015fan nadir roman kahramanlar\u0131ndan biri.<\/div>\n<div><\/div>\n<div class=\"pr_producers__item\">Haliyle durum kitab\u0131 e\u015fsiz bir noktaya ta\u015f\u0131yor! Biliyoruz ki\u00a0 \u015eeker Portakal\u0131&#8217;n\u0131 hemen hemen herkes okudu. Evet, fark\u0131nday\u0131z. Ama sizce de bu b\u00fcy\u00fcl\u00fc hikaye yaz aylar\u0131nda tekrar okunmay\u0131 hak etmiyor mu?<\/div>\n<div><img  loading=\"lazy\"  decoding=\"async\"  class=\"alignnone size-medium wp-image-89936 pk-lazyload\"  src=\"data:image\/png;base64,iVBORw0KGgoAAAANSUhEUgAAAAEAAAABAQMAAAAl21bKAAAAA1BMVEUAAP+KeNJXAAAAAXRSTlMAQObYZgAAAAlwSFlzAAAOxAAADsQBlSsOGwAAAApJREFUCNdjYAAAAAIAAeIhvDMAAAAASUVORK5CYII=\"  alt=\"seker-portakali\"  width=\"800\"  height=\"469\"  data-pk-sizes=\"auto\"  data-ls-sizes=\"(max-width: 800px) 100vw, 800px\"  data-pk-src=\"https:\/\/muhiku.com\/blog\/wp-content\/uploads\/2022\/08\/seker-portakali-800x469.jpg\"  data-pk-srcset=\"https:\/\/muhiku.com\/blog\/wp-content\/uploads\/2022\/08\/seker-portakali-800x469.jpg 800w, https:\/\/muhiku.com\/blog\/wp-content\/uploads\/2022\/08\/seker-portakali-561x329.jpg 561w, https:\/\/muhiku.com\/blog\/wp-content\/uploads\/2022\/08\/seker-portakali-265x155.jpg 265w, https:\/\/muhiku.com\/blog\/wp-content\/uploads\/2022\/08\/seker-portakali-531x311.jpg 531w, https:\/\/muhiku.com\/blog\/wp-content\/uploads\/2022\/08\/seker-portakali-364x213.jpg 364w, https:\/\/muhiku.com\/blog\/wp-content\/uploads\/2022\/08\/seker-portakali-728x427.jpg 728w, https:\/\/muhiku.com\/blog\/wp-content\/uploads\/2022\/08\/seker-portakali-608x356.jpg 608w, https:\/\/muhiku.com\/blog\/wp-content\/uploads\/2022\/08\/seker-portakali-758x444.jpg 758w, https:\/\/muhiku.com\/blog\/wp-content\/uploads\/2022\/08\/seker-portakali-82x48.jpg 82w, https:\/\/muhiku.com\/blog\/wp-content\/uploads\/2022\/08\/seker-portakali-164x96.jpg 164w, https:\/\/muhiku.com\/blog\/wp-content\/uploads\/2022\/08\/seker-portakali-313x183.jpg 313w, https:\/\/muhiku.com\/blog\/wp-content\/uploads\/2022\/08\/seker-portakali.jpg 1024w\" ><\/div>\n<\/div>\n<div>Her sayfas\u0131 ayr\u0131 bir sat\u0131r aras\u0131 olan \u015eeker Portakal\u0131, yeti\u015fkinlerin d\u00fcnyas\u0131na hayal g\u00fcc\u00fcyle meydan okuyor. Yazar\u0131n \u00e7ocuklu\u011fundan derin izler ta\u015f\u0131yan Zeze karakteri tek ba\u015f\u0131na \u00f6\u011frenmeyi, ke\u015ffetmeyi \u00e7o\u011fu zaman m\u00fccadele etmeyi anlat\u0131yor.<\/div>\n<div><\/div>\n<div>&#8220;Daha \u00e7ok anlat,&#8221; dedim.<\/div>\n<div>&#8220;Ho\u015funa gidiyor mu?&#8221;<\/div>\n<div>&#8220;\u00c7ok. Elimden gelse, seninle sekiz y\u00fcz elli iki bin kilometre hi\u00e7 durmadan konu\u015furdum.&#8221;<\/div>\n<div>&#8220;Bu kadar yola nas\u0131l benzin yeti\u015ftiririz?&#8221;<\/div>\n<div>&#8220;Gider gibi yapar\u0131z.&#8221;<\/div>\n<h3 id=\"huzursuzluk-zulfu-livaneli\">Huzursuzluk | Z\u00fclf\u00fc Livaneli<\/h3>\n<p>Livaneli&#8217;nin e\u015fsiz romanlar\u0131ndan biri olan Huzursuzluk, herkesin mutlaka okumas\u0131 gereken kitaplar aras\u0131nda yer al\u0131yor. B\u00fcy\u00fcl\u00fc bir hikayenin i\u00e7ene \u00e7ekildi\u011finiz bu roman ile kadim \u015fehir Mardin&#8217;e misafir oluyoruz. Adeta h\u00fcz\u00fcnl\u00fc bir hikaye ile sars\u0131l\u0131yorsunuz.<\/p>\n<p>Huzursuzluk, yeni bir\u00e7ok \u015feyi ke\u015ffetmenize yard\u0131mc\u0131 olacak olan sevda ile ac\u0131n\u0131n i\u00e7e i\u00e7e ge\u00e7ti\u011fi bir Ortado\u011fu hikayesi. Hikayenin \u00f6nemli bir noktas\u0131 olan Ezidi k\u00fclt\u00fcr\u00fcn\u00fc ke\u015ffetmeye haz\u0131r m\u0131s\u0131n\u0131z? O halde Z\u00fclf\u00fc Livaneli&#8217;nin e\u015fsiz romanlar\u0131ndan biri olan Huzursuzluk kitab\u0131n\u0131 mutlaka \u00e7antan\u0131za ekleyin!<\/p>\n<h3 id=\"hayvan-ciftligi-george-orwell\">Hayvan \u00c7iftli\u011fi | George Orwell<\/h3>\n<p><img  loading=\"lazy\"  decoding=\"async\"  class=\"alignnone size-medium wp-image-89938 pk-lazyload\"  src=\"data:image\/png;base64,iVBORw0KGgoAAAANSUhEUgAAAAEAAAABAQMAAAAl21bKAAAAA1BMVEUAAP+KeNJXAAAAAXRSTlMAQObYZgAAAAlwSFlzAAAOxAAADsQBlSsOGwAAAApJREFUCNdjYAAAAAIAAeIhvDMAAAAASUVORK5CYII=\"  alt=\"hayvan-ciftligi\"  width=\"800\"  height=\"469\"  data-pk-sizes=\"auto\"  data-ls-sizes=\"(max-width: 800px) 100vw, 800px\"  data-pk-src=\"https:\/\/muhiku.com\/blog\/wp-content\/uploads\/2022\/08\/hayvan-ciftligi-800x469.jpg\"  data-pk-srcset=\"https:\/\/muhiku.com\/blog\/wp-content\/uploads\/2022\/08\/hayvan-ciftligi-800x469.jpg 800w, https:\/\/muhiku.com\/blog\/wp-content\/uploads\/2022\/08\/hayvan-ciftligi-561x329.jpg 561w, https:\/\/muhiku.com\/blog\/wp-content\/uploads\/2022\/08\/hayvan-ciftligi-265x155.jpg 265w, https:\/\/muhiku.com\/blog\/wp-content\/uploads\/2022\/08\/hayvan-ciftligi-531x311.jpg 531w, https:\/\/muhiku.com\/blog\/wp-content\/uploads\/2022\/08\/hayvan-ciftligi-364x213.jpg 364w, https:\/\/muhiku.com\/blog\/wp-content\/uploads\/2022\/08\/hayvan-ciftligi-728x427.jpg 728w, https:\/\/muhiku.com\/blog\/wp-content\/uploads\/2022\/08\/hayvan-ciftligi-608x356.jpg 608w, https:\/\/muhiku.com\/blog\/wp-content\/uploads\/2022\/08\/hayvan-ciftligi-758x444.jpg 758w, https:\/\/muhiku.com\/blog\/wp-content\/uploads\/2022\/08\/hayvan-ciftligi-82x48.jpg 82w, https:\/\/muhiku.com\/blog\/wp-content\/uploads\/2022\/08\/hayvan-ciftligi-164x96.jpg 164w, https:\/\/muhiku.com\/blog\/wp-content\/uploads\/2022\/08\/hayvan-ciftligi-313x183.jpg 313w, https:\/\/muhiku.com\/blog\/wp-content\/uploads\/2022\/08\/hayvan-ciftligi.jpg 1024w\" >Hayvanlar \u00fczerinden aktar\u0131lan bir sistem ele\u015ftirisi olan Hayvan \u00c7iftli\u011fi kitab\u0131 g\u00fc\u00e7 zehirlenmesini ele al\u0131yor. Anlat\u0131m dili, tekni\u011fi ve bir\u00e7ok\u00a0 \u00f6zelli\u011fi ile fark yaratan bu kitap size zihninizde defalarca kez sorgulayaca\u011f\u0131n\u0131z konu ba\u015fl\u0131klar\u0131 b\u0131rak\u0131yor.<\/p>\n<p>Dolay\u0131s\u0131yla bu kitap tatilinizin en g\u00fczel detaylar\u0131ndan biri olarak sizinle yolculuk yap\u0131yor.\u00a0<strong>&#8220;B\u00fct\u00fcn kitaplar e\u015fittir; ama baz\u0131 kitaplar \u00f6b\u00fcrlerinden daha e\u015fittir.&#8221;<\/strong>\u00a0s\u00f6z\u00fc ile ak\u0131llarda kalan Hayvan \u00c7itli\u011fi, herkesin okumaktan keyif alaca\u011f\u0131 kitaplardan biri. Yazar\u0131n peri masal\u0131 olarak bize sundu\u011fu kitap, yaz tatilinize derinlik katacak!<\/p>\n<h2 id=\"klasik-sevenlerin-okumaktan-keyif-alacagi-kitaplar\">Klasik Sevenlerin Okumaktan Keyif Alaca\u011f\u0131 Kitaplar<\/h2>\n<p>Baz\u0131 kitaplar sizi bir yakalad\u0131 m\u0131 bir daha asla pe\u015finizi b\u0131rakmaz. Sonu\u00e7 olarak \u00fczerinden ka\u00e7 y\u0131l ge\u00e7se de tekrar elimize al\u0131r ve derin okumalara d\u00fc\u015feriz. Herkes i\u00e7in b\u00f6yle bir kitap mutlaka vard\u0131r! Peki bu kitaplar\u0131 yaz\u0131n serin bir ak\u015fam \u00fcst\u00fc okumak, gecenize anlam katmak\u00a0 istemez misiniz? Evet dedi\u011finizi duyar gibiyiz.<\/p>\n<p><img  loading=\"lazy\"  decoding=\"async\"  class=\"alignnone size-medium wp-image-86255 pk-lazyload\"  src=\"data:image\/png;base64,iVBORw0KGgoAAAANSUhEUgAAAAEAAAABAQMAAAAl21bKAAAAA1BMVEUAAP+KeNJXAAAAAXRSTlMAQObYZgAAAAlwSFlzAAAOxAAADsQBlSsOGwAAAApJREFUCNdjYAAAAAIAAeIhvDMAAAAASUVORK5CYII=\"  alt=\"simyaci-kitap-ozeti\"  width=\"800\"  height=\"469\"  data-pk-sizes=\"auto\"  data-ls-sizes=\"(max-width: 800px) 100vw, 800px\"  data-pk-src=\"https:\/\/muhiku.com\/blog\/wp-content\/uploads\/2021\/07\/simyaci-kitap-ozeti-800x469.jpg\"  data-pk-srcset=\"https:\/\/muhiku.com\/blog\/wp-content\/uploads\/2021\/07\/simyaci-kitap-ozeti-800x469.jpg 800w, https:\/\/muhiku.com\/blog\/wp-content\/uploads\/2021\/07\/simyaci-kitap-ozeti-120x70.jpg 120w, https:\/\/muhiku.com\/blog\/wp-content\/uploads\/2021\/07\/simyaci-kitap-ozeti-90x53.jpg 90w, https:\/\/muhiku.com\/blog\/wp-content\/uploads\/2021\/07\/simyaci-kitap-ozeti-320x188.jpg 320w, https:\/\/muhiku.com\/blog\/wp-content\/uploads\/2021\/07\/simyaci-kitap-ozeti-560x328.jpg 560w, https:\/\/muhiku.com\/blog\/wp-content\/uploads\/2021\/07\/simyaci-kitap-ozeti.jpg 1024w\" >Bundan dolay\u0131 zevkle okunacak klasik kitaplar\u0131 sizin i\u00e7in derledik. Hayat\u0131n\u0131za dokunacak belki de ba\u015f ucunuzda yer edinecek okunacak kitaplar listemizi ke\u015ffedin! Dilerseniz bu kitaplar\u0131 arkada\u015flar\u0131n\u0131za hediye de edebilirsiniz. Sonu\u00e7ta her kitap bir hikayedir. Hikayeler ise en b\u00fcy\u00fck yol g\u00f6stericilerdir.<\/p>\n<p>Sizler de haz\u0131rlad\u0131\u011f\u0131m\u0131z liste ile kitaplar\u0131n b\u00fcy\u00fcl\u00fc g\u00fcc\u00fcn\u00fc ke\u015ffedebilirsiniz! Ayr\u0131ca Muhiku&#8217;yu ziyaret ederek\u00a0 ilgi alan\u0131za y\u00f6nelik <a href=\"https:\/\/muhiku.com\/kitap\/\" target=\"_blank\" rel=\"noopener\">kitaplar\u0131<\/a> inceleyebilirsiniz. \u00c7\u00fcnk\u00fc Muhiku&#8217;da farkl\u0131 t\u00fcrlere y\u00f6nelik bir\u00e7ok kitap var.<\/p>\n<h3 id=\"simyaci-paulo-coelho\">Simyac\u0131 | Paulo Coelho<\/h3>\n<p>Paulo Coelho&#8217;nun \u00fcnl\u00fc eseri Simyac\u0131&#8217;y\u0131 Mevlana&#8217;n\u0131n Mesnevi&#8217;sinden ald\u0131\u011f\u0131 ilhamla yazd\u0131\u011f\u0131n\u0131 biliyor muydunuz? Yazar Simyac\u0131&#8217;da yaratt\u0131\u011f\u0131 karakterde bir d\u0131\u015f ve i\u00e7 yolculu\u011fu birlikte harmanlamaktad\u0131r.<\/p>\n<p>Simyac\u0131, \u0130spanya\u2019dan kendi hazinesini bulmak i\u00e7in M\u0131s\u0131r piramitlerine giden bir \u00e7oban\u0131n masals\u0131 \u00f6yk\u00fcs\u00fcn anlat\u0131yor. Bu hikaye bizleri farkl\u0131 d\u00fcnyalara g\u00f6t\u00fcrerek b\u00fcy\u00fck bir gezintiye \u00e7\u0131kar\u0131yor.<\/p>\n<p>Ayr\u0131ca Simyac\u0131, \u00e7o\u011fu ki\u015fi i\u00e7in d\u00f6n\u00fcm noktas\u0131 olan kitaplar\u0131ndand\u0131r. Dilerseniz Simyac\u0131 kitab\u0131 ile ilgili detaylara\u00a0<a href=\"https:\/\/muhiku.com\/blog\/kitap-ozeti-simyaci\/\" target=\"_blank\" rel=\"noopener\">bu yaz\u0131m\u0131ndan<\/a>\u00a0ula\u015fabilirsiniz.<\/p>\n<h3 id=\"kirmizi-pazartesi-gabriel-garcia-marquez\">K\u0131rm\u0131z\u0131 Pazartesi | Gabriel Garc\u00eda M\u00e1rquez<\/h3>\n<p>K\u0131rm\u0131z\u0131 Pazartesi, i\u015flenece\u011fini herkesin bildi\u011fi fakat hi\u00e7 kimsenin bir \u015fey yapmad\u0131\u011f\u0131 bir cinayetin \u00f6yk\u00fcs\u00fc. Ba\u015fka bir deyi\u015fle toplumsal problemlere at\u0131fta bulunan e\u015fsiz bir roman! K\u0131rm\u0131z\u0131 Pazartesi yaln\u0131zca bir cinayeti de\u011fil, bir halk\u0131n ortak davran\u0131\u015f bi\u00e7imini anlatmaktad\u0131r.<\/p>\n<p>Toplumsal ruh \u00e7\u00f6z\u00fcmlemesi ile sizleri i\u00e7ine \u00e7eken kitab\u0131 elinizden bir an bile b\u0131rakmak istemeyeceksiniz. Kolombiyal\u0131 b\u00fcy\u00fck yazar\u0131n e\u015fsiz romanlar\u0131ndan biri olan K\u0131rm\u0131z\u0131 Pazartesi gel gelelim ki herkesin okumas\u0131 gereken nadide eserlerden biridir.<\/p>\n<h3 id=\"bilinmeyen-bir-kadinin-mektubu-stefan-zweig\">Bilinmeyen Bir Kad\u0131n\u0131n Mektubu | Stefan Zweig<\/h3>\n<p><img  loading=\"lazy\"  decoding=\"async\"  class=\"alignnone size-medium wp-image-93908 pk-lazyload\"  src=\"data:image\/png;base64,iVBORw0KGgoAAAANSUhEUgAAAAEAAAABAQMAAAAl21bKAAAAA1BMVEUAAP+KeNJXAAAAAXRSTlMAQObYZgAAAAlwSFlzAAAOxAAADsQBlSsOGwAAAApJREFUCNdjYAAAAAIAAeIhvDMAAAAASUVORK5CYII=\"  alt=\"bilinmeyen-bir-kadinin-mektubu-kitap\"  width=\"800\"  height=\"469\"  data-pk-sizes=\"auto\"  data-ls-sizes=\"(max-width: 800px) 100vw, 800px\"  data-pk-src=\"https:\/\/muhiku.com\/blog\/wp-content\/uploads\/2023\/07\/bilinmeyen-bir-kadinin-mektubu-kitap-800x469.jpg\"  data-pk-srcset=\"https:\/\/muhiku.com\/blog\/wp-content\/uploads\/2023\/07\/bilinmeyen-bir-kadinin-mektubu-kitap-800x469.jpg 800w, https:\/\/muhiku.com\/blog\/wp-content\/uploads\/2023\/07\/bilinmeyen-bir-kadinin-mektubu-kitap-561x329.jpg 561w, https:\/\/muhiku.com\/blog\/wp-content\/uploads\/2023\/07\/bilinmeyen-bir-kadinin-mektubu-kitap-265x155.jpg 265w, https:\/\/muhiku.com\/blog\/wp-content\/uploads\/2023\/07\/bilinmeyen-bir-kadinin-mektubu-kitap-531x311.jpg 531w, https:\/\/muhiku.com\/blog\/wp-content\/uploads\/2023\/07\/bilinmeyen-bir-kadinin-mektubu-kitap-364x213.jpg 364w, https:\/\/muhiku.com\/blog\/wp-content\/uploads\/2023\/07\/bilinmeyen-bir-kadinin-mektubu-kitap-728x427.jpg 728w, https:\/\/muhiku.com\/blog\/wp-content\/uploads\/2023\/07\/bilinmeyen-bir-kadinin-mektubu-kitap-608x356.jpg 608w, https:\/\/muhiku.com\/blog\/wp-content\/uploads\/2023\/07\/bilinmeyen-bir-kadinin-mektubu-kitap-758x444.jpg 758w, https:\/\/muhiku.com\/blog\/wp-content\/uploads\/2023\/07\/bilinmeyen-bir-kadinin-mektubu-kitap.jpg 1024w\" >Bilinmeyen Bir Kad\u0131n\u0131n Mektubu, son sat\u0131r\u0131na kadar her duyguyu i\u00e7inize i\u015fleyen, haf\u0131zalardan silinmeyen bir kitap!\u00a0 A\u015fk\u0131n derin bir psikolojik\u00a0 analizini yapan Stefan Zweig, yine kalemi ile g\u00f6n\u00fclleri fethediyor.<\/p>\n<p>Okumaktan b\u00fcy\u00fck keyif alaca\u011f\u0131n\u0131z kimi zaman kendinizden bir \u015feyler bulabilece\u011finiz bu kitapta roman kahraman\u0131 uzun bir mektup yazar\u0131 olarak kar\u015f\u0131m\u0131za \u00e7\u0131k\u0131yor.<\/p>\n<p>Bu mektubun g\u00f6nderenin ad\u0131\u00a0 yok, sadece bir hitap vard\u0131r. &#8220;Sana, beni hi\u00e7 tan\u0131mam\u0131\u015f olan sana.&#8221; s\u00f6z\u00fcn k\u0131sas\u0131 bu c\u00fcmle ile haf\u0131zalara kaz\u0131nan kitab\u0131 okunacak kitaplar listenize unutmay\u0131n! Ayr\u0131ca kitaplar hayat\u0131ma renk katan detaylardan biridir.<\/p>\n<p>Dolay\u0131s\u0131yla bu detaylar\u0131 yaz tatilinde \u00f6zenle vakit ge\u00e7irirken de\u011ferlendirmek isteriz. Hatta kitap aray\u0131\u015f\u0131 i\u00e7indeyseniz Muhiku&#8217;nun kitap kategorisini incelemelisiniz. \u00c7\u00fcnk\u00fc Muhiku&#8217;nun farkl\u0131 kategorilerde yer alan kitaplar\u0131n\u0131 \u00e7ok seveceksiniz!<\/p>\n","protected":false},"excerpt":{"rendered":"Yaz aylar\u0131na giri\u015f yap\u0131nca hepimiz hemen planlar yapmaya, senenin yorgunlu\u011funu g\u00fczel bir tatil ile geride b\u0131rakmak isteriz. S\u00f6z&hellip;\n","protected":false},"author":25,"featured_media":89931,"comment_status":"open","ping_status":"open","sticky":false,"template":"","format":"standard","meta":{"footnotes":""},"categories":[181],"tags":[],"yoast_head":"<!-- This site is optimized with the Yoast SEO plugin v22.5 - https:\/\/yoast.com\/wordpress\/plugins\/seo\/ -->\n<title>Denizin ve G\u00fcne\u015fin Tad\u0131n\u0131 \u00c7\u0131kar\u0131rken Okunacak Kitaplar - Muhiku<\/title>\n<meta name=\"description\" content=\"Yaz\u0131n kavurucu s\u0131caklar\u0131nda; deniz, kum ve g\u00fcne\u015fin tad\u0131n\u0131 \u00e7\u0131kar\u0131rken okunacak kitaplar da keyfinize keyif katar.\" \/>\n<meta name=\"robots\" content=\"index, follow, max-snippet:-1, max-image-preview:large, max-video-preview:-1\" \/>\n<link rel=\"canonical\" href=\"https:\/\/muhiku.com\/blog\/denizin-ve-gunesin-tadini-cikarirken-okunacak-kitaplar\/\" \/>\n<meta property=\"og:locale\" content=\"tr_TR\" \/>\n<meta property=\"og:type\" content=\"article\" \/>\n<meta property=\"og:title\" content=\"Denizin ve G\u00fcne\u015fin Tad\u0131n\u0131 \u00c7\u0131kar\u0131rken Okunacak Kitaplar - Muhiku\" \/>\n<meta property=\"og:description\" content=\"Yaz\u0131n kavurucu s\u0131caklar\u0131nda; deniz, kum ve g\u00fcne\u015fin tad\u0131n\u0131 \u00e7\u0131kar\u0131rken okunacak kitaplar da keyfinize keyif katar.\" \/>\n<meta property=\"og:url\" content=\"https:\/\/muhiku.com\/blog\/denizin-ve-gunesin-tadini-cikarirken-okunacak-kitaplar\/\" \/>\n<meta property=\"og:site_name\" content=\"Muhiku\" \/>\n<meta property=\"article:published_time\" content=\"2023-07-07T10:38:09+00:00\" \/>\n<meta property=\"article:modified_time\" content=\"2023-07-03T11:30:08+00:00\" \/>\n<meta property=\"og:image\" content=\"https:\/\/muhiku.com\/blog\/wp-content\/uploads\/2022\/08\/denizin-kumun-ve-gunesin-tadini-cikarirken-okunacak-kitaplar.jpg\" \/>\n\t<meta property=\"og:image:width\" content=\"1024\" \/>\n\t<meta property=\"og:image:height\" content=\"600\" \/>\n\t<meta property=\"og:image:type\" content=\"image\/jpeg\" \/>\n<meta name=\"author\" content=\"Dilara Yal\u00e7\u0131n\" \/>\n<meta name=\"twitter:card\" content=\"summary_large_image\" \/>\n<meta name=\"twitter:label1\" content=\"Written by\" \/>\n\t<meta name=\"twitter:data1\" content=\"Dilara Yal\u00e7\u0131n\" \/>\n\t<meta name=\"twitter:label2\" content=\"Est. reading time\" \/>\n\t<meta name=\"twitter:data2\" content=\"7 dakika\" \/>\n<script type=\"application\/ld+json\" class=\"yoast-schema-graph\">{\"@context\":\"https:\/\/schema.org\",\"@graph\":[{\"@type\":\"Article\",\"@id\":\"https:\/\/muhiku.com\/blog\/denizin-ve-gunesin-tadini-cikarirken-okunacak-kitaplar\/#article\",\"isPartOf\":{\"@id\":\"https:\/\/muhiku.com\/blog\/denizin-ve-gunesin-tadini-cikarirken-okunacak-kitaplar\/\"},\"author\":{\"name\":\"Dilara Yal\u00e7\u0131n\",\"@id\":\"https:\/\/muhiku.com\/blog\/#\/schema\/person\/0b50be1d52ee74306e1405ad86aac5d5\",\"url\":\"https:\/\/muhiku.com\/blog\/\"},\"headline\":\"Denizin ve G\u00fcne\u015fin Tad\u0131n\u0131 \u00c7\u0131kar\u0131rken Okunacak Kitaplar\",\"datePublished\":\"2023-07-07T10:38:09+00:00\",\"dateModified\":\"2023-07-03T11:30:08+00:00\",\"mainEntityOfPage\":{\"@id\":\"https:\/\/muhiku.com\/blog\/denizin-ve-gunesin-tadini-cikarirken-okunacak-kitaplar\/\"},\"wordCount\":1310,\"commentCount\":0,\"publisher\":{\"@id\":\"https:\/\/muhiku.com\/blog\/#organization\"},\"image\":{\"@id\":\"https:\/\/muhiku.com\/blog\/denizin-ve-gunesin-tadini-cikarirken-okunacak-kitaplar\/#primaryimage\"},\"thumbnailUrl\":\"https:\/\/muhiku.com\/blog\/wp-content\/uploads\/2022\/08\/denizin-kumun-ve-gunesin-tadini-cikarirken-okunacak-kitaplar.jpg\",\"articleSection\":[\"Kitap\"],\"inLanguage\":\"tr\",\"potentialAction\":[{\"@type\":\"CommentAction\",\"name\":\"Comment\",\"target\":[\"https:\/\/muhiku.com\/blog\/denizin-ve-gunesin-tadini-cikarirken-okunacak-kitaplar\/#respond\"]}]},{\"@type\":\"WebPage\",\"@id\":\"https:\/\/muhiku.com\/blog\/denizin-ve-gunesin-tadini-cikarirken-okunacak-kitaplar\/\",\"url\":\"https:\/\/muhiku.com\/blog\/denizin-ve-gunesin-tadini-cikarirken-okunacak-kitaplar\/\",\"name\":\"Denizin ve G\u00fcne\u015fin Tad\u0131n\u0131 \u00c7\u0131kar\u0131rken Okunacak Kitaplar - Muhiku\",\"isPartOf\":{\"@id\":\"https:\/\/muhiku.com\/blog\/#website\"},\"primaryImageOfPage\":{\"@id\":\"https:\/\/muhiku.com\/blog\/denizin-ve-gunesin-tadini-cikarirken-okunacak-kitaplar\/#primaryimage\"},\"image\":{\"@id\":\"https:\/\/muhiku.com\/blog\/denizin-ve-gunesin-tadini-cikarirken-okunacak-kitaplar\/#primaryimage\"},\"thumbnailUrl\":\"https:\/\/muhiku.com\/blog\/wp-content\/uploads\/2022\/08\/denizin-kumun-ve-gunesin-tadini-cikarirken-okunacak-kitaplar.jpg\",\"datePublished\":\"2023-07-07T10:38:09+00:00\",\"dateModified\":\"2023-07-03T11:30:08+00:00\",\"description\":\"Yaz\u0131n kavurucu s\u0131caklar\u0131nda; deniz, kum ve g\u00fcne\u015fin tad\u0131n\u0131 \u00e7\u0131kar\u0131rken okunacak kitaplar da keyfinize keyif katar.\",\"breadcrumb\":{\"@id\":\"https:\/\/muhiku.com\/blog\/denizin-ve-gunesin-tadini-cikarirken-okunacak-kitaplar\/#breadcrumb\"},\"inLanguage\":\"tr\",\"potentialAction\":[{\"@type\":\"ReadAction\",\"target\":[\"https:\/\/muhiku.com\/blog\/denizin-ve-gunesin-tadini-cikarirken-okunacak-kitaplar\/\"]}]},{\"@type\":\"ImageObject\",\"inLanguage\":\"tr\",\"@id\":\"https:\/\/muhiku.com\/blog\/denizin-ve-gunesin-tadini-cikarirken-okunacak-kitaplar\/#primaryimage\",\"url\":\"https:\/\/muhiku.com\/blog\/wp-content\/uploads\/2022\/08\/denizin-kumun-ve-gunesin-tadini-cikarirken-okunacak-kitaplar.jpg\",\"contentUrl\":\"https:\/\/muhiku.com\/blog\/wp-content\/uploads\/2022\/08\/denizin-kumun-ve-gunesin-tadini-cikarirken-okunacak-kitaplar.jpg\",\"width\":1024,\"height\":600,\"caption\":\"denizin-kumun-ve-gunesin-tadini-cikarirken-okunacak-kitaplar\"},{\"@type\":\"BreadcrumbList\",\"@id\":\"https:\/\/muhiku.com\/blog\/denizin-ve-gunesin-tadini-cikarirken-okunacak-kitaplar\/#breadcrumb\",\"itemListElement\":[{\"@type\":\"ListItem\",\"position\":1,\"name\":\"Blog\",\"item\":\"https:\/\/muhiku.com\/blog\/\"},{\"@type\":\"ListItem\",\"position\":2,\"name\":\"Denizin ve G\u00fcne\u015fin Tad\u0131n\u0131 \u00c7\u0131kar\u0131rken Okunacak Kitaplar\"}]},{\"@type\":\"WebSite\",\"@id\":\"https:\/\/muhiku.com\/blog\/#website\",\"url\":\"https:\/\/muhiku.com\/blog\/\",\"name\":\"Muhiku\",\"description\":\"Yenilik\u00e7i Hediye Rehberi\",\"publisher\":{\"@id\":\"https:\/\/muhiku.com\/blog\/#organization\"},\"inLanguage\":\"tr\"},{\"@type\":\"Organization\",\"@id\":\"https:\/\/muhiku.com\/blog\/#organization\",\"name\":\"Muhiku\",\"url\":\"https:\/\/muhiku.com\/blog\/\",\"logo\":{\"@type\":\"ImageObject\",\"inLanguage\":\"tr\",\"@id\":\"https:\/\/muhiku.com\/blog\/#\/schema\/logo\/image\/\",\"url\":\"https:\/\/muhiku.com\/blog\/wp-content\/uploads\/2019\/04\/logo-kare-1.png\",\"contentUrl\":\"https:\/\/muhiku.com\/blog\/wp-content\/uploads\/2019\/04\/logo-kare-1.png\",\"width\":1080,\"height\":1080,\"caption\":\"Muhiku\"},\"image\":{\"@id\":\"https:\/\/muhiku.com\/blog\/#\/schema\/logo\/image\/\"}},{\"@type\":\"Person\",\"@id\":\"https:\/\/muhiku.com\/blog\/#\/schema\/person\/0b50be1d52ee74306e1405ad86aac5d5\",\"name\":\"Dilara Yal\u00e7\u0131n\",\"image\":{\"@type\":\"ImageObject\",\"inLanguage\":\"tr\",\"@id\":\"https:\/\/muhiku.com\/blog\/#\/schema\/person\/image\/\",\"url\":\"https:\/\/secure.gravatar.com\/avatar\/f6e97d59731e06ac22101ebcef389e69?s=96&d=mm&r=g\",\"contentUrl\":\"https:\/\/secure.gravatar.com\/avatar\/f6e97d59731e06ac22101ebcef389e69?s=96&d=mm&r=g\",\"caption\":\"Dilara Yal\u00e7\u0131n\"}}]}<\/script>\n<!-- \/ Yoast SEO plugin. -->","yoast_head_json":{"title":"Denizin ve G\u00fcne\u015fin Tad\u0131n\u0131 \u00c7\u0131kar\u0131rken Okunacak Kitaplar - Muhiku","description":"Yaz\u0131n kavurucu s\u0131caklar\u0131nda; deniz, kum ve g\u00fcne\u015fin tad\u0131n\u0131 \u00e7\u0131kar\u0131rken okunacak kitaplar da keyfinize keyif katar.","robots":{"index":"index","follow":"follow","max-snippet":"max-snippet:-1","max-image-preview":"max-image-preview:large","max-video-preview":"max-video-preview:-1"},"canonical":"https:\/\/muhiku.com\/blog\/denizin-ve-gunesin-tadini-cikarirken-okunacak-kitaplar\/","og_locale":"tr_TR","og_type":"article","og_title":"Denizin ve G\u00fcne\u015fin Tad\u0131n\u0131 \u00c7\u0131kar\u0131rken Okunacak Kitaplar - Muhiku","og_description":"Yaz\u0131n kavurucu s\u0131caklar\u0131nda; deniz, kum ve g\u00fcne\u015fin tad\u0131n\u0131 \u00e7\u0131kar\u0131rken okunacak kitaplar da keyfinize keyif katar.","og_url":"https:\/\/muhiku.com\/blog\/denizin-ve-gunesin-tadini-cikarirken-okunacak-kitaplar\/","og_site_name":"Muhiku","article_published_time":"2023-07-07T10:38:09+00:00","article_modified_time":"2023-07-03T11:30:08+00:00","og_image":[{"width":1024,"height":600,"url":"https:\/\/muhiku.com\/blog\/wp-content\/uploads\/2022\/08\/denizin-kumun-ve-gunesin-tadini-cikarirken-okunacak-kitaplar.jpg","type":"image\/jpeg"}],"author":"Dilara Yal\u00e7\u0131n","twitter_card":"summary_large_image","twitter_misc":{"Written by":"Dilara Yal\u00e7\u0131n","Est. reading time":"7 dakika"},"schema":{"@context":"https:\/\/schema.org","@graph":[{"@type":"Article","@id":"https:\/\/muhiku.com\/blog\/denizin-ve-gunesin-tadini-cikarirken-okunacak-kitaplar\/#article","isPartOf":{"@id":"https:\/\/muhiku.com\/blog\/denizin-ve-gunesin-tadini-cikarirken-okunacak-kitaplar\/"},"author":{"name":"Dilara Yal\u00e7\u0131n","@id":"https:\/\/muhiku.com\/blog\/#\/schema\/person\/0b50be1d52ee74306e1405ad86aac5d5","url":"https:\/\/muhiku.com\/blog\/"},"headline":"Denizin ve G\u00fcne\u015fin Tad\u0131n\u0131 \u00c7\u0131kar\u0131rken Okunacak Kitaplar","datePublished":"2023-07-07T10:38:09+00:00","dateModified":"2023-07-03T11:30:08+00:00","mainEntityOfPage":{"@id":"https:\/\/muhiku.com\/blog\/denizin-ve-gunesin-tadini-cikarirken-okunacak-kitaplar\/"},"wordCount":1310,"commentCount":0,"publisher":{"@id":"https:\/\/muhiku.com\/blog\/#organization"},"image":{"@id":"https:\/\/muhiku.com\/blog\/denizin-ve-gunesin-tadini-cikarirken-okunacak-kitaplar\/#primaryimage"},"thumbnailUrl":"https:\/\/muhiku.com\/blog\/wp-content\/uploads\/2022\/08\/denizin-kumun-ve-gunesin-tadini-cikarirken-okunacak-kitaplar.jpg","articleSection":["Kitap"],"inLanguage":"tr","potentialAction":[{"@type":"CommentAction","name":"Comment","target":["https:\/\/muhiku.com\/blog\/denizin-ve-gunesin-tadini-cikarirken-okunacak-kitaplar\/#respond"]}]},{"@type":"WebPage","@id":"https:\/\/muhiku.com\/blog\/denizin-ve-gunesin-tadini-cikarirken-okunacak-kitaplar\/","url":"https:\/\/muhiku.com\/blog\/denizin-ve-gunesin-tadini-cikarirken-okunacak-kitaplar\/","name":"Denizin ve G\u00fcne\u015fin Tad\u0131n\u0131 \u00c7\u0131kar\u0131rken Okunacak Kitaplar - Muhiku","isPartOf":{"@id":"https:\/\/muhiku.com\/blog\/#website"},"primaryImageOfPage":{"@id":"https:\/\/muhiku.com\/blog\/denizin-ve-gunesin-tadini-cikarirken-okunacak-kitaplar\/#primaryimage"},"image":{"@id":"https:\/\/muhiku.com\/blog\/denizin-ve-gunesin-tadini-cikarirken-okunacak-kitaplar\/#primaryimage"},"thumbnailUrl":"https:\/\/muhiku.com\/blog\/wp-content\/uploads\/2022\/08\/denizin-kumun-ve-gunesin-tadini-cikarirken-okunacak-kitaplar.jpg","datePublished":"2023-07-07T10:38:09+00:00","dateModified":"2023-07-03T11:30:08+00:00","description":"Yaz\u0131n kavurucu s\u0131caklar\u0131nda; deniz, kum ve g\u00fcne\u015fin tad\u0131n\u0131 \u00e7\u0131kar\u0131rken okunacak kitaplar da keyfinize keyif katar.","breadcrumb":{"@id":"https:\/\/muhiku.com\/blog\/denizin-ve-gunesin-tadini-cikarirken-okunacak-kitaplar\/#breadcrumb"},"inLanguage":"tr","potentialAction":[{"@type":"ReadAction","target":["https:\/\/muhiku.com\/blog\/denizin-ve-gunesin-tadini-cikarirken-okunacak-kitaplar\/"]}]},{"@type":"ImageObject","inLanguage":"tr","@id":"https:\/\/muhiku.com\/blog\/denizin-ve-gunesin-tadini-cikarirken-okunacak-kitaplar\/#primaryimage","url":"https:\/\/muhiku.com\/blog\/wp-content\/uploads\/2022\/08\/denizin-kumun-ve-gunesin-tadini-cikarirken-okunacak-kitaplar.jpg","contentUrl":"https:\/\/muhiku.com\/blog\/wp-content\/uploads\/2022\/08\/denizin-kumun-ve-gunesin-tadini-cikarirken-okunacak-kitaplar.jpg","width":1024,"height":600,"caption":"denizin-kumun-ve-gunesin-tadini-cikarirken-okunacak-kitaplar"},{"@type":"BreadcrumbList","@id":"https:\/\/muhiku.com\/blog\/denizin-ve-gunesin-tadini-cikarirken-okunacak-kitaplar\/#breadcrumb","itemListElement":[{"@type":"ListItem","position":1,"name":"Blog","item":"https:\/\/muhiku.com\/blog\/"},{"@type":"ListItem","position":2,"name":"Denizin ve G\u00fcne\u015fin Tad\u0131n\u0131 \u00c7\u0131kar\u0131rken Okunacak Kitaplar"}]},{"@type":"WebSite","@id":"https:\/\/muhiku.com\/blog\/#website","url":"https:\/\/muhiku.com\/blog\/","name":"Muhiku","description":"Yenilik\u00e7i Hediye Rehberi","publisher":{"@id":"https:\/\/muhiku.com\/blog\/#organization"},"inLanguage":"tr"},{"@type":"Organization","@id":"https:\/\/muhiku.com\/blog\/#organization","name":"Muhiku","url":"https:\/\/muhiku.com\/blog\/","logo":{"@type":"ImageObject","inLanguage":"tr","@id":"https:\/\/muhiku.com\/blog\/#\/schema\/logo\/image\/","url":"https:\/\/muhiku.com\/blog\/wp-content\/uploads\/2019\/04\/logo-kare-1.png","contentUrl":"https:\/\/muhiku.com\/blog\/wp-content\/uploads\/2019\/04\/logo-kare-1.png","width":1080,"height":1080,"caption":"Muhiku"},"image":{"@id":"https:\/\/muhiku.com\/blog\/#\/schema\/logo\/image\/"}},{"@type":"Person","@id":"https:\/\/muhiku.com\/blog\/#\/schema\/person\/0b50be1d52ee74306e1405ad86aac5d5","name":"Dilara Yal\u00e7\u0131n","image":{"@type":"ImageObject","inLanguage":"tr","@id":"https:\/\/muhiku.com\/blog\/#\/schema\/person\/image\/","url":"https:\/\/secure.gravatar.com\/avatar\/f6e97d59731e06ac22101ebcef389e69?s=96&d=mm&r=g","contentUrl":"https:\/\/secure.gravatar.com\/avatar\/f6e97d59731e06ac22101ebcef389e69?s=96&d=mm&r=g","caption":"Dilara Yal\u00e7\u0131n"}}]}},"_links":{"self":[{"href":"https:\/\/muhiku.com\/blog\/wp-json\/wp\/v2\/posts\/90068"}],"collection":[{"href":"https:\/\/muhiku.com\/blog\/wp-json\/wp\/v2\/posts"}],"about":[{"href":"https:\/\/muhiku.com\/blog\/wp-json\/wp\/v2\/types\/post"}],"author":[{"embeddable":true,"href":"https:\/\/muhiku.com\/blog\/wp-json\/wp\/v2\/users\/25"}],"replies":[{"embeddable":true,"href":"https:\/\/muhiku.com\/blog\/wp-json\/wp\/v2\/comments?post=90068"}],"version-history":[{"count":3,"href":"https:\/\/muhiku.com\/blog\/wp-json\/wp\/v2\/posts\/90068\/revisions"}],"predecessor-version":[{"id":93907,"href":"https:\/\/muhiku.com\/blog\/wp-json\/wp\/v2\/posts\/90068\/revisions\/93907"}],"wp:featuredmedia":[{"embeddable":true,"href":"https:\/\/muhiku.com\/blog\/wp-json\/wp\/v2\/media\/89931"}],"wp:attachment":[{"href":"https:\/\/muhiku.com\/blog\/wp-json\/wp\/v2\/media?parent=90068"}],"wp:term":[{"taxonomy":"category","embeddable":true,"href":"https:\/\/muhiku.com\/blog\/wp-json\/wp\/v2\/categories?post=90068"},{"taxonomy":"post_tag","embeddable":true,"href":"https:\/\/muhiku.com\/blog\/wp-json\/wp\/v2\/tags?post=90068"}],"curies":[{"name":"wp","href":"https:\/\/api.w.org\/{rel}","templated":true}]}}