{"id":82238,"date":"2020-05-18T07:49:27","date_gmt":"2020-05-18T07:49:27","guid":{"rendered":"https:\/\/muhiku.com\/blog\/?p=82238"},"modified":"2024-06-13T13:40:02","modified_gmt":"2024-06-13T10:40:02","slug":"babalar-gunu-nasil-ortaya-cikti","status":"publish","type":"post","link":"https:\/\/muhiku.com\/blog\/babalar-gunu-nasil-ortaya-cikti\/","title":{"rendered":"Babalar G\u00fcn\u00fc Nas\u0131l Ortaya \u00c7\u0131kt\u0131?"},"content":{"rendered":"<p>G\u00fcn\u00fcm\u00fczde pek \u00e7ok \u015fey i\u00e7in bir g\u00fcn ilan edilmi\u015ftir. Fakat bunlar i\u00e7in de co\u015fkuyla kutlanan Anneler G\u00fcn\u00fc, Babalar G\u00fcn\u00fc ve Sevgililer G\u00fcn\u00fc gibi \u00f6zel zamanlard\u0131r. Biz bu i\u00e7eri\u011fimizde <strong>Babalar G\u00fcn\u00fc nas\u0131l ortaya \u00e7\u0131kt\u0131<\/strong> sorusuna yan\u0131t verece\u011fiz. B\u00f6ylece bu konuyu merak eden okurlar\u0131m\u0131z\u0131n merak\u0131n\u0131 gidermeye \u00e7al\u0131\u015faca\u011f\u0131z.<\/p>\n<p><a href=\"https:\/\/muhiku.com\/babalar-gunu-hediyeleri\/\"><img  loading=\"lazy\"  decoding=\"async\"  class=\"alignnone wp-image-93632 size-medium pk-lazyload\"  src=\"data:image\/png;base64,iVBORw0KGgoAAAANSUhEUgAAAAEAAAABAQMAAAAl21bKAAAAA1BMVEUAAP+KeNJXAAAAAXRSTlMAQObYZgAAAAlwSFlzAAAOxAAADsQBlSsOGwAAAApJREFUCNdjYAAAAAIAAeIhvDMAAAAASUVORK5CYII=\"  alt=\"babalar-gunu-hediyelerini-kesfet-muhiku\"  width=\"800\"  height=\"469\"  data-pk-sizes=\"auto\"  data-ls-sizes=\"(max-width: 800px) 100vw, 800px\"  data-pk-src=\"https:\/\/muhiku.com\/blog\/wp-content\/uploads\/2023\/06\/babalar-gunu-hediyelerini-kesfet-muhiku-800x469.jpg\"  data-pk-srcset=\"https:\/\/muhiku.com\/blog\/wp-content\/uploads\/2023\/06\/babalar-gunu-hediyelerini-kesfet-muhiku-800x469.jpg 800w, https:\/\/muhiku.com\/blog\/wp-content\/uploads\/2023\/06\/babalar-gunu-hediyelerini-kesfet-muhiku-561x329.jpg 561w, https:\/\/muhiku.com\/blog\/wp-content\/uploads\/2023\/06\/babalar-gunu-hediyelerini-kesfet-muhiku-265x155.jpg 265w, https:\/\/muhiku.com\/blog\/wp-content\/uploads\/2023\/06\/babalar-gunu-hediyelerini-kesfet-muhiku-531x311.jpg 531w, https:\/\/muhiku.com\/blog\/wp-content\/uploads\/2023\/06\/babalar-gunu-hediyelerini-kesfet-muhiku-364x213.jpg 364w, https:\/\/muhiku.com\/blog\/wp-content\/uploads\/2023\/06\/babalar-gunu-hediyelerini-kesfet-muhiku-728x427.jpg 728w, https:\/\/muhiku.com\/blog\/wp-content\/uploads\/2023\/06\/babalar-gunu-hediyelerini-kesfet-muhiku-608x356.jpg 608w, https:\/\/muhiku.com\/blog\/wp-content\/uploads\/2023\/06\/babalar-gunu-hediyelerini-kesfet-muhiku-758x444.jpg 758w, https:\/\/muhiku.com\/blog\/wp-content\/uploads\/2023\/06\/babalar-gunu-hediyelerini-kesfet-muhiku-82x48.jpg 82w, https:\/\/muhiku.com\/blog\/wp-content\/uploads\/2023\/06\/babalar-gunu-hediyelerini-kesfet-muhiku-164x96.jpg 164w, https:\/\/muhiku.com\/blog\/wp-content\/uploads\/2023\/06\/babalar-gunu-hediyelerini-kesfet-muhiku.jpg 1024w\" ><\/a>Kimileri \u201cAnneler G\u00fcn\u00fc varsa Babalar G\u00fcn\u00fc de pek tabi olabilir\u201d der. Kimileri ise \u201c Anneler G\u00fcn\u00fc var diye Babalar G\u00fcn\u00fc&#8217;n\u00fc \u00e7\u0131karm\u0131\u015flar\u201d diye d\u00fc\u015f\u00fcn\u00fcr. Asl\u0131nda Babalar G\u00fcn\u00fc&#8217;n\u00fcn nas\u0131l ortaya \u00e7\u0131kt\u0131\u011f\u0131n\u0131 ve Babalar G\u00fcn\u00fc&#8217;n\u00fcn arkas\u0131ndaki duygusal hikayeyi \u00e7o\u011fu ki\u015fi bilmiyor.<\/p>\n<p>Babalar G\u00fcn\u00fc \u00e7\u0131k\u0131\u015f hikayesi nedir? Bu soruya cevap vermeden \u00f6nce hen\u00fcz Babalar G\u00fcn\u00fc hediyesini se\u00e7emeyen okurlar\u0131m\u0131z i\u00e7in g\u00fczel bir \u00f6nerimiz var. Muhiku birbirinden karizmatik ve kullan\u0131\u015fl\u0131 babaya hediye koleksiyonu tasarlad\u0131. E\u011fer baban\u0131za bu y\u0131l ne arma\u011fan edece\u011finize karar veremediyseniz Muhiku&#8217;nun f\u0131rsatlarla dolu d\u00fcnyas\u0131ndan ak\u0131ll\u0131ca bir se\u00e7im yapabilirsiniz.<\/p>\n<p>Babalar G\u00fcn\u00fc&#8217;ne \u00f6zel bir se\u00e7im yapmak istiyorsan\u0131z Babalar G\u00fcn\u00fc ne zaman ortaya \u00e7\u0131kt\u0131, sorusunun cevab\u0131n\u0131 verdikten sonra harika hediye \u00f6nerilerine yer verdik.<\/p>\n<p>Muhiku&#8217;nun \u00f6zel koleksiyonun se\u00e7ti\u011fimiz hediyelere g\u00f6z atabilir ve baban\u0131z i\u00e7in en do\u011fru hediyeyi se\u00e7ebilirsiniz. \u00d6yleyse Babalar G\u00fcn\u00fc nas\u0131l ortaya \u00e7\u0131kt\u0131, sorusunun yan\u0131t\u0131na ge\u00e7ebiliriz.<\/p>\n<h2 id=\"babalar-gunu-hikayesi\">Babalar G\u00fcn\u00fc Hikayesi<\/h2>\n<p><img  loading=\"lazy\"  decoding=\"async\"  class=\"alignnone size-medium wp-image-85834 pk-lazyload\"  src=\"data:image\/png;base64,iVBORw0KGgoAAAANSUhEUgAAAAEAAAABAQMAAAAl21bKAAAAA1BMVEUAAP+KeNJXAAAAAXRSTlMAQObYZgAAAAlwSFlzAAAOxAAADsQBlSsOGwAAAApJREFUCNdjYAAAAAIAAeIhvDMAAAAASUVORK5CYII=\"  alt=\"babalar-gunu-hikayesi\"  width=\"800\"  height=\"469\"  data-pk-sizes=\"auto\"  data-ls-sizes=\"(max-width: 800px) 100vw, 800px\"  data-pk-src=\"https:\/\/muhiku.com\/blog\/wp-content\/uploads\/2021\/05\/babalar-gunu-hikayesi-800x469.jpg\"  data-pk-srcset=\"https:\/\/muhiku.com\/blog\/wp-content\/uploads\/2021\/05\/babalar-gunu-hikayesi-800x469.jpg 800w, https:\/\/muhiku.com\/blog\/wp-content\/uploads\/2021\/05\/babalar-gunu-hikayesi-120x70.jpg 120w, https:\/\/muhiku.com\/blog\/wp-content\/uploads\/2021\/05\/babalar-gunu-hikayesi-90x53.jpg 90w, https:\/\/muhiku.com\/blog\/wp-content\/uploads\/2021\/05\/babalar-gunu-hikayesi-320x188.jpg 320w, https:\/\/muhiku.com\/blog\/wp-content\/uploads\/2021\/05\/babalar-gunu-hikayesi-560x328.jpg 560w, https:\/\/muhiku.com\/blog\/wp-content\/uploads\/2021\/05\/babalar-gunu-hikayesi.jpg 1024w\" ><\/p>\n<p>Sonora Smart Dodd, bir Amerikan \u0130\u00e7 Sava\u015f\u0131 gazisinin k\u0131z\u0131. Sonora Smart Dodd, nas\u0131l ki Anneler G\u00fcn\u00fc kutlan\u0131yor o halde Babalar G\u00fcn\u00fc de olmal\u0131 diye d\u00fc\u015f\u00fcnd\u00fc. Dodd\u2019un babas\u0131, 6 \u00e7ocu\u011funu da anneleri olmadan tek ba\u015f\u0131na b\u00fcy\u00fctm\u00fc\u015ft\u00fcr.<\/p>\n<p>Sonora Smart Dodd babas\u0131n\u0131n do\u011fum g\u00fcn\u00fc olan 5 Haziran&#8217;\u0131n Babalar G\u00fcn\u00fc olarak kutlanmas\u0131n\u0131 istiyordu. Bunun i\u00e7in gerekli \u00e7al\u0131\u015fmalar\u0131 yapm\u0131\u015ft\u0131 ancak \u00e7al\u0131\u015fmalar\u0131n sonucu 5 Haziran&#8217;a yeti\u015fmemi\u015fti. Dolay\u0131s\u0131yla haziran ay\u0131n\u0131n \u00fc\u00e7\u00fcnc\u00fc pazar g\u00fcn\u00fcne denk gelecek \u015fekilde ilk kutlama yap\u0131lm\u0131\u015ft\u0131r. Bu sebeple Babalar G\u00fcn\u00fc&#8217;n\u00fc haziran ay\u0131nda kutluyoruz.<\/p>\n<p>Babalar G\u00fcn\u00fc tarihte ilk kez 19 Haziran 1910\u2019da Washington\u2019un Spokane \u015fehrinde kutlanm\u0131\u015ft\u0131r. Amerika Birle\u015fik Devletleri Ba\u015fkan\u0131 Calvin Coolidge, 1924 y\u0131l\u0131nda Babalar G\u00fcn\u00fc kutlamalar\u0131n\u0131 desteklemi\u015ftir. Ancak resmi bir kutlama olarak ilan etmemi\u015ftir.<\/p>\n<p>1966 y\u0131l\u0131na gelindi\u011finde ise d\u00f6nemin Ba\u015fkan\u0131 Lyndon Johnson Babalar G\u00fcn\u00fc&#8217;n\u00fcn her y\u0131l haziran ay\u0131n\u0131n \u00fc\u00e7\u00fcnc\u00fc pazar g\u00fcn\u00fc kutlanaca\u011f\u0131n\u0131 a\u00e7\u0131klayan bir bildiri yay\u0131mlam\u0131\u015ft\u0131r. 1972 y\u0131l\u0131nda ise Ba\u015fkan Richard Nixon\u2019un karar\u0131 ile Babalar G\u00fcn\u00fc ABD\u2019de yasal olarak resmi tatil ilan edilmi\u015ftir.<\/p>\n<p>\u0130\u015fte Babalar G\u00fcn\u00fc neden \u00e7\u0131km\u0131\u015ft\u0131r sorusunun cevab\u0131 bu \u015fekilde. Nas\u0131l ki Babalar G\u00fcn\u00fc kutlanmas\u0131 i\u00e7in Sonora Smart Dodd b\u00fcy\u00fck bir \u00f6zveri ile \u00e7al\u0131\u015fm\u0131\u015f ve babas\u0131na b\u00f6yle \u00f6zel bir arma\u011fanda bulunarak t\u00fcm d\u00fcnyada Babalar G\u00fcn\u00fc kutlanmas\u0131na vesile olmu\u015ftur.<\/p>\n<p>Bizler de babalar\u0131m\u0131z\u0131n hayat boyu bizler i\u00e7in yapt\u0131klar\u0131 fedakarl\u0131klar\u0131n hakk\u0131n\u0131 elbette bir g\u00fcn kutlama ile \u00f6deyemeyiz. Fakat bu \u00f6zel g\u00fcnde babalar\u0131m\u0131z\u0131n k\u0131ymetini bilip onlara ne kadar \u00e7ok de\u011fer verdi\u011fimizi hissettirebiliriz. Babalar G\u00fcn\u00fc&#8217;n\u00fc kutlayarak sevgimizi en derinden hissettirebiliriz.<\/p>\n<p>O halde Babalar G\u00fcn\u00fc kutlamalar\u0131nda neler yap\u0131labilir, Babalar G\u00fcn\u00fc hediyesi olarak ne alabiliriz d\u00fc\u015f\u00fcnmeye ba\u015flad\u0131n\u0131z m\u0131? Babalar G\u00fcn\u00fc hediyesi i\u00e7in farkl\u0131 fikirler ar\u0131yorsan\u0131z da Muhiku size istedi\u011finizi sunar.<\/p>\n<p>Ayr\u0131ca Babalar G\u00fcn\u00fc&#8217;nde neler yap\u0131labilir diye merak ediyorsan\u0131z &#8220;Babalar G\u00fcn\u00fc Etkinlikleri&#8221; ba\u015fl\u0131kl\u0131 blog yaz\u0131m\u0131zdan ilham alabilirsiniz.<\/p>\n<h2 id=\"babalar-gunu-hediyesi-muhikudan\">Babalar G\u00fcn\u00fc Hediyesi Muhiku\u2019dan<\/h2>\n<figure id=\"attachment_93593\" aria-describedby=\"caption-attachment-93593\" style=\"width: 800px\" class=\"wp-caption alignnone\"><img  loading=\"lazy\"  decoding=\"async\"  class=\"wp-image-93593 size-medium pk-lazyload\"  src=\"data:image\/png;base64,iVBORw0KGgoAAAANSUhEUgAAAAEAAAABAQMAAAAl21bKAAAAA1BMVEUAAP+KeNJXAAAAAXRSTlMAQObYZgAAAAlwSFlzAAAOxAAADsQBlSsOGwAAAApJREFUCNdjYAAAAAIAAeIhvDMAAAAASUVORK5CYII=\"  alt=\"kitap-sever-babaya-hediye-kutusu\"  width=\"800\"  height=\"450\"  data-pk-sizes=\"auto\"  data-ls-sizes=\"(max-width: 800px) 100vw, 800px\"  data-pk-src=\"https:\/\/muhiku.com\/blog\/wp-content\/uploads\/2023\/06\/kitap-sever-babaya-hediye-kutusu-800x450.jpg\"  data-pk-srcset=\"https:\/\/muhiku.com\/blog\/wp-content\/uploads\/2023\/06\/kitap-sever-babaya-hediye-kutusu-800x450.jpg 800w, https:\/\/muhiku.com\/blog\/wp-content\/uploads\/2023\/06\/kitap-sever-babaya-hediye-kutusu-1160x653.jpg 1160w, https:\/\/muhiku.com\/blog\/wp-content\/uploads\/2023\/06\/kitap-sever-babaya-hediye-kutusu-1536x864.jpg 1536w, https:\/\/muhiku.com\/blog\/wp-content\/uploads\/2023\/06\/kitap-sever-babaya-hediye-kutusu-192x108.jpg 192w, https:\/\/muhiku.com\/blog\/wp-content\/uploads\/2023\/06\/kitap-sever-babaya-hediye-kutusu-384x216.jpg 384w, https:\/\/muhiku.com\/blog\/wp-content\/uploads\/2023\/06\/kitap-sever-babaya-hediye-kutusu-364x205.jpg 364w, https:\/\/muhiku.com\/blog\/wp-content\/uploads\/2023\/06\/kitap-sever-babaya-hediye-kutusu-728x409.jpg 728w, https:\/\/muhiku.com\/blog\/wp-content\/uploads\/2023\/06\/kitap-sever-babaya-hediye-kutusu-561x316.jpg 561w, https:\/\/muhiku.com\/blog\/wp-content\/uploads\/2023\/06\/kitap-sever-babaya-hediye-kutusu-1122x631.jpg 1122w, https:\/\/muhiku.com\/blog\/wp-content\/uploads\/2023\/06\/kitap-sever-babaya-hediye-kutusu-265x149.jpg 265w, https:\/\/muhiku.com\/blog\/wp-content\/uploads\/2023\/06\/kitap-sever-babaya-hediye-kutusu-531x299.jpg 531w, https:\/\/muhiku.com\/blog\/wp-content\/uploads\/2023\/06\/kitap-sever-babaya-hediye-kutusu-608x342.jpg 608w, https:\/\/muhiku.com\/blog\/wp-content\/uploads\/2023\/06\/kitap-sever-babaya-hediye-kutusu-758x426.jpg 758w, https:\/\/muhiku.com\/blog\/wp-content\/uploads\/2023\/06\/kitap-sever-babaya-hediye-kutusu-1152x648.jpg 1152w, https:\/\/muhiku.com\/blog\/wp-content\/uploads\/2023\/06\/kitap-sever-babaya-hediye-kutusu-85x48.jpg 85w, https:\/\/muhiku.com\/blog\/wp-content\/uploads\/2023\/06\/kitap-sever-babaya-hediye-kutusu-171x96.jpg 171w, https:\/\/muhiku.com\/blog\/wp-content\/uploads\/2023\/06\/kitap-sever-babaya-hediye-kutusu.jpg 1920w\" ><figcaption id=\"caption-attachment-93593\" class=\"wp-caption-text\">Kitap Sever Babaya Hediye Kutusu<\/figcaption><\/figure>\n<p>Erkeklere hediye almak her zaman zor oldu\u011fu gibi babam\u0131za hediye almak daha zordur. \u00c7\u00fcnk\u00fc en k\u0131ymetlimize hediyelerin en g\u00fczelini arar\u0131z. \u00d6zel g\u00fcnlerde temaya uygun, kar\u015f\u0131m\u0131zdakini mutlu edecek bir hediye bulman\u0131n yolu ise bizce \u00f6ncelikle bu \u00f6zel g\u00fcn\u00fcn dinamiklerini iyi anlamaktan ge\u00e7er.<\/p>\n<p>Bu y\u00fczden Babalar G\u00fcn\u00fc&#8217;n\u00fcn \u00e7\u0131k\u0131\u015f hikayesini okuduktan sonra Babalar G\u00fcn\u00fc hediyeleri konusunda se\u00e7iminizi \u00e7ok daha kolay bir \u015fekilde yapabilece\u011finizi d\u00fc\u015f\u00fcn\u00fcyoruz.\u00a0Muhiku\u2019nun babaya hediye kutular\u0131n\u0131 inceleyerek k\u0131ymetli babalar\u0131n\u0131z i\u00e7in Babalar G\u00fcn\u00fc hediyesine kolayl\u0131kla karar verebilirsiniz.<\/p>\n<h3 id=\"kitap-sever-babaya-hediye-kutusu\">Kitap Sever Babaya Hediye Kutusu<\/h3>\n<p>Muhiku\u2019nun y\u00fcksek talep g\u00f6ren kutular\u0131ndan biri olan Kitap Sever Babaya Hediye Kutusu ile Babalar G\u00fcn\u00fc&#8217;nde baban\u0131za harika bir s\u00fcrpriz yap\u0131n. Kitap Sever Babaya Hediye Kutusu&#8217;nda;<\/p>\n<ul>\n<li>Guatemala y\u00f6resel filtre kahve \u00e7e\u015fidi,<\/li>\n<li>Evinize okyanusun yumu\u015fac\u0131k esintisini ta\u015f\u0131yacak okyanus kokulu aromatik mum,<\/li>\n<li>Baba lugat kupa,<\/li>\n<li>Babalar G\u00fcn\u00fc&#8217;ne \u00f6zel bardak altl\u0131\u011f\u0131,<\/li>\n<li>Kitap,<\/li>\n<li>Babalar G\u00fcn\u00fc motto kart\u0131,<\/li>\n<li>Ayr\u0131ca hediye notunuz yer al\u0131yor.<\/li>\n<\/ul>\n<p>Bu kutuya ilave olarak \u00e7ikolata ya da French press de ekleyebilirsiniz.<\/p>\n<p>Muhiku\u2019nun Kitap Sever Babaya Hediye Kutusu i\u00e7eri\u011fine bak\u0131nca sizde de ayn\u0131 his olu\u015ftu mu? Evet, Muhiku hediye kutular\u0131n\u0131n hepsi \u00e7ok \u00f6zel ve \u00e7ok g\u00fczel.<\/p>\n<p>Ayr\u0131ca erke\u011fe hediye alman\u0131n zorluklar\u0131n\u0131 biliyoruz. Dolay\u0131s\u0131yla diyebiliriz ki bu kutu ile Babalar G\u00fcn\u00fc&#8217;nde baban\u0131za al\u0131\u015f\u0131lm\u0131\u015f\u0131n d\u0131\u015f\u0131nda bir hediye verece\u011finizden hi\u00e7 \u015f\u00fcpheniz olmas\u0131n.<\/p>\n<h4 id=\"kitap-sever-babaya-hediye-kutusu-babaniza-neler-vadediyor\">Kitap Sever Babaya Hediye Kutusu Baban\u0131za Neler Vadediyor?<\/h4>\n<p>Guatemala filtre kahve farkl\u0131 lezzetle bir kahve deneyimi ya\u015famak baban\u0131z\u0131n t\u00fcm yorgunlu\u011funu \u00fcst\u00fcnden alacak. Ayr\u0131ca okyanus aromal\u0131 mumun yayd\u0131\u011f\u0131 ho\u015f koku ile s\u00fcr\u00fckleyici bir kitap, baban\u0131z\u0131n i\u00e7inde bulundu\u011fu an\u0131n enerjisini y\u00fckseltecek. Belli etmemeye \u00e7al\u0131\u015f\u0131p hep g\u00fc\u00e7l\u00fc dursa da baban\u0131z\u0131n da emin olun biraz rahatlamaya ihtiyac\u0131 vard\u0131r.<\/p>\n<p>Babalar G\u00fcn\u00fc&#8217;ne \u00f6zel tasarlanan kupa ve bardak altl\u0131\u011f\u0131 \u00f6zellikle i\u015f hayat\u0131nda ofiste, masa ba\u015f\u0131nda en \u00e7ok ihtiya\u00e7 duyulan \u00fcr\u00fcnlerden. Bunlar\u0131n sizin hediyeniz olarak her daim g\u00f6z\u00fcn\u00fcn \u00f6n\u00fcnde olmas\u0131 baban\u0131za mutluluk verecektir.<\/p>\n<p>G\u00f6r\u00fcld\u00fc\u011f\u00fc \u00fczere Kitap Sever Babaya Hediye Kutusu, Babalar G\u00fcn\u00fc i\u00e7in olduk\u00e7a uygun. Dolay\u0131s\u0131yla da baban\u0131za endi\u015fe etmeden tercih edebilece\u011finiz bir hediye. \u0130\u00e7eri\u011finin dopdolu olmas\u0131n\u0131n yan\u0131nda piyasadaki di\u011fer alternatiflere nazaran olduk\u00e7a da ucuz.<\/p>\n<p>Kitap Sever Babaya Hediye Kutusu&#8217;nu olduk\u00e7a kaliteli ve kullan\u0131\u015fl\u0131 oldu\u011fu i\u00e7in rahatl\u0131kla tercih edilebilirsiniz. Nitekim hepimiz babam\u0131za bu \u00f6zel g\u00fcn\u00fcnde hediyelerin en g\u00fczelini, en anlaml\u0131s\u0131n\u0131 vermek isteriz.<\/p>\n<p>Bu hayatta babam\u0131z\u0131n bizim i\u00e7in yapamayaca\u011f\u0131 \u015fey yoktur. Biz de ona Babalar G\u00fcn\u00fc&#8217;n\u00fcn g\u00fczel ve unutulmaz ge\u00e7mesi i\u00e7in s\u00fcrprizler yapabiliriz. Ayr\u0131ca unutmay\u0131n ki babalar\u0131m\u0131z bu g\u00fcn\u00fcn kutlanmas\u0131na pek de al\u0131\u015f\u0131k de\u011filler. Bu y\u00fczden de yap\u0131lan s\u00fcrprizler ile \u00e7ok mutlu oluyorlar.<\/p>\n<p>T\u00fcm babalar\u0131n Babalar G\u00fcn\u00fc kutlu olsun. \u0130yi ki varlar!<\/p>\n","protected":false},"excerpt":{"rendered":"G\u00fcn\u00fcm\u00fczde pek \u00e7ok \u015fey i\u00e7in bir g\u00fcn ilan edilmi\u015ftir. Fakat bunlar i\u00e7in de co\u015fkuyla kutlanan Anneler G\u00fcn\u00fc, Babalar&hellip;\n","protected":false},"author":25,"featured_media":85833,"comment_status":"open","ping_status":"open","sticky":false,"template":"","format":"standard","meta":{"footnotes":""},"categories":[147,150],"tags":[],"yoast_head":"<!-- This site is optimized with the Yoast SEO plugin v22.5 - https:\/\/yoast.com\/wordpress\/plugins\/seo\/ -->\n<title>Babalar G\u00fcn\u00fc Nas\u0131l Ortaya \u00c7\u0131kt\u0131? - Muhiku<\/title>\n<meta name=\"description\" content=\"Babalar G\u00fcn\u00fc nas\u0131l ortaya \u00e7\u0131kt\u0131 diye merak edenler i\u00e7in Babalar G\u00fcn\u00fc&#039;n\u00fcn hikayesinden bahsettik. \u0130lk kez Amerika&#039;da, 19 Haziran 1910 y\u0131l\u0131nda...\" \/>\n<meta name=\"robots\" content=\"index, follow, max-snippet:-1, max-image-preview:large, max-video-preview:-1\" \/>\n<link rel=\"canonical\" href=\"https:\/\/muhiku.com\/blog\/babalar-gunu-nasil-ortaya-cikti\/\" \/>\n<meta property=\"og:locale\" content=\"tr_TR\" \/>\n<meta property=\"og:type\" content=\"article\" \/>\n<meta property=\"og:title\" content=\"Babalar G\u00fcn\u00fc Nas\u0131l Ortaya \u00c7\u0131kt\u0131? - Muhiku\" \/>\n<meta property=\"og:description\" content=\"Babalar G\u00fcn\u00fc nas\u0131l ortaya \u00e7\u0131kt\u0131 diye merak edenler i\u00e7in Babalar G\u00fcn\u00fc&#039;n\u00fcn hikayesinden bahsettik. \u0130lk kez Amerika&#039;da, 19 Haziran 1910 y\u0131l\u0131nda...\" \/>\n<meta property=\"og:url\" content=\"https:\/\/muhiku.com\/blog\/babalar-gunu-nasil-ortaya-cikti\/\" \/>\n<meta property=\"og:site_name\" content=\"Muhiku\" \/>\n<meta property=\"article:published_time\" content=\"2020-05-18T07:49:27+00:00\" \/>\n<meta property=\"article:modified_time\" content=\"2024-06-13T10:40:02+00:00\" \/>\n<meta property=\"og:image\" content=\"https:\/\/cdn.muhiku.com\/blog\/wp-content\/uploads\/2021\/05\/babalar-gunu-nasil-ortaya-cikti.jpg?x49301\" \/>\n\t<meta property=\"og:image:width\" content=\"1024\" \/>\n\t<meta property=\"og:image:height\" content=\"600\" \/>\n\t<meta property=\"og:image:type\" content=\"image\/jpeg\" \/>\n<meta name=\"author\" content=\"Dilara Yal\u00e7\u0131n\" \/>\n<meta name=\"twitter:card\" content=\"summary_large_image\" \/>\n<meta name=\"twitter:label1\" content=\"Written by\" \/>\n\t<meta name=\"twitter:data1\" content=\"Dilara Yal\u00e7\u0131n\" \/>\n\t<meta name=\"twitter:label2\" content=\"Est. reading time\" \/>\n\t<meta name=\"twitter:data2\" content=\"6 dakika\" \/>\n<script type=\"application\/ld+json\" class=\"yoast-schema-graph\">{\"@context\":\"https:\/\/schema.org\",\"@graph\":[{\"@type\":\"Article\",\"@id\":\"https:\/\/muhiku.com\/blog\/babalar-gunu-nasil-ortaya-cikti\/#article\",\"isPartOf\":{\"@id\":\"https:\/\/muhiku.com\/blog\/babalar-gunu-nasil-ortaya-cikti\/\"},\"author\":{\"name\":\"Dilara Yal\u00e7\u0131n\",\"@id\":\"https:\/\/muhiku.com\/blog\/#\/schema\/person\/0b50be1d52ee74306e1405ad86aac5d5\",\"url\":\"https:\/\/muhiku.com\/blog\/\"},\"headline\":\"Babalar G\u00fcn\u00fc Nas\u0131l Ortaya \u00c7\u0131kt\u0131?\",\"datePublished\":\"2020-05-18T07:49:27+00:00\",\"dateModified\":\"2024-06-13T10:40:02+00:00\",\"mainEntityOfPage\":{\"@id\":\"https:\/\/muhiku.com\/blog\/babalar-gunu-nasil-ortaya-cikti\/\"},\"wordCount\":1225,\"commentCount\":0,\"publisher\":{\"@id\":\"https:\/\/muhiku.com\/blog\/#organization\"},\"image\":{\"@id\":\"https:\/\/muhiku.com\/blog\/babalar-gunu-nasil-ortaya-cikti\/#primaryimage\"},\"thumbnailUrl\":\"https:\/\/muhiku.com\/blog\/wp-content\/uploads\/2021\/05\/babalar-gunu-nasil-ortaya-cikti.jpg\",\"articleSection\":[\"Babalar G\u00fcn\u00fc Hediyeleri\",\"\u00d6zel G\u00fcnler\"],\"inLanguage\":\"tr\",\"potentialAction\":[{\"@type\":\"CommentAction\",\"name\":\"Comment\",\"target\":[\"https:\/\/muhiku.com\/blog\/babalar-gunu-nasil-ortaya-cikti\/#respond\"]}]},{\"@type\":\"WebPage\",\"@id\":\"https:\/\/muhiku.com\/blog\/babalar-gunu-nasil-ortaya-cikti\/\",\"url\":\"https:\/\/muhiku.com\/blog\/babalar-gunu-nasil-ortaya-cikti\/\",\"name\":\"Babalar G\u00fcn\u00fc Nas\u0131l Ortaya \u00c7\u0131kt\u0131? - Muhiku\",\"isPartOf\":{\"@id\":\"https:\/\/muhiku.com\/blog\/#website\"},\"primaryImageOfPage\":{\"@id\":\"https:\/\/muhiku.com\/blog\/babalar-gunu-nasil-ortaya-cikti\/#primaryimage\"},\"image\":{\"@id\":\"https:\/\/muhiku.com\/blog\/babalar-gunu-nasil-ortaya-cikti\/#primaryimage\"},\"thumbnailUrl\":\"https:\/\/muhiku.com\/blog\/wp-content\/uploads\/2021\/05\/babalar-gunu-nasil-ortaya-cikti.jpg\",\"datePublished\":\"2020-05-18T07:49:27+00:00\",\"dateModified\":\"2024-06-13T10:40:02+00:00\",\"description\":\"Babalar G\u00fcn\u00fc nas\u0131l ortaya \u00e7\u0131kt\u0131 diye merak edenler i\u00e7in Babalar G\u00fcn\u00fc'n\u00fcn hikayesinden bahsettik. \u0130lk kez Amerika'da, 19 Haziran 1910 y\u0131l\u0131nda...\",\"breadcrumb\":{\"@id\":\"https:\/\/muhiku.com\/blog\/babalar-gunu-nasil-ortaya-cikti\/#breadcrumb\"},\"inLanguage\":\"tr\",\"potentialAction\":[{\"@type\":\"ReadAction\",\"target\":[\"https:\/\/muhiku.com\/blog\/babalar-gunu-nasil-ortaya-cikti\/\"]}]},{\"@type\":\"ImageObject\",\"inLanguage\":\"tr\",\"@id\":\"https:\/\/muhiku.com\/blog\/babalar-gunu-nasil-ortaya-cikti\/#primaryimage\",\"url\":\"https:\/\/muhiku.com\/blog\/wp-content\/uploads\/2021\/05\/babalar-gunu-nasil-ortaya-cikti.jpg\",\"contentUrl\":\"https:\/\/muhiku.com\/blog\/wp-content\/uploads\/2021\/05\/babalar-gunu-nasil-ortaya-cikti.jpg\",\"width\":1024,\"height\":600,\"caption\":\"babalar-gunu-nasil-ortaya-cikti\"},{\"@type\":\"BreadcrumbList\",\"@id\":\"https:\/\/muhiku.com\/blog\/babalar-gunu-nasil-ortaya-cikti\/#breadcrumb\",\"itemListElement\":[{\"@type\":\"ListItem\",\"position\":1,\"name\":\"Blog\",\"item\":\"https:\/\/muhiku.com\/blog\/\"},{\"@type\":\"ListItem\",\"position\":2,\"name\":\"Babalar G\u00fcn\u00fc Nas\u0131l Ortaya \u00c7\u0131kt\u0131?\"}]},{\"@type\":\"WebSite\",\"@id\":\"https:\/\/muhiku.com\/blog\/#website\",\"url\":\"https:\/\/muhiku.com\/blog\/\",\"name\":\"Muhiku\",\"description\":\"Yenilik\u00e7i Hediye Rehberi\",\"publisher\":{\"@id\":\"https:\/\/muhiku.com\/blog\/#organization\"},\"inLanguage\":\"tr\"},{\"@type\":\"Organization\",\"@id\":\"https:\/\/muhiku.com\/blog\/#organization\",\"name\":\"Muhiku\",\"url\":\"https:\/\/muhiku.com\/blog\/\",\"logo\":{\"@type\":\"ImageObject\",\"inLanguage\":\"tr\",\"@id\":\"https:\/\/muhiku.com\/blog\/#\/schema\/logo\/image\/\",\"url\":\"https:\/\/muhiku.com\/blog\/wp-content\/uploads\/2019\/04\/logo-kare-1.png\",\"contentUrl\":\"https:\/\/muhiku.com\/blog\/wp-content\/uploads\/2019\/04\/logo-kare-1.png\",\"width\":1080,\"height\":1080,\"caption\":\"Muhiku\"},\"image\":{\"@id\":\"https:\/\/muhiku.com\/blog\/#\/schema\/logo\/image\/\"}},{\"@type\":\"Person\",\"@id\":\"https:\/\/muhiku.com\/blog\/#\/schema\/person\/0b50be1d52ee74306e1405ad86aac5d5\",\"name\":\"Dilara Yal\u00e7\u0131n\",\"image\":{\"@type\":\"ImageObject\",\"inLanguage\":\"tr\",\"@id\":\"https:\/\/muhiku.com\/blog\/#\/schema\/person\/image\/\",\"url\":\"https:\/\/secure.gravatar.com\/avatar\/f6e97d59731e06ac22101ebcef389e69?s=96&d=mm&r=g\",\"contentUrl\":\"https:\/\/secure.gravatar.com\/avatar\/f6e97d59731e06ac22101ebcef389e69?s=96&d=mm&r=g\",\"caption\":\"Dilara Yal\u00e7\u0131n\"}}]}<\/script>\n<!-- \/ Yoast SEO plugin. -->","yoast_head_json":{"title":"Babalar G\u00fcn\u00fc Nas\u0131l Ortaya \u00c7\u0131kt\u0131? - Muhiku","description":"Babalar G\u00fcn\u00fc nas\u0131l ortaya \u00e7\u0131kt\u0131 diye merak edenler i\u00e7in Babalar G\u00fcn\u00fc'n\u00fcn hikayesinden bahsettik. \u0130lk kez Amerika'da, 19 Haziran 1910 y\u0131l\u0131nda...","robots":{"index":"index","follow":"follow","max-snippet":"max-snippet:-1","max-image-preview":"max-image-preview:large","max-video-preview":"max-video-preview:-1"},"canonical":"https:\/\/muhiku.com\/blog\/babalar-gunu-nasil-ortaya-cikti\/","og_locale":"tr_TR","og_type":"article","og_title":"Babalar G\u00fcn\u00fc Nas\u0131l Ortaya \u00c7\u0131kt\u0131? - Muhiku","og_description":"Babalar G\u00fcn\u00fc nas\u0131l ortaya \u00e7\u0131kt\u0131 diye merak edenler i\u00e7in Babalar G\u00fcn\u00fc'n\u00fcn hikayesinden bahsettik. \u0130lk kez Amerika'da, 19 Haziran 1910 y\u0131l\u0131nda...","og_url":"https:\/\/muhiku.com\/blog\/babalar-gunu-nasil-ortaya-cikti\/","og_site_name":"Muhiku","article_published_time":"2020-05-18T07:49:27+00:00","article_modified_time":"2024-06-13T10:40:02+00:00","og_image":[{"width":1024,"height":600,"url":"https:\/\/cdn.muhiku.com\/blog\/wp-content\/uploads\/2021\/05\/babalar-gunu-nasil-ortaya-cikti.jpg?x49301","type":"image\/jpeg"}],"author":"Dilara Yal\u00e7\u0131n","twitter_card":"summary_large_image","twitter_misc":{"Written by":"Dilara Yal\u00e7\u0131n","Est. reading time":"6 dakika"},"schema":{"@context":"https:\/\/schema.org","@graph":[{"@type":"Article","@id":"https:\/\/muhiku.com\/blog\/babalar-gunu-nasil-ortaya-cikti\/#article","isPartOf":{"@id":"https:\/\/muhiku.com\/blog\/babalar-gunu-nasil-ortaya-cikti\/"},"author":{"name":"Dilara Yal\u00e7\u0131n","@id":"https:\/\/muhiku.com\/blog\/#\/schema\/person\/0b50be1d52ee74306e1405ad86aac5d5","url":"https:\/\/muhiku.com\/blog\/"},"headline":"Babalar G\u00fcn\u00fc Nas\u0131l Ortaya \u00c7\u0131kt\u0131?","datePublished":"2020-05-18T07:49:27+00:00","dateModified":"2024-06-13T10:40:02+00:00","mainEntityOfPage":{"@id":"https:\/\/muhiku.com\/blog\/babalar-gunu-nasil-ortaya-cikti\/"},"wordCount":1225,"commentCount":0,"publisher":{"@id":"https:\/\/muhiku.com\/blog\/#organization"},"image":{"@id":"https:\/\/muhiku.com\/blog\/babalar-gunu-nasil-ortaya-cikti\/#primaryimage"},"thumbnailUrl":"https:\/\/muhiku.com\/blog\/wp-content\/uploads\/2021\/05\/babalar-gunu-nasil-ortaya-cikti.jpg","articleSection":["Babalar G\u00fcn\u00fc Hediyeleri","\u00d6zel G\u00fcnler"],"inLanguage":"tr","potentialAction":[{"@type":"CommentAction","name":"Comment","target":["https:\/\/muhiku.com\/blog\/babalar-gunu-nasil-ortaya-cikti\/#respond"]}]},{"@type":"WebPage","@id":"https:\/\/muhiku.com\/blog\/babalar-gunu-nasil-ortaya-cikti\/","url":"https:\/\/muhiku.com\/blog\/babalar-gunu-nasil-ortaya-cikti\/","name":"Babalar G\u00fcn\u00fc Nas\u0131l Ortaya \u00c7\u0131kt\u0131? - Muhiku","isPartOf":{"@id":"https:\/\/muhiku.com\/blog\/#website"},"primaryImageOfPage":{"@id":"https:\/\/muhiku.com\/blog\/babalar-gunu-nasil-ortaya-cikti\/#primaryimage"},"image":{"@id":"https:\/\/muhiku.com\/blog\/babalar-gunu-nasil-ortaya-cikti\/#primaryimage"},"thumbnailUrl":"https:\/\/muhiku.com\/blog\/wp-content\/uploads\/2021\/05\/babalar-gunu-nasil-ortaya-cikti.jpg","datePublished":"2020-05-18T07:49:27+00:00","dateModified":"2024-06-13T10:40:02+00:00","description":"Babalar G\u00fcn\u00fc nas\u0131l ortaya \u00e7\u0131kt\u0131 diye merak edenler i\u00e7in Babalar G\u00fcn\u00fc'n\u00fcn hikayesinden bahsettik. \u0130lk kez Amerika'da, 19 Haziran 1910 y\u0131l\u0131nda...","breadcrumb":{"@id":"https:\/\/muhiku.com\/blog\/babalar-gunu-nasil-ortaya-cikti\/#breadcrumb"},"inLanguage":"tr","potentialAction":[{"@type":"ReadAction","target":["https:\/\/muhiku.com\/blog\/babalar-gunu-nasil-ortaya-cikti\/"]}]},{"@type":"ImageObject","inLanguage":"tr","@id":"https:\/\/muhiku.com\/blog\/babalar-gunu-nasil-ortaya-cikti\/#primaryimage","url":"https:\/\/muhiku.com\/blog\/wp-content\/uploads\/2021\/05\/babalar-gunu-nasil-ortaya-cikti.jpg","contentUrl":"https:\/\/muhiku.com\/blog\/wp-content\/uploads\/2021\/05\/babalar-gunu-nasil-ortaya-cikti.jpg","width":1024,"height":600,"caption":"babalar-gunu-nasil-ortaya-cikti"},{"@type":"BreadcrumbList","@id":"https:\/\/muhiku.com\/blog\/babalar-gunu-nasil-ortaya-cikti\/#breadcrumb","itemListElement":[{"@type":"ListItem","position":1,"name":"Blog","item":"https:\/\/muhiku.com\/blog\/"},{"@type":"ListItem","position":2,"name":"Babalar G\u00fcn\u00fc Nas\u0131l Ortaya \u00c7\u0131kt\u0131?"}]},{"@type":"WebSite","@id":"https:\/\/muhiku.com\/blog\/#website","url":"https:\/\/muhiku.com\/blog\/","name":"Muhiku","description":"Yenilik\u00e7i Hediye Rehberi","publisher":{"@id":"https:\/\/muhiku.com\/blog\/#organization"},"inLanguage":"tr"},{"@type":"Organization","@id":"https:\/\/muhiku.com\/blog\/#organization","name":"Muhiku","url":"https:\/\/muhiku.com\/blog\/","logo":{"@type":"ImageObject","inLanguage":"tr","@id":"https:\/\/muhiku.com\/blog\/#\/schema\/logo\/image\/","url":"https:\/\/muhiku.com\/blog\/wp-content\/uploads\/2019\/04\/logo-kare-1.png","contentUrl":"https:\/\/muhiku.com\/blog\/wp-content\/uploads\/2019\/04\/logo-kare-1.png","width":1080,"height":1080,"caption":"Muhiku"},"image":{"@id":"https:\/\/muhiku.com\/blog\/#\/schema\/logo\/image\/"}},{"@type":"Person","@id":"https:\/\/muhiku.com\/blog\/#\/schema\/person\/0b50be1d52ee74306e1405ad86aac5d5","name":"Dilara Yal\u00e7\u0131n","image":{"@type":"ImageObject","inLanguage":"tr","@id":"https:\/\/muhiku.com\/blog\/#\/schema\/person\/image\/","url":"https:\/\/secure.gravatar.com\/avatar\/f6e97d59731e06ac22101ebcef389e69?s=96&d=mm&r=g","contentUrl":"https:\/\/secure.gravatar.com\/avatar\/f6e97d59731e06ac22101ebcef389e69?s=96&d=mm&r=g","caption":"Dilara Yal\u00e7\u0131n"}}]}},"_links":{"self":[{"href":"https:\/\/muhiku.com\/blog\/wp-json\/wp\/v2\/posts\/82238"}],"collection":[{"href":"https:\/\/muhiku.com\/blog\/wp-json\/wp\/v2\/posts"}],"about":[{"href":"https:\/\/muhiku.com\/blog\/wp-json\/wp\/v2\/types\/post"}],"author":[{"embeddable":true,"href":"https:\/\/muhiku.com\/blog\/wp-json\/wp\/v2\/users\/25"}],"replies":[{"embeddable":true,"href":"https:\/\/muhiku.com\/blog\/wp-json\/wp\/v2\/comments?post=82238"}],"version-history":[{"count":16,"href":"https:\/\/muhiku.com\/blog\/wp-json\/wp\/v2\/posts\/82238\/revisions"}],"predecessor-version":[{"id":97478,"href":"https:\/\/muhiku.com\/blog\/wp-json\/wp\/v2\/posts\/82238\/revisions\/97478"}],"wp:featuredmedia":[{"embeddable":true,"href":"https:\/\/muhiku.com\/blog\/wp-json\/wp\/v2\/media\/85833"}],"wp:attachment":[{"href":"https:\/\/muhiku.com\/blog\/wp-json\/wp\/v2\/media?parent=82238"}],"wp:term":[{"taxonomy":"category","embeddable":true,"href":"https:\/\/muhiku.com\/blog\/wp-json\/wp\/v2\/categories?post=82238"},{"taxonomy":"post_tag","embeddable":true,"href":"https:\/\/muhiku.com\/blog\/wp-json\/wp\/v2\/tags?post=82238"}],"curies":[{"name":"wp","href":"https:\/\/api.w.org\/{rel}","templated":true}]}}