{"id":80040,"date":"2019-09-02T08:19:25","date_gmt":"2019-09-02T08:19:25","guid":{"rendered":"https:\/\/muhiku.com\/blog\/?p=80040"},"modified":"2024-08-09T15:05:24","modified_gmt":"2024-08-09T12:05:24","slug":"sutlu-kahve-nasil-yapilir-sutlu-kahve-tarifi","status":"publish","type":"post","link":"https:\/\/muhiku.com\/blog\/sutlu-kahve-nasil-yapilir-sutlu-kahve-tarifi\/","title":{"rendered":"S\u00fctl\u00fc Kahve Nas\u0131l Yap\u0131l\u0131r? S\u00fctl\u00fc Kahve Tarifi"},"content":{"rendered":"<p><strong>S\u00fctl\u00fc kahve<\/strong>, kahvenin ve s\u00fct\u00fcn bulu\u015fmas\u0131yla ortaya \u00e7\u0131kan o e\u015fsiz lezzet. Peki, d\u0131\u015far\u0131da bir fincan s\u00fctl\u00fc kahveye para vermekten s\u0131k\u0131lmad\u0131n\u0131z m\u0131? Sizinle evde de en az d\u0131\u015far\u0131daki kadar lezzetli -bize sorarsan\u0131z d\u0131\u015far\u0131dakinden bile daha lezzetli- olan s\u00fctl\u00fc kahve tarifi payla\u015faca\u011f\u0131z. Hadi ba\u015flayal\u0131m!<\/p>\n<p><a href=\"https:\/\/muhiku.com\/yiyecek-icecek\/kahve\/\"><img  loading=\"lazy\"  decoding=\"async\"  class=\"alignnone wp-image-86632 size-medium pk-lazyload\"  src=\"data:image\/png;base64,iVBORw0KGgoAAAANSUhEUgAAAAEAAAABAQMAAAAl21bKAAAAA1BMVEUAAP+KeNJXAAAAAXRSTlMAQObYZgAAAAlwSFlzAAAOxAAADsQBlSsOGwAAAApJREFUCNdjYAAAAAIAAeIhvDMAAAAASUVORK5CYII=\"  alt=\"dunya-kahvelerini-kesfedin\"  width=\"800\"  height=\"450\"  data-pk-sizes=\"auto\"  data-ls-sizes=\"(max-width: 800px) 100vw, 800px\"  data-pk-src=\"https:\/\/muhiku.com\/blog\/wp-content\/uploads\/2021\/09\/dunya-kahvelerini-kesfedin-800x450.jpg\"  data-pk-srcset=\"https:\/\/muhiku.com\/blog\/wp-content\/uploads\/2021\/09\/dunya-kahvelerini-kesfedin-800x450.jpg 800w, https:\/\/muhiku.com\/blog\/wp-content\/uploads\/2021\/09\/dunya-kahvelerini-kesfedin-1160x653.jpg 1160w, https:\/\/muhiku.com\/blog\/wp-content\/uploads\/2021\/09\/dunya-kahvelerini-kesfedin-1536x864.jpg 1536w, https:\/\/muhiku.com\/blog\/wp-content\/uploads\/2021\/09\/dunya-kahvelerini-kesfedin-120x68.jpg 120w, https:\/\/muhiku.com\/blog\/wp-content\/uploads\/2021\/09\/dunya-kahvelerini-kesfedin-90x51.jpg 90w, https:\/\/muhiku.com\/blog\/wp-content\/uploads\/2021\/09\/dunya-kahvelerini-kesfedin-320x180.jpg 320w, https:\/\/muhiku.com\/blog\/wp-content\/uploads\/2021\/09\/dunya-kahvelerini-kesfedin-560x315.jpg 560w, https:\/\/muhiku.com\/blog\/wp-content\/uploads\/2021\/09\/dunya-kahvelerini-kesfedin.jpg 1920w\" ><\/a><\/p>\n<p>Kahve bug\u00fcn pek \u00e7ok \u00e7e\u015fidiyle sofralar\u0131m\u0131za, sohbetlerimize, yaln\u0131zl\u0131\u011f\u0131m\u0131za ve keyfimize ortak oluyor. Espresso ve espresso bazl\u0131 kahveler ve \u00fc\u00e7\u00fcnc\u00fc nesil kahve dalgas\u0131yla daha da tutkunu oldu\u011fumuz filtre kahve. Her birinden ald\u0131\u011f\u0131m\u0131z lezzet de aroma da bir ba\u015fka. Tabii gelece\u011fimizin vazge\u00e7ilmezi olan T\u00fcrk kahvesini de unutmayal\u0131m.<\/p>\n<p>T\u00fcrk kahvesi g\u00fcn\u00fcm\u00fczde insanlar i\u00e7in vazge\u00e7ilemez bir i\u00e7ecek haline gelmi\u015ftir. Kahve, \u015feker ve su gibi bilindik malzemeler ile yap\u0131l\u0131r. Ancak bunlar\u0131n d\u0131\u015f\u0131nda farkl\u0131 malzemeler kullan\u0131larak da haz\u0131rlanmaktad\u0131r. G\u00fcn\u00fcm\u00fcz d\u00fcnyas\u0131n\u0131n e\u015fsiz olanaklar\u0131 istenilen her \u015feye ula\u015f\u0131m kolayl\u0131\u011f\u0131 kahve \u00fczerinde se\u00e7eneklerin artmas\u0131nda etkili olmu\u015ftur.<\/p>\n<p>Bir\u00e7ok farkl\u0131 malzemenin T\u00fcrk kahvesinde kullan\u0131lma fikri T\u00fcrk kahvesinin lezzetini olduk\u00e7a zenginle\u015ftirmi\u015ftir. T\u00fcrk kahvesine yeni tatlar\u0131n eklenmesini sa\u011flam\u0131\u015ft\u0131r.<\/p>\n<p>Tar\u00e7\u0131ndan \u00e7ikolataya kakuleden vanilyaya kadar bir\u00e7ok malzeme T\u00fcrk kahvesi yap\u0131m\u0131nda kullan\u0131lmaya ba\u015flanm\u0131\u015ft\u0131r. S\u00fctl\u00fc Kahve ise bunlardan birisidir. S\u00fctl\u00fc kahve t\u00fcketmenin v\u00fccudumuz a\u00e7\u0131s\u0131ndan bir\u00e7ok faydas\u0131 vard\u0131r.<\/p>\n<p>O halde \u00f6nce s\u00fctl\u00fc kahve faydalar\u0131 nelermi\u015f bir bakal\u0131m. Daha sonra s\u00fctl\u00fc kahve tariflerimize ge\u00e7elim ve sizi bir fincan kahvenin lezzetiyle ba\u015f ba\u015fa b\u0131rakal\u0131m.<\/p>\n<h2 id=\"sutlu-filtre-kahve-ve-sutlu-turk-kahvesi-faydalari-nelerdir\"><strong>S\u00fctl\u00fc Filtre Kahve ve S\u00fctl\u00fc T\u00fcrk Kahvesi Faydalar\u0131 Nelerdir?<\/strong><\/h2>\n<p><img  loading=\"lazy\"  decoding=\"async\"  class=\"alignnone size-medium wp-image-87548 pk-lazyload\"  src=\"data:image\/png;base64,iVBORw0KGgoAAAANSUhEUgAAAAEAAAABAQMAAAAl21bKAAAAA1BMVEUAAP+KeNJXAAAAAXRSTlMAQObYZgAAAAlwSFlzAAAOxAAADsQBlSsOGwAAAApJREFUCNdjYAAAAAIAAeIhvDMAAAAASUVORK5CYII=\"  alt=\"sutlu-kahve-faydalari\"  width=\"800\"  height=\"469\"  data-pk-sizes=\"auto\"  data-ls-sizes=\"(max-width: 800px) 100vw, 800px\"  data-pk-src=\"https:\/\/muhiku.com\/blog\/wp-content\/uploads\/2022\/01\/sutlu-kahve-faydalari-800x469.jpg\"  data-pk-srcset=\"https:\/\/muhiku.com\/blog\/wp-content\/uploads\/2022\/01\/sutlu-kahve-faydalari-800x469.jpg 800w, https:\/\/muhiku.com\/blog\/wp-content\/uploads\/2022\/01\/sutlu-kahve-faydalari-120x70.jpg 120w, https:\/\/muhiku.com\/blog\/wp-content\/uploads\/2022\/01\/sutlu-kahve-faydalari-90x53.jpg 90w, https:\/\/muhiku.com\/blog\/wp-content\/uploads\/2022\/01\/sutlu-kahve-faydalari-320x188.jpg 320w, https:\/\/muhiku.com\/blog\/wp-content\/uploads\/2022\/01\/sutlu-kahve-faydalari-560x328.jpg 560w, https:\/\/muhiku.com\/blog\/wp-content\/uploads\/2022\/01\/sutlu-kahve-faydalari.jpg 1024w\" ><\/p>\n<ul>\n<li>Uykunuzun kalitesini art\u0131r\u0131r. G\u00fczel ve deliksiz bir uyku \u00e7ekmenizi sa\u011flar.<\/li>\n<li>\u0130\u00e7indeki Acety\u0131l Cartini(beynin ya\u015flanmas\u0131n\u0131 engelleyen madde) adl\u0131 madde sayesinde beynin ya\u015flanmas\u0131n\u0131 geciktirmektedir.<\/li>\n<li>D\u00fczenli t\u00fcketilen s\u00fct kaslar\u0131n g\u00fc\u00e7lenmesine faydal\u0131d\u0131r.<\/li>\n<li>D\u00fczenli t\u00fcketti\u011finiz s\u00fct ile kilonuzu dengede tutabilirsiniz. S\u00fct mideye ula\u015ft\u0131ktan sonra yiyecek olarak alg\u0131lan\u0131r. B\u00f6ylece beyne ula\u015fan \u201cdoydum\u201d sinyali ile s\u00fct diyetlerde tercih edilen bir besin olmaktad\u0131r. \u00c7o\u011fu diyette de s\u00fct ve s\u00fct \u00fcr\u00fcnleri \u00f6nerilmektedir.<\/li>\n<li><strong>S\u00fct i\u00e7mek kan\u0131n p\u0131ht\u0131la\u015fmas\u0131n\u0131 h\u0131zland\u0131r\u0131r.<\/strong> Herhangi bir yaralanma durumunda s\u00fct i\u00e7enlerde kan daha \u00e7abuk p\u0131ht\u0131la\u015fmaktad\u0131r.<\/li>\n<li>\u0130\u00e7erdi\u011fi A vitamini sayesinde g\u00f6rme yetene\u011fini korur ve katarakt riskini en aza indirir.<\/li>\n<li>\u0130\u00e7erdi\u011fi B vitamini sayesinde haf\u0131zay\u0131 ve sinir h\u00fccrelerini koruyucu etkisi vard\u0131r.<\/li>\n<li>Yap\u0131s\u0131nda olan C vitamini ile mide ve meme gibi kanser \u00e7e\u015fitlerine yakalanma riskini en aza indirir.<\/li>\n<li>Yap\u0131s\u0131ndaki D vitamini sayesinde kemik k\u0131r\u0131lmalar\u0131na kar\u015f\u0131 diren\u00e7 verir. Kolon, meme, yumurtal\u0131k kanserlerine kar\u015f\u0131 koruyucudur.<\/li>\n<li>\u0130\u00e7erdi\u011fi E vitamini sayesinde h\u00fccrelere zararl\u0131 maddeler ile sava\u015f\u0131r ve onlar\u0131 yok eder. <strong>Alzheimer\u2019a kar\u015f\u0131 koruyucudur.<\/strong><\/li>\n<li>Yap\u0131s\u0131ndaki K vitamini sayesinde kemikleri korur ve kan\u0131n p\u0131ht\u0131la\u015fmas\u0131n\u0131 sa\u011flar.<\/li>\n<li>V\u00fccuttaki yaral\u0131 h\u00fccreleri onar\u0131r ve g\u00fc\u00e7lendirir. Doku ve h\u00fccre olu\u015fumunun zeminini yapar ve h\u00fccre olu\u015fumunu h\u0131zland\u0131r\u0131r. B\u00f6ylece v\u00fccutta olu\u015fan yaralar\u0131n iyile\u015fme s\u00fcresi k\u0131sal\u0131r.<\/li>\n<li>D\u00fczenli t\u00fcketilen s\u00fct ile kanser hastal\u0131klar\u0131na kar\u015f\u0131 koruma sa\u011flan\u0131r.<\/li>\n<li>S\u00fct t\u00fcketimi ile \u00fclser b\u00fcy\u00fck \u00f6l\u00e7\u00fcde engellenir.<\/li>\n<li>S\u00fct sindirim sistemini d\u00fczenleyici etki verir. <strong>Sindirim problemi olanlar\u0131n s\u00fct t\u00fcketmeleri tavsiye edilir.<\/strong><\/li>\n<li>D\u00fczenli t\u00fcketilen s\u00fct \u00f6ks\u00fcr\u00fc\u011fe iyi gelir ve kronik bron\u015fiti engeller.<\/li>\n<\/ul>\n<h3 id=\"sut-icmek-tansiyona-faydalidir\"><strong>S\u00fct \u0130\u00e7mek Tansiyona Faydal\u0131d\u0131r<\/strong><\/h3>\n<ul>\n<li>S\u00fct i\u00e7mek tansiyon hastalar\u0131 i\u00e7in \u00f6nerilmektedir. \u00c7\u00fcnk\u00fc s\u00fct tansiyonun d\u00fc\u015fmesinde \u00f6nemli bir etki g\u00f6sterir.<\/li>\n<li>S\u00fct i\u00e7mek di\u015f \u00e7\u00fcr\u00fcmelerini engeller.<\/li>\n<li>T\u0131rnaklar\u0131n Sa\u011fl\u0131kl\u0131 uzamas\u0131 i\u00e7in olduk\u00e7a faydal\u0131d\u0131r.<\/li>\n<li>S\u00fct beynin ihtiya\u00e7 duydu\u011fu enerjiyi kar\u015f\u0131lar.<\/li>\n<li>Sa\u00e7lar\u0131n sa\u011fl\u0131kl\u0131 bir \u015fekilde b\u00fcy\u00fcmesine etki eder.<\/li>\n<li>S\u00fct mide rahats\u0131zl\u0131klar\u0131n\u0131 hafifletir.<\/li>\n<li>S\u00fct ishal s\u0131k\u0131nt\u0131s\u0131 olanlara fayda eder.<\/li>\n<li>Cilt y\u0131pranmas\u0131na ve cilt ya\u015flanmas\u0131na engel olur.<\/li>\n<li><strong>S\u00fct v\u00fccutta \u00f6dem toplanmas\u0131n\u0131 engeller.<\/strong><\/li>\n<li>Mikroplardan kaynakl\u0131 enfeksiyonlarda s\u00fct v\u00fccudun ihtiya\u00e7 duydu\u011fu direnci sa\u011flar.<\/li>\n<li>S\u00fct b\u00fcy\u00fcme ve geli\u015fmeye yard\u0131mc\u0131d\u0131r. V\u00fccuda g\u00fc\u00e7 verir. Kemikleri sa\u011flamla\u015ft\u0131r\u0131r. Kemik erimesini engelleyici etkisi vard\u0131r.<\/li>\n<li>B\u00fcnyesinde bar\u0131nd\u0131rd\u0131\u011f\u0131 A, B, C, D, E, K vitaminleri insan sa\u011fl\u0131\u011f\u0131 ve geli\u015fimi i\u00e7in hayati \u00f6nem ta\u015f\u0131maktad\u0131r.<\/li>\n<\/ul>\n<p>Ancak s\u00fctl\u00fc kahve haz\u0131rlarken kullaca\u011f\u0131n\u0131z s\u00fct \u00e7e\u015fidi son derece \u00f6nemli. \u00d6rne\u011fin inek s\u00fct\u00fcn\u00fcn faydalar\u0131 d\u0131\u015f\u0131nda birtak\u0131m zararlar\u0131 da bulunmaktad\u0131r. Merak edenler i\u00e7in:<\/p>\n<h3 id=\"inek-sutunun-vucuda-zararlari\"><strong>\u0130nek S\u00fct\u00fcn\u00fcn V\u00fccuda Zararlar\u0131<\/strong><\/h3>\n<p><img  loading=\"lazy\"  decoding=\"async\"  class=\"alignnone size-medium wp-image-87551 pk-lazyload\"  src=\"data:image\/png;base64,iVBORw0KGgoAAAANSUhEUgAAAAEAAAABAQMAAAAl21bKAAAAA1BMVEUAAP+KeNJXAAAAAXRSTlMAQObYZgAAAAlwSFlzAAAOxAAADsQBlSsOGwAAAApJREFUCNdjYAAAAAIAAeIhvDMAAAAASUVORK5CYII=\"  alt=\"sut\"  width=\"800\"  height=\"469\"  data-pk-sizes=\"auto\"  data-ls-sizes=\"(max-width: 800px) 100vw, 800px\"  data-pk-src=\"https:\/\/muhiku.com\/blog\/wp-content\/uploads\/2022\/01\/sut-800x469.jpg\"  data-pk-srcset=\"https:\/\/muhiku.com\/blog\/wp-content\/uploads\/2022\/01\/sut-800x469.jpg 800w, https:\/\/muhiku.com\/blog\/wp-content\/uploads\/2022\/01\/sut-120x70.jpg 120w, https:\/\/muhiku.com\/blog\/wp-content\/uploads\/2022\/01\/sut-90x53.jpg 90w, https:\/\/muhiku.com\/blog\/wp-content\/uploads\/2022\/01\/sut-320x188.jpg 320w, https:\/\/muhiku.com\/blog\/wp-content\/uploads\/2022\/01\/sut-560x328.jpg 560w, https:\/\/muhiku.com\/blog\/wp-content\/uploads\/2022\/01\/sut.jpg 1024w\" ><\/p>\n<ul>\n<li>Demir emilimini bozarak demir eksikli\u011fine neden olabilir. Bu da anemiyi ortaya \u00e7\u0131kar\u0131r. Alt\u0131 aydan daha k\u00fc\u00e7\u00fck \u00e7ocuklara inek s\u00fct\u00fc i\u00e7irmek i\u00e7erdi\u011fi proteinden \u00f6t\u00fcr\u00fc ba\u011f\u0131rsaklarda mikro kanamalara sebep olabilir.<\/li>\n<li>\u0130nek s\u00fct\u00fc ba\u011f\u0131rsaktaki emilimden g\u00f6revli mikrovilluslar\u0131 tahrip edebilir. Bu durum da ba\u011f\u0131rsaklar\u0131n g\u0131da emme i\u015fi zorla\u015f\u0131r.<\/li>\n<li><strong>\u0130nek s\u00fct\u00fc t\u00fcketen bir ya\u015f alt\u0131 \u00e7ocuklarda kemik zay\u0131fl\u0131\u011f\u0131 g\u00f6r\u00fclmektedir.<\/strong><\/li>\n<li>K\u00fc\u00e7\u00fck ya\u015flarda t\u00fcketilen s\u00fct kab\u0131zl\u0131\u011fa neden olmaktad\u0131r.<\/li>\n<li>K\u00fc\u00e7\u00fck \u00e7ocuklar iki ya\u015f\u0131na kadar s\u00fct ve s\u00fct proteininden uzak kalmal\u0131d\u0131r. Alerjik reaksiyon g\u00f6sterebilir. S\u00fct mayaland\u0131\u011f\u0131nda ise alerjik etkileri ortadan kalkar. Mayal\u0131 s\u00fctler kullan\u0131m a\u00e7\u0131s\u0131ndan zarars\u0131zd\u0131r.<\/li>\n<li>\u0130nek s\u00fct\u00fcn\u00fcn i\u00e7erdi\u011fi kalsiyum kemikleri g\u00fc\u00e7lendirmenin aksine kemik k\u0131r\u0131lmalar\u0131n\u0131 art\u0131rmaktad\u0131r. G\u00fcnde bir bardak i\u00e7enler ile g\u00fcnde \u00fc\u00e7 bardak i\u00e7enler kar\u015f\u0131la\u015ft\u0131r\u0131l\u0131rsa \u00e7ok \u00fc\u00e7 bardak s\u00fct i\u00e7enlerde kal\u00e7a k\u0131r\u0131lmalar\u0131 %60 daha fazla g\u00f6r\u00fclmektedir. Ayr\u0131ca kad\u0131nlarda kalp krizinden \u00f6lme ihtimlini %15, kanserden \u00f6lme ihtimalini ise %7 art\u0131rmaktad\u0131r. G\u00fcnde \u00fc\u00e7 bardaktan fazla s\u00fct i\u00e7enlerde, g\u00fcnde bir bardaktan az s\u00fct i\u00e7enlere g\u00f6re kanserden \u00f6lme riski %93 daha fazlad\u0131r.<\/li>\n<li>\u00c7ok fazla s\u00fct t\u00fcketen erkeklerde prostat kanserine yakalanma riski, \u00e7ok fazla s\u00fct i\u00e7en kad\u0131nlarda ise yumurtal\u0131k kanserine yakalanma ihtimalini art\u0131rmaktad\u0131r.<\/li>\n<\/ul>\n<h2 id=\"sutlu-kahve-yaparken-kullanacaginiz-sut-urunleri\">S\u00fctl\u00fc Kahve Yaparken Kullanaca\u011f\u0131n\u0131z S\u00fct \u00dcr\u00fcnleri<\/h2>\n<p>Kahveye eklenen s\u00fct\u00fcn \u00e7e\u015fitine g\u00f6re lezzette de\u011fi\u015fiklikler olabilece\u011fini biliyor muydunuz? Kullanaca\u011f\u0131n\u0131z s\u00fcte g\u00f6re kahvenizin tad\u0131 ve k\u0131vam\u0131 de\u011fi\u015fir.<span class=\"Apple-converted-space\">\u00a0<\/span><\/p>\n<p>\u0130\u015fte, s\u00fctl\u00fc kahve yaparken kullanca\u011f\u0131n\u0131z s\u00fct \u00fcr\u00fcnleri.<\/p>\n<h3 id=\"tam-yagli-sut\">Tam Ya\u011fl\u0131 S\u00fct<\/h3>\n<p>S\u00fctl\u00fc kahve yap\u0131m\u0131nda en \u00e7ok kullan\u0131lan s\u00fct \u00e7e\u015fitlerinden biri. Kahvenin daha kremams\u0131 bir k\u0131vama kavu\u015fmas\u0131n\u0131 sa\u011flar. Ayr\u0131ca i\u00e7ece\u011finizin aromas\u0131n\u0131 da yo\u011funla\u015ft\u0131r\u0131r.<\/p>\n<h3 id=\"yarim-yagli-sut\">Yar\u0131m Ya\u011fl\u0131 S\u00fct<\/h3>\n<p>Kahvenizin daha hafif olmas\u0131n\u0131 istiyorsan\u0131z yar\u0131m ya\u011fl\u0131 s\u00fct kullanabilirsiniz. Bu s\u00fct\u00fcn kalorisi da daha d\u00fc\u015f\u00fckt\u00fcr. Ayr\u0131ca kahvenizin daha lezzetli olmas\u0131n\u0131 sa\u011flar.<\/p>\n<h3 id=\"yagsiz-sut\">Ya\u011fs\u0131z S\u00fct<\/h3>\n<p>E\u011fer diyet yap\u0131yorsan\u0131z light yani ya\u011fs\u0131z s\u00fct tercih edebilirsiniz. Kahvenin k\u0131vam\u0131nda tam ve yar\u0131m ya\u011fl\u0131 s\u00fct kadar krema olu\u015fturmaz. Ancak kahvenin aromas\u0131n\u0131 yumu\u015fat\u0131r ve lezzet katar.<\/p>\n<h3 id=\"laktozsuz-sut\">Laktozsuz S\u00fct<\/h3>\n<p>E\u011fer laktoz hassasiyetiniz varsa se\u00e7iminizi laktozsuz s\u00fctten yana kullanabilirsiniz. B\u00f6ylece kahve keyfinin eziyete d\u00f6n\u00fc\u015fmesine engel olursunuz. \u00c7\u00fcnk\u00fc herhangi bir sindirim sorunu ve \u015fi\u015fkinlik ya\u015faman\u0131z\u0131n \u00f6n\u00fcne ge\u00e7er.<\/p>\n<h3 id=\"bitkisel-sut\">Bitkisel S\u00fct<\/h3>\n<p>Geleneksel s\u00fct \u00fcr\u00fcnlerinin d\u0131\u015f\u0131nda farkl\u0131 tatlar t\u00fcketmek istiyorsan\u0131z ya da vegansan\u0131z bitkisel s\u00fct tercih edebilirsiniz. Badem, soya, Hindistan cevizi ya da yulaf s\u00fct\u00fcyle kahvenizi haz\u0131rlayabilirsiniz.<\/p>\n<h2 id=\"sutlu-kahve-cesitleri-ve-tarifleri\"><strong>S\u00fctl\u00fc Kahve \u00c7e\u015fitleri ve Tarifleri<\/strong><\/h2>\n<p><img  loading=\"lazy\"  decoding=\"async\"  class=\"alignnone size-medium wp-image-87547 pk-lazyload\"  src=\"data:image\/png;base64,iVBORw0KGgoAAAANSUhEUgAAAAEAAAABAQMAAAAl21bKAAAAA1BMVEUAAP+KeNJXAAAAAXRSTlMAQObYZgAAAAlwSFlzAAAOxAAADsQBlSsOGwAAAApJREFUCNdjYAAAAAIAAeIhvDMAAAAASUVORK5CYII=\"  alt=\"sutlu-kahve-cesitleri-ve-tarifleri\"  width=\"800\"  height=\"469\"  data-pk-sizes=\"auto\"  data-ls-sizes=\"(max-width: 800px) 100vw, 800px\"  data-pk-src=\"https:\/\/muhiku.com\/blog\/wp-content\/uploads\/2022\/01\/sutlu-kahve-cesitleri-ve-tarifleri-800x469.jpg\"  data-pk-srcset=\"https:\/\/muhiku.com\/blog\/wp-content\/uploads\/2022\/01\/sutlu-kahve-cesitleri-ve-tarifleri-800x469.jpg 800w, https:\/\/muhiku.com\/blog\/wp-content\/uploads\/2022\/01\/sutlu-kahve-cesitleri-ve-tarifleri-120x70.jpg 120w, https:\/\/muhiku.com\/blog\/wp-content\/uploads\/2022\/01\/sutlu-kahve-cesitleri-ve-tarifleri-90x53.jpg 90w, https:\/\/muhiku.com\/blog\/wp-content\/uploads\/2022\/01\/sutlu-kahve-cesitleri-ve-tarifleri-320x188.jpg 320w, https:\/\/muhiku.com\/blog\/wp-content\/uploads\/2022\/01\/sutlu-kahve-cesitleri-ve-tarifleri-560x328.jpg 560w, https:\/\/muhiku.com\/blog\/wp-content\/uploads\/2022\/01\/sutlu-kahve-cesitleri-ve-tarifleri.jpg 1024w\" ><\/p>\n<p>Gelelim s\u00fctl\u00fc kahve tarifleri k\u0131sm\u0131na. Ama \u00f6ncesinde formunu korumak isteyen okurlar\u0131m\u0131za k\u00fc\u00e7\u00fck bir hat\u0131rlatma yapmak isteriz. S\u00fctl\u00fc kahve kalori a\u00e7\u0131s\u0131ndan sizi korkutmas\u0131n. \u00c7\u00fcnk\u00fc s\u00fctl\u00fc kahvenin kalorisi olduk\u00e7a az.<\/p>\n<p>Tabii ekleyece\u011finiz s\u00fct\u00fcn \u00e7e\u015fidine ve miktar\u0131na g\u00f6re bu de\u011fi\u015fecektir. Ancak az miktarda yar\u0131m ya\u011fl\u0131 ya da ya\u011fs\u0131z s\u00fct ekleyerek s\u00fctl\u00fc kahvenin kalorisini azaltabilirsiniz.<\/p>\n<h3 id=\"sutlu-kahve-hazirlamanin-puf-noktalari\">S\u00fctl\u00fc Kahve Haz\u0131rlaman\u0131n P\u00fcf Noktalar\u0131<\/h3>\n<p>S\u00fctl\u00fc kahve, yumu\u015fak ve hafif bir lezzet sevenlerin vazge\u00e7ilmezi. Ancak bir fincan s\u00fctl\u00fc kahve haz\u0131rlarken dikkat etmeniz gereken birka\u00e7 k\u00fc\u00e7\u00fck nokta var.<span class=\"Apple-converted-space\">\u00a0<\/span><\/p>\n<p>Sizin i\u00e7in haz\u0131rlad\u0131\u011f\u0131m\u0131 p\u00fcf noktalar kahvenizin daha lezzetli olmas\u0131n\u0131 sa\u011flarken lezzetine de lezzet katacak.<\/p>\n<h4 id=\"kaliteli-kahve-secimi\">Kaliteli Kahve Se\u00e7imi<\/h4>\n<p><img  loading=\"lazy\"  decoding=\"async\"  class=\"alignnone size-medium wp-image-84529 pk-lazyload\"  src=\"data:image\/png;base64,iVBORw0KGgoAAAANSUhEUgAAAAEAAAABAQMAAAAl21bKAAAAA1BMVEUAAP+KeNJXAAAAAXRSTlMAQObYZgAAAAlwSFlzAAAOxAAADsQBlSsOGwAAAApJREFUCNdjYAAAAAIAAeIhvDMAAAAASUVORK5CYII=\"  alt=\"dunya-kahveleri\"  width=\"800\"  height=\"469\"  data-pk-sizes=\"auto\"  data-ls-sizes=\"(max-width: 800px) 100vw, 800px\"  data-pk-src=\"https:\/\/cdn.muhiku.com\/blog\/wp-content\/uploads\/2021\/01\/asciya-ozel-hediye-800x469.jpg\"  data-pk-srcset=\"https:\/\/muhiku.com\/blog\/wp-content\/uploads\/2021\/01\/asciya-ozel-hediye-800x469.jpg 800w, https:\/\/muhiku.com\/blog\/wp-content\/uploads\/2021\/01\/asciya-ozel-hediye-120x70.jpg 120w, https:\/\/muhiku.com\/blog\/wp-content\/uploads\/2021\/01\/asciya-ozel-hediye-90x53.jpg 90w, https:\/\/muhiku.com\/blog\/wp-content\/uploads\/2021\/01\/asciya-ozel-hediye-320x188.jpg 320w, https:\/\/muhiku.com\/blog\/wp-content\/uploads\/2021\/01\/asciya-ozel-hediye-560x328.jpg 560w, https:\/\/muhiku.com\/blog\/wp-content\/uploads\/2021\/01\/asciya-ozel-hediye.jpg 1024w\" ><\/p>\n<p>Kahvenizin lezzetini belirleyecek olan en \u00f6nemli nokta kaliteli \u00e7ekirdek se\u00e7imi. Alaca\u011f\u0131n\u0131z kahvenin \u00e7ekirde\u011fi ne kadar kaliteli olursa i\u00e7ece\u011finiz o kadar lezzetli olur.<\/p>\n<p>\u00d6\u011f\u00fct\u00fclm\u00fc\u015f ya da \u00e7ekirdek kahve tercih edebilirsiniz. Ancak kahvenin taze olmas\u0131na ve \u00e7ekirdek kalitesine dikkat etmelisiniz.<\/p>\n<h4 id=\"sut-tazeligi\">S\u00fct Tazeli\u011fi<\/h4>\n<p>Kullanaca\u011f\u0131n\u0131z s\u00fct\u00fcn tazeli\u011fi kahvenizin lezzetini etkileyecek di\u011fer bir kriter. M\u00fcmk\u00fcnse organik ya da taze s\u00fct tercih etmenizde fayda var.<span class=\"Apple-converted-space\">\u00a0<\/span><\/p>\n<h4 id=\"sut-isisi\">S\u00fct Is\u0131s\u0131<\/h4>\n<p>Kahveye ekleyece\u011finiz kaynamamal\u0131 hatta \u00e7ok s\u0131cak da olmamal\u0131. S\u00fctl\u00fc kahve yaparken kullan\u0131lacak ideal s\u00fct \u0131s\u0131s\u0131 60-70\u00b0C\u2019dir. Bu kahvenizin \u00fczerinde tabaka olu\u015fmas\u0131n\u0131n \u00f6n\u00fcne ge\u00e7er ve s\u00fct kahveyle daha iyi b\u00fct\u00fcnle\u015fir.<span class=\"Apple-converted-space\">\u00a0<\/span><\/p>\n<p>Ayr\u0131ca s\u00fct\u00fc k\u00f6p\u00fcrtmek istiyorsan\u0131z bu s\u0131cakl\u0131k en idealidir. \u00c7\u00fcnk\u00fc a\u015f\u0131r\u0131 s\u0131cak s\u00fctle krema k\u0131vam\u0131 olu\u015fturmak son derece zor.<\/p>\n<h4 id=\"kahve-ve-sut-orani\">Kahve ve S\u00fct Oran\u0131<\/h4>\n<p>Herkesin damak tad\u0131 farkl\u0131 olabilir. Ancak s\u00fctl\u00fc kahve haz\u0131rlarken yapaca\u011f\u0131n\u0131z kahve \u00e7e\u015fidine g\u00f6re koyaca\u011f\u0131n\u0131z s\u00fct miktar\u0131 de\u011fi\u015fiklik g\u00f6sterir. Bu sebeple kahve ve s\u00fct oranlar\u0131na da dikkat etmeniz kahvenin daha lezzetli olmas\u0131n\u0131 sa\u011flar.<\/p>\n<h3 id=\"sutlu-kahve-tarifleri\">S\u00fctl\u00fc Kahve Tarifleri<\/h3>\n<p><img  loading=\"lazy\"  decoding=\"async\"  class=\"alignnone size-medium wp-image-87434 pk-lazyload\"  src=\"data:image\/png;base64,iVBORw0KGgoAAAANSUhEUgAAAAEAAAABAQMAAAAl21bKAAAAA1BMVEUAAP+KeNJXAAAAAXRSTlMAQObYZgAAAAlwSFlzAAAOxAAADsQBlSsOGwAAAApJREFUCNdjYAAAAAIAAeIhvDMAAAAASUVORK5CYII=\"  alt=\"sumatra-kahvesi\"  width=\"800\"  height=\"471\"  data-pk-sizes=\"auto\"  data-ls-sizes=\"(max-width: 800px) 100vw, 800px\"  data-pk-src=\"https:\/\/cdn.muhiku.com\/blog\/wp-content\/uploads\/2021\/12\/sumatra-kahvesi-800x471.jpg\"  data-pk-srcset=\"https:\/\/muhiku.com\/blog\/wp-content\/uploads\/2021\/12\/sumatra-kahvesi-800x471.jpg 800w, https:\/\/muhiku.com\/blog\/wp-content\/uploads\/2021\/12\/sumatra-kahvesi-1160x682.jpg 1160w, https:\/\/muhiku.com\/blog\/wp-content\/uploads\/2021\/12\/sumatra-kahvesi-1536x904.jpg 1536w, https:\/\/muhiku.com\/blog\/wp-content\/uploads\/2021\/12\/sumatra-kahvesi-120x71.jpg 120w, https:\/\/muhiku.com\/blog\/wp-content\/uploads\/2021\/12\/sumatra-kahvesi-90x53.jpg 90w, https:\/\/muhiku.com\/blog\/wp-content\/uploads\/2021\/12\/sumatra-kahvesi-320x188.jpg 320w, https:\/\/muhiku.com\/blog\/wp-content\/uploads\/2021\/12\/sumatra-kahvesi-560x329.jpg 560w, https:\/\/muhiku.com\/blog\/wp-content\/uploads\/2021\/12\/sumatra-kahvesi.jpg 1700w\" ><\/p>\n<p>Evinizde s\u00fctl\u00fc kahve yapman\u0131n p\u00fcf noktalar\u0131n\u0131 anlatt\u0131\u011f\u0131m\u0131za g\u00f6re \u015fimdi lezzetli tariflere ge\u00e7ebiliriz. \u0130\u015fte, kolayl\u0131kla haz\u0131rlayabilece\u011finiz s\u00fctl\u00fc kahve tarifleri.<\/p>\n<h4 id=\"kopuklu-sutlu-filtre-kahve-tarifi\">K\u00f6p\u00fckl\u00fc S\u00fctl\u00fc Filtre Kahve Tarifi<\/h4>\n<p>Evinizde en az d\u0131\u015far\u0131daki kadar lezzetli bir fincan s\u00fctl\u00fc filtre kahve haz\u0131rlamak istiyorsan\u0131z ihtiyac\u0131n\u0131z olan ilk \u015fey nitelikli kahve \u00e7e\u015fitleri. \u00c7\u00fcnk\u00fc kulland\u0131\u011f\u0131n\u0131z filtre kahvenin \u00e7ekirde\u011fi ne kadar kaliteli olursa ve kahve ne kadar taze olursa haz\u0131rlad\u0131\u011f\u0131n\u0131z tarif de o kadar lezzetli olacakt\u0131r.<\/p>\n<p>D\u00fcnya Kahveleri Kutusu ile her g\u00fcn ba\u015fka bir lezzet deneyimlemek ister misiniz? Be\u015f farkl\u0131 \u00fclkeden se\u00e7ilen be\u015f farkl\u0131 filtre kahve \u00e7e\u015fidi D\u00fcnya Kahveleri Kutusu&#8217;nda! D\u00fcnya Kahveleri Kutusu&#8217;nda yer alan nitelikli kahve \u00e7e\u015fitleri lezzetli bir fincan s\u00fctl\u00fc kahve haz\u0131rlayabilirsiniz.<\/p>\n<p><strong>S\u00fctl\u00fc filtre kahve haz\u0131rlamak i\u00e7in ihtiyac\u0131n\u0131z olan malzemeler;<\/strong><\/p>\n<ul>\n<li>15 gram nitelikli filtre kahve,<\/li>\n<li>Bir \u00e7ay barda\u011f\u0131 s\u00fct,<\/li>\n<li>French press,<\/li>\n<li>Cezve,<\/li>\n<li>Son olarak iste\u011fe ba\u011fl\u0131 \u015feker.<\/li>\n<\/ul>\n<p><strong>Haz\u0131rlan\u0131\u015f\u0131:<\/strong><\/p>\n<ul>\n<li>250 ml i\u00e7me suyunu 95\u00b0&#8217;ye ula\u015f\u0131ncaya dek \u0131s\u0131t\u0131n. (Kaynam\u0131\u015f i\u00e7me suyunu a\u011fz\u0131 a\u00e7\u0131k bir \u015fekilde 3 &#8211; 5 dakika bekleterek a\u015fa\u011f\u0131 yukar\u0131 bu s\u0131cakl\u0131\u011f\u0131 elde edebilirsiniz.)<\/li>\n<li>Is\u0131tt\u0131\u011f\u0131n\u0131z i\u00e7me suyuyla \u00f6nce French pressi \u00e7alkalay\u0131n.<\/li>\n<li>Daha sonra 15 gram filtre kahveyi French pressin i\u00e7ine koyun ve \u00fczerinde 30 ml s\u0131cak su ilave edip kar\u0131\u015ft\u0131r\u0131n.<\/li>\n<li>30 saniye bekledikten sonra kalan suyu da kahveye ekleyip filtre kahveyi demlenmeye b\u0131rak\u0131n.<\/li>\n<li>Kahve demlenirken bir cezvenin i\u00e7inde s\u00fct\u00fc \u0131s\u0131t\u0131n. Ancak s\u00fct \u00e7ok \u0131s\u0131nmas\u0131n. Parma\u011f\u0131n\u0131z\u0131 de\u011fdirebilecek s\u0131cakl\u0131kta olmas\u0131 yeterli.<\/li>\n<li>Demlenen kahveyi s\u00fcz\u00fcp kupaya ya da barda\u011fa al\u0131n.<\/li>\n<li>French pressi sudan ge\u00e7irin ve i\u00e7ine \u0131s\u0131tt\u0131\u011f\u0131n\u0131z s\u00fct\u00fc koyun.<\/li>\n<li>French pressin s\u00fczge\u00e7 k\u0131sm\u0131n\u0131 a\u015fa\u011f\u0131 yukar\u0131 h\u0131zl\u0131ca hareket ettirerek s\u00fct\u00fc k\u00f6p\u00fcrt\u00fcn.<\/li>\n<li>En son ad\u0131mda k\u00f6p\u00fcrtt\u00fc\u011f\u00fcn\u00fcz s\u00fct\u00fc kahveye ilave edin ve servis edin.<\/li>\n<\/ul>\n<p>Afiyet olsun!<\/p>\n<h4 id=\"sutlu-turk-kahvesi-tarifi\">S\u00fctl\u00fc T\u00fcrk Kahvesi Tarifi<\/h4>\n<p><img  loading=\"lazy\"  decoding=\"async\"  class=\"alignnone size-medium wp-image-87550 pk-lazyload\"  src=\"data:image\/png;base64,iVBORw0KGgoAAAANSUhEUgAAAAEAAAABAQMAAAAl21bKAAAAA1BMVEUAAP+KeNJXAAAAAXRSTlMAQObYZgAAAAlwSFlzAAAOxAAADsQBlSsOGwAAAApJREFUCNdjYAAAAAIAAeIhvDMAAAAASUVORK5CYII=\"  alt=\"sutlu-turk-kahvesi-tarifi\"  width=\"800\"  height=\"469\"  data-pk-sizes=\"auto\"  data-ls-sizes=\"(max-width: 800px) 100vw, 800px\"  data-pk-src=\"https:\/\/muhiku.com\/blog\/wp-content\/uploads\/2022\/01\/sutlu-turk-kahvesi-tarifi-800x469.jpg\"  data-pk-srcset=\"https:\/\/muhiku.com\/blog\/wp-content\/uploads\/2022\/01\/sutlu-turk-kahvesi-tarifi-800x469.jpg 800w, https:\/\/muhiku.com\/blog\/wp-content\/uploads\/2022\/01\/sutlu-turk-kahvesi-tarifi-120x70.jpg 120w, https:\/\/muhiku.com\/blog\/wp-content\/uploads\/2022\/01\/sutlu-turk-kahvesi-tarifi-90x53.jpg 90w, https:\/\/muhiku.com\/blog\/wp-content\/uploads\/2022\/01\/sutlu-turk-kahvesi-tarifi-320x188.jpg 320w, https:\/\/muhiku.com\/blog\/wp-content\/uploads\/2022\/01\/sutlu-turk-kahvesi-tarifi-560x328.jpg 560w, https:\/\/muhiku.com\/blog\/wp-content\/uploads\/2022\/01\/sutlu-turk-kahvesi-tarifi.jpg 1024w\" ><\/p>\n<p>Geleneksel T\u00fcrk kahvesinin aromas\u0131na yumu\u015fak bir dokunu\u015f yapmaya haz\u0131r olun! Sizin i\u00e7in harika bir tarifle geldik.<\/p>\n<h5 id=\"cezvede-sutlu-turk-kahvesi-nasil-yapilir\">Cezvede S\u00fctl\u00fc T\u00fcrk Kahvesi Nas\u0131l Yap\u0131l\u0131r?<\/h5>\n<p>\u00c7\u00fcnk\u00fc sizinle lezzetli mi lezzetli bir s\u00fctl\u00fc T\u00fcrk kahvesi tarifi payla\u015faca\u011f\u0131z. \u00d6zellikle T\u00fcrk kahvesini ac\u0131 olmas\u0131 sebebiyle i\u00e7emeyenler bu tarife bay\u0131lacaklar.<\/p>\n<p>Yumu\u015fak aromalardan ho\u015flan\u0131yorsan\u0131z damla sak\u0131zl\u0131 T\u00fcrk kahvesi tarifi de ilginizi \u00e7ekebilir.<\/p>\n<p><strong>S\u00fctl\u00fc T\u00fcrk kahvesi haz\u0131rlamak i\u00e7in ihtiyac\u0131n\u0131z olan malzemeler;<\/strong><\/p>\n<ul>\n<li>\u0130ki fincan <strong>s\u00fct<\/strong>(kullanaca\u011f\u0131n\u0131z fincanlara g\u00f6re)<\/li>\n<li>\u0130ki tatl\u0131 ka\u015f\u0131\u011f\u0131 <strong>kuru kahve<\/strong><\/li>\n<li>Son olarak iki tatl\u0131 ka\u015f\u0131\u011f\u0131 <strong>toz \u015feker<\/strong>(Orta \u015fekerli kahve yapacaksan\u0131z her bir fincan i\u00e7in yar\u0131m tatl\u0131 ka\u015f\u0131\u011f\u0131 \u015feker yeterli olacakt\u0131r. \u015eekersiz t\u00fcketecekseniz \u015feker kullanmay\u0131n)<\/li>\n<\/ul>\n<p><strong>Haz\u0131rlan\u0131\u015f\u0131;<\/strong><\/p>\n<ul>\n<li>Tarif iki ki\u015finin t\u00fcketimi i\u00e7in uygundur.<\/li>\n<li>\u0130ki fincan s\u00fct\u00fc bir cezveye bo\u015falt\u0131n ve cezveyi oca\u011fa koyun.<\/li>\n<li>Daha sonra \u00fczerine kahve ve \u015feker ekleyin ve bir kere kar\u0131\u015ft\u0131r\u0131n.(\u015eeker iste\u011fe ba\u011fl\u0131)<\/li>\n<li>Oca\u011f\u0131n alt\u0131n\u0131 k\u0131s\u0131k seviyede olmas\u0131na dikkat edin.<\/li>\n<li>K\u0131s\u0131k ate\u015fte k\u00f6p\u00fcklerin olu\u015fmas\u0131n\u0131 bekleyin. <strong>S\u00fctl\u00fc kahvenizin k\u00f6p\u00fcklerini olu\u015funca fincanlara payla\u015ft\u0131r\u0131n. <\/strong><\/li>\n<li>S\u00fctl\u00fc kahve hafif kaynamaya ba\u015flay\u0131nca fincanlar\u0131n yar\u0131s\u0131n\u0131 doldurun.<\/li>\n<li>Sonra s\u00fctl\u00fc kahve bir ta\u015f\u0131m kaynat\u0131l\u0131p fincanlara doldurulur.<\/li>\n<li>Yan\u0131nda su ile servis edin. Ayr\u0131ca lokum ve \u00e7ikolatalar ile de servis yapabilirsiniz.<\/li>\n<\/ul>\n<p>Afiyet olsun!<\/p>\n<h5 id=\"sutlu-turk-kahvesi-kalori\">S\u00fctl\u00fc T\u00fcrk Kahvesi Kalori<\/h5>\n<p>S\u00fctl\u00fc T\u00fcrk kahvesinin kalorisi i\u00e7ine ekleyece\u011finiz s\u00fct\u00fcn miktar\u0131na ve ya\u011f oran\u0131na g\u00f6re farkl\u0131l\u0131k g\u00f6sterir. Ayr\u0131ca s\u00fct \u00e7e\u015fidi de kalorinin de\u011fi\u015fmesine sebep olacakt\u0131r.<\/p>\n<p>\u00d6rnek vermek gerekirse bir fincan tam ya\u011fl\u0131 \u00fcst ile haz\u0131rlanm\u0131\u015f kahvenin kalorisi, bir fincan yar\u0131m ya\u011fl\u0131 s\u00fctle haz\u0131rlanm\u0131\u015f kahveye nazaran daha fazlad\u0131r.<\/p>\n<h4 id=\"moka-pot-ile-sutlu-kahve-tarifi\">Moka Pot ile S\u00fctl\u00fc Kahve Tarifi<\/h4>\n<p><img  loading=\"lazy\"  decoding=\"async\"  class=\"alignnone size-medium wp-image-87396 pk-lazyload\"  src=\"data:image\/png;base64,iVBORw0KGgoAAAANSUhEUgAAAAEAAAABAQMAAAAl21bKAAAAA1BMVEUAAP+KeNJXAAAAAXRSTlMAQObYZgAAAAlwSFlzAAAOxAAADsQBlSsOGwAAAApJREFUCNdjYAAAAAIAAeIhvDMAAAAASUVORK5CYII=\"  alt=\"moka-pot-ile-kahve-demleme-yontemi\"  width=\"800\"  height=\"469\"  data-pk-sizes=\"auto\"  data-ls-sizes=\"(max-width: 800px) 100vw, 800px\"  data-pk-src=\"https:\/\/cdn.muhiku.com\/blog\/wp-content\/uploads\/2021\/12\/moka-pot-ile-kahve-demleme-yontemi-800x469.jpg\"  data-pk-srcset=\"https:\/\/muhiku.com\/blog\/wp-content\/uploads\/2021\/12\/moka-pot-ile-kahve-demleme-yontemi-800x469.jpg 800w, https:\/\/muhiku.com\/blog\/wp-content\/uploads\/2021\/12\/moka-pot-ile-kahve-demleme-yontemi-120x70.jpg 120w, https:\/\/muhiku.com\/blog\/wp-content\/uploads\/2021\/12\/moka-pot-ile-kahve-demleme-yontemi-90x53.jpg 90w, https:\/\/muhiku.com\/blog\/wp-content\/uploads\/2021\/12\/moka-pot-ile-kahve-demleme-yontemi-320x188.jpg 320w, https:\/\/muhiku.com\/blog\/wp-content\/uploads\/2021\/12\/moka-pot-ile-kahve-demleme-yontemi-560x328.jpg 560w, https:\/\/muhiku.com\/blog\/wp-content\/uploads\/2021\/12\/moka-pot-ile-kahve-demleme-yontemi.jpg 1024w\" ><\/p>\n<p>Evde moka pot ile nefis bir fincan kahve haz\u0131rlayabilirsiniz. Moka pot bir espresso kahve demleme arac\u0131d\u0131r. Dolay\u0131s\u0131yla bu ekipman yard\u0131m\u0131yla latte yapm\u0131\u015f olacaks\u0131n\u0131z.<\/p>\n<p><strong>Kullanaca\u011f\u0131n\u0131z Malzemeler:<\/strong><\/p>\n<ul>\n<li>1-2 yemek ka\u015f\u0131\u011f\u0131 taze kahve \u00e7ekirdekleri<\/li>\n<li>Su<\/li>\n<li>1\/2 su barda\u011f\u0131 s\u00fct<\/li>\n<li>\u015eeker (iste\u011fe ba\u011fl\u0131)<\/li>\n<\/ul>\n<p><strong>Yap\u0131l\u0131\u015f\u0131:<\/strong><\/p>\n<ul>\n<li>Moka potun alt k\u0131sm\u0131na su ekleyin. Ancak, su seviyesini, moka potun alt k\u0131sm\u0131ndaki emniyet valfinin alt\u0131nda kalmayacak \u015fekilde doldurun.<\/li>\n<li>Moka potun orta b\u00f6l\u00fcm\u00fcne taze kahveyi koyun. Kahveyi bast\u0131rmadan hafif\u00e7e \u00fcstten d\u00fczeltin.<\/li>\n<li>\u00dcst b\u00f6l\u00fcme moka potun \u00fczerini kapat\u0131n ve oca\u011f\u0131n \u00fczerine yerle\u015ftirin. Orta ate\u015fte demlemeye b\u0131rak\u0131n.<\/li>\n<li>Bu arada, bir sos tenceresinde s\u00fct\u00fc \u0131s\u0131t\u0131n. Kaynamas\u0131na yak\u0131n s\u0131cakl\u0131\u011fa getirin, ancak kaynamas\u0131na izin vermeyin.<\/li>\n<li>Moka potun \u00fcst k\u0131sm\u0131ndan gelen kahveyi bir fincana al\u0131n.<\/li>\n<li>Is\u0131nm\u0131\u015f s\u00fct\u00fc ekleyin. \u015eeker eklemek istiyorsan\u0131z, \u015feker miktar\u0131n\u0131 damak zevkinize g\u00f6re ayarlayabilirsiniz.<\/li>\n<li>\u0130ste\u011fe ba\u011fl\u0131 olarak \u00fczerine tar\u00e7\u0131n veya kakao serperek s\u00fcsleyebilirsiniz.<\/li>\n<\/ul>\n<p>Afiyet olsun!<\/p>\n<h4 id=\"sutlu-soguk-kahve-tarifi\">S\u00fctl\u00fc So\u011fuk Kahve Tarifi<\/h4>\n<p><img  loading=\"lazy\"  decoding=\"async\"  class=\"alignnone size-medium wp-image-82550 pk-lazyload\"  src=\"data:image\/png;base64,iVBORw0KGgoAAAANSUhEUgAAAAEAAAABAQMAAAAl21bKAAAAA1BMVEUAAP+KeNJXAAAAAXRSTlMAQObYZgAAAAlwSFlzAAAOxAAADsQBlSsOGwAAAApJREFUCNdjYAAAAAIAAeIhvDMAAAAASUVORK5CYII=\"  alt=\"soguk-kahve-yap\u0131m\u0131-hakk\u0131nda-her-sey\"  width=\"800\"  height=\"469\"  data-pk-sizes=\"auto\"  data-pk-src=\"https:\/\/cdn.muhiku.com\/blog\/wp-content\/uploads\/2020\/06\/soguk-kahve-yap\u0131m\u0131-hakk\u0131nda-her-sey-800x469.jpg\" ><\/p>\n<p>Yaz k\u0131\u015f so\u011fuk kahveden vazge\u00e7emeyenler i\u00e7in nefis bir tarifimiz var. \u0130\u015fte evde so\u011fuk s\u00fctl\u00fc kahve yapmak i\u00e7in ihtiyac\u0131n\u0131z olanlar ve bilmeniz gerekenler.<\/p>\n<p><strong>Kullan\u0131lacak Malzemeler:<\/strong><\/p>\n<ul>\n<li>2 su barda\u011f\u0131 taze demlenmi\u015f kahve (tercihen daha yo\u011fun ve g\u00fc\u00e7l\u00fc bir kahve)<\/li>\n<li>1 su barda\u011f\u0131 s\u00fct (iste\u011fe ba\u011fl\u0131 olarak tam ya\u011fl\u0131, yar\u0131m ya\u011fl\u0131 veya bitkisel s\u00fct)<\/li>\n<li>2-3 yemek ka\u015f\u0131\u011f\u0131 \u015feker (iste\u011fe ba\u011fl\u0131, miktar\u0131 damak zevkinize ba\u011fl\u0131)<\/li>\n<li>Buz<\/li>\n<\/ul>\n<p><strong>Yap\u0131l\u0131\u015f\u0131:<\/strong><\/p>\n<ul>\n<li>\u0130lk ad\u0131m olarak, g\u00fc\u00e7l\u00fc ve taze bir kahve demleyin. \u0130sterseniz French press, AeroPress veya ba\u015fka bir demleme y\u00f6ntemi kullanabilirsiniz.<\/li>\n<li>Demlenmi\u015f kahveyi bir s\u00fczge\u00e7 veya filtreleme y\u00f6ntemiyle temiz bir s\u00fcrahiye aktar\u0131n ve biraz so\u011fumaya b\u0131rak\u0131n.<\/li>\n<li>Daha sonra bir barda\u011f\u0131n i\u00e7ini buzla doldurun ve yar\u0131s\u0131n\u0131 biraz ge\u00e7ecek kadar kahve koyun.<\/li>\n<li>Dilerseniz bu a\u015famada \u015feker de ekleyebilirsiniz.<\/li>\n<li>Son olarak ise diledi\u011finiz miktarda s\u00fct ekleyerek servis edin.<\/li>\n<\/ul>\n<p>Afiyet olsun!<\/p>\n<h4 id=\"kakaolu-sutlu-kahve-tarifi\">Kakaolu S\u00fctl\u00fc Kahve Tarifi<\/h4>\n<p><img  loading=\"lazy\"  decoding=\"async\"  class=\"alignnone size-medium wp-image-98850 pk-lazyload\"  src=\"data:image\/png;base64,iVBORw0KGgoAAAANSUhEUgAAAyAAAAHVAQMAAAAzfg2oAAAAA1BMVEUAAP+KeNJXAAAAAXRSTlMAQObYZgAAAAlwSFlzAAAOxAAADsQBlSsOGwAAAEVJREFUeNrtwTEBAAAAwqD1T20ND6AAAAAAAAAAAAAAAAAAAAAAAAAAAAAAAAAAAAAAAAAAAAAAAAAAAAAAAAAAAACAWwO5CQABdzoz8gAAAABJRU5ErkJggg==\"  alt=\"kakaolu-sutlu-kahve-tarifi\"  width=\"800\"  height=\"469\"  data-pk-sizes=\"auto\"  data-ls-sizes=\"(max-width: 800px) 100vw, 800px\"  data-pk-src=\"https:\/\/cdn.muhiku.com\/blog\/wp-content\/uploads\/2024\/08\/kakaolu-sutlu-kahve-tarifi-800x469.webp\"  data-pk-srcset=\"https:\/\/muhiku.com\/blog\/wp-content\/uploads\/2024\/08\/kakaolu-sutlu-kahve-tarifi-800x469.webp 800w, https:\/\/muhiku.com\/blog\/wp-content\/uploads\/2024\/08\/kakaolu-sutlu-kahve-tarifi-380x223.webp 380w, https:\/\/muhiku.com\/blog\/wp-content\/uploads\/2024\/08\/kakaolu-sutlu-kahve-tarifi-760x445.webp 760w, https:\/\/muhiku.com\/blog\/wp-content\/uploads\/2024\/08\/kakaolu-sutlu-kahve-tarifi.webp 1024w\" ><\/p>\n<p>Kakao, kimi ne\u015felendirmez ki? Kakao ya da \u00e7ikolata tad\u0131n\u0131 \u00e7ok sevenler; kakaolu s\u00fctl\u00fc kahveye bay\u0131lacakt\u0131r. \u0130\u015fte, ad\u0131m ad\u0131m kakaolu s\u00fctl\u00fc kahve tarifi.<\/p>\n<p><strong>Kullan\u0131lacak Malzemeler:<\/strong><\/p>\n<ul>\n<li>1 su barda\u011f\u0131 s\u00fct<\/li>\n<li>1 tatl\u0131 ka\u015f\u0131\u011f\u0131 gran\u00fcl kahve (veya 1 shot espresso)<\/li>\n<li>1 yemek ka\u015f\u0131\u011f\u0131 kakao<\/li>\n<li>1 yemek ka\u015f\u0131\u011f\u0131 \u015feker (iste\u011fe ba\u011fl\u0131)<\/li>\n<li>1 \u00e7ay ka\u015f\u0131\u011f\u0131 vanilya \u00f6z\u00fc (iste\u011fe ba\u011fl\u0131)<\/li>\n<li>\u00c7\u0131rp\u0131lm\u0131\u015f krema veya \u00e7ikolata par\u00e7alar\u0131 (s\u00fcsleme i\u00e7in)<\/li>\n<\/ul>\n<p><strong>Yap\u0131l\u0131\u015f\u0131:<\/strong><\/p>\n<ul>\n<li>\u00d6ncelikle, Bir cezve veya k\u00fc\u00e7\u00fck tencerede s\u00fct\u00fc \u0131s\u0131t\u0131n. S\u00fct kaynamadan, buhar \u00e7\u0131kmaya ba\u015flad\u0131\u011f\u0131nda alt\u0131n\u0131 k\u0131smal\u0131s\u0131n\u0131z.<\/li>\n<li>Kakao ve \u015fekeri \u0131s\u0131nm\u0131\u015f s\u00fcte ekleyin. Bir \u00e7\u0131rp\u0131c\u0131 veya ka\u015f\u0131kla iyice kar\u0131\u015ft\u0131rarak kakao ve \u015fekerin tamamen erimesini sa\u011flamal\u0131s\u0131n\u0131z.<\/li>\n<li>Gran\u00fcl kahveyi veya espressoyu kar\u0131\u015f\u0131ma ekleyin ve kar\u0131\u015ft\u0131r\u0131n. E\u011fer vanilya \u00f6z\u00fc kullan\u0131yorsan\u0131z, bu a\u015famada ekleyebilirsiniz.<\/li>\n<li>T\u00fcm malzemeler iyice kar\u0131\u015fana kadar \u00e7\u0131rp\u0131c\u0131yla kar\u0131\u015ft\u0131rmaya devam etmelisiniz.<\/li>\n<li>Kakaolu s\u00fctl\u00fc kahveyi bir fincana d\u00f6k\u00fcn. \u00dczerini \u00e7\u0131rp\u0131lm\u0131\u015f krema veya \u00e7ikolata par\u00e7alar\u0131 ile s\u00fcsleyebilirsiniz.<\/li>\n<\/ul>\n<p>Afiyetle!<\/p>\n<h4 id=\"karamelli-sutlu-kahve-tarifi\">Karamelli S\u00fctl\u00fc Kahve Tarifi<\/h4>\n<p><img  loading=\"lazy\"  decoding=\"async\"  class=\"alignnone size-medium wp-image-98851 pk-lazyload\"  src=\"data:image\/png;base64,iVBORw0KGgoAAAANSUhEUgAAAyAAAAHVAQMAAAAzfg2oAAAAA1BMVEUAAP+KeNJXAAAAAXRSTlMAQObYZgAAAAlwSFlzAAAOxAAADsQBlSsOGwAAAEVJREFUeNrtwTEBAAAAwqD1T20ND6AAAAAAAAAAAAAAAAAAAAAAAAAAAAAAAAAAAAAAAAAAAAAAAAAAAAAAAAAAAACAWwO5CQABdzoz8gAAAABJRU5ErkJggg==\"  alt=\"karamelli-sutlu-kahve-tarifi\"  width=\"800\"  height=\"469\"  data-pk-sizes=\"auto\"  data-ls-sizes=\"(max-width: 800px) 100vw, 800px\"  data-pk-src=\"https:\/\/cdn.muhiku.com\/blog\/wp-content\/uploads\/2024\/08\/karamelli-sutlu-kahve-tarifi-800x469.webp\"  data-pk-srcset=\"https:\/\/muhiku.com\/blog\/wp-content\/uploads\/2024\/08\/karamelli-sutlu-kahve-tarifi-800x469.webp 800w, https:\/\/muhiku.com\/blog\/wp-content\/uploads\/2024\/08\/karamelli-sutlu-kahve-tarifi-380x223.webp 380w, https:\/\/muhiku.com\/blog\/wp-content\/uploads\/2024\/08\/karamelli-sutlu-kahve-tarifi-760x445.webp 760w, https:\/\/muhiku.com\/blog\/wp-content\/uploads\/2024\/08\/karamelli-sutlu-kahve-tarifi.webp 1024w\" ><\/p>\n<p>Karamel tad\u0131ndan ho\u015flananlar, karamelli s\u00fctl\u00fc kahvenin tutkunu olacakt\u0131r. \u0130\u015fte, ad\u0131m ad\u0131m karamelli s\u00fctl\u00fc kahve tarifi.<\/p>\n<p><strong>Kullan\u0131lacak Malzemeler:<\/strong><\/p>\n<ul>\n<li>1 su barda\u011f\u0131 s\u00fct<\/li>\n<li>1 tatl\u0131 ka\u015f\u0131\u011f\u0131 gran\u00fcl kahve (veya 1 shot espresso)<\/li>\n<li>2 yemek ka\u015f\u0131\u011f\u0131 karamel sosu (haz\u0131r veya ev yap\u0131m\u0131)<\/li>\n<li>1 tatl\u0131 ka\u015f\u0131\u011f\u0131 \u015feker (iste\u011fe ba\u011fl\u0131)<\/li>\n<li>\u00c7\u0131rp\u0131lm\u0131\u015f krema (iste\u011fe ba\u011fl\u0131)<\/li>\n<li>Karamel sosu (\u00fczeri i\u00e7in, iste\u011fe ba\u011fl\u0131)<\/li>\n<\/ul>\n<p><strong>Yap\u0131l\u0131\u015f\u0131:<\/strong><\/p>\n<ul>\n<li>Bir cezve veya k\u00fc\u00e7\u00fck tencerede s\u00fct\u00fc \u0131s\u0131t\u0131n. S\u00fct kaynamadan, buhar \u00e7\u0131kmaya ba\u015flad\u0131\u011f\u0131nda alt\u0131n\u0131 k\u0131sman\u0131z gerekir.<\/li>\n<li>Gran\u00fcl kahveyi bir fincana koyun ve \u00fczerine s\u0131cak su ekleyerek kahveyi haz\u0131rlay\u0131n. E\u011fer espresso kullan\u0131yorsan\u0131z, espressoyu haz\u0131rlay\u0131n.<\/li>\n<li>Kahvenize 2 yemek ka\u015f\u0131\u011f\u0131 karamel sosunu ekleyin ve iyice kar\u0131\u015ft\u0131r\u0131n. \u0130ste\u011fe ba\u011fl\u0131 olarak \u015feker de ekleyebilirsiniz.<\/li>\n<li>Is\u0131t\u0131lm\u0131\u015f s\u00fct\u00fc kahveye yava\u015f\u00e7a ekleyin ve kar\u0131\u015ft\u0131r\u0131n. E\u011fer s\u00fct k\u00f6p\u00fcrt\u00fcc\u00fc kullan\u0131yorsan\u0131z, s\u00fct\u00fc k\u00f6p\u00fcrterek ekleyebilirsiniz.<\/li>\n<li>Karamelli s\u00fctl\u00fc kahvenizin \u00fczerine \u00e7\u0131rp\u0131lm\u0131\u015f krema ekleyin ve \u00fczerine biraz daha karamel sosu gezdirin. Bu, \u00e7ok \u015f\u0131k bir sunum olmas\u0131n\u0131 sa\u011flayacakt\u0131r.<\/li>\n<\/ul>\n<p>Afiyet olsun!<\/p>\n<h4 id=\"tarcinli-sutlu-turk-kahvesi-tarifi\">Tar\u00e7\u0131nl\u0131 S\u00fctl\u00fc T\u00fcrk Kahvesi Tarifi<\/h4>\n<p><img  loading=\"lazy\"  decoding=\"async\"  class=\"alignnone size-medium wp-image-98849 pk-lazyload\"  src=\"data:image\/png;base64,iVBORw0KGgoAAAANSUhEUgAAAyAAAAHVAQMAAAAzfg2oAAAAA1BMVEUAAP+KeNJXAAAAAXRSTlMAQObYZgAAAAlwSFlzAAAOxAAADsQBlSsOGwAAAEVJREFUeNrtwTEBAAAAwqD1T20ND6AAAAAAAAAAAAAAAAAAAAAAAAAAAAAAAAAAAAAAAAAAAAAAAAAAAAAAAAAAAACAWwO5CQABdzoz8gAAAABJRU5ErkJggg==\"  alt=\"tarcinli-sutlu-turk-kahvesi-tarifi\"  width=\"800\"  height=\"469\"  data-pk-sizes=\"auto\"  data-ls-sizes=\"(max-width: 800px) 100vw, 800px\"  data-pk-src=\"https:\/\/cdn.muhiku.com\/blog\/wp-content\/uploads\/2024\/08\/tarcinli-sutlu-turk-kahvesi-tarifi-800x469.webp\"  data-pk-srcset=\"https:\/\/muhiku.com\/blog\/wp-content\/uploads\/2024\/08\/tarcinli-sutlu-turk-kahvesi-tarifi-800x469.webp 800w, https:\/\/muhiku.com\/blog\/wp-content\/uploads\/2024\/08\/tarcinli-sutlu-turk-kahvesi-tarifi-380x223.webp 380w, https:\/\/muhiku.com\/blog\/wp-content\/uploads\/2024\/08\/tarcinli-sutlu-turk-kahvesi-tarifi-760x445.webp 760w, https:\/\/muhiku.com\/blog\/wp-content\/uploads\/2024\/08\/tarcinli-sutlu-turk-kahvesi-tarifi.webp 1024w\" ><\/p>\n<p>T\u00fcrk kahvesi, geleneksel bir i\u00e7ecektir. T\u00fcrk k\u00fclt\u00fcr\u00fcn\u00fcn ayr\u0131lmaz par\u00e7alar\u0131ndan biridir. B\u00f6lgelere g\u00f6re yap\u0131l\u0131\u015f ve t\u00fcketili\u015f \u015fekli farkl\u0131l\u0131k g\u00f6sterebilir. Modern d\u00fcnyan\u0131n bir getirisi olarak, geleneksel i\u00e7eceklere farkl\u0131 dokunu\u015flar yap\u0131lmaya ba\u015flanm\u0131\u015ft\u0131r. Tar\u00e7\u0131nl\u0131 s\u00fctl\u00fc T\u00fcrk kahvesi de bunlardan biridir. Pek \u00e7ok insan, T\u00fcrk kahvesinin tad\u0131n\u0131 ac\u0131 bulabilir. Tar\u00e7\u0131n ve s\u00fct sayesinde, kahvenin tad\u0131 yumu\u015far ve k\u0131vam\u0131 daha hafif hale gelir. T\u00fcrk kahvesini farkl\u0131 bir aromada i\u00e7mek isteyenler i\u00e7in, tar\u00e7\u0131nl\u0131 s\u00fctl\u00fc T\u00fcrk kahvesini tavsiye edebiliriz. \u0130\u015fte, tar\u00e7\u0131nl\u0131 s\u00fctl\u00fc T\u00fcrk kahvesinin ad\u0131m ad\u0131m yap\u0131l\u0131\u015f\u0131.<\/p>\n<p><strong>Kullan\u0131lacak Malzemeler:<\/strong><\/p>\n<ul>\n<li>1 tatl\u0131 ka\u015f\u0131\u011f\u0131 T\u00fcrk kahvesi<\/li>\n<li>1 fincan s\u00fct<\/li>\n<li>1 \u00e7ay ka\u015f\u0131\u011f\u0131 toz tar\u00e7\u0131n<\/li>\n<li>1 tatl\u0131 ka\u015f\u0131\u011f\u0131 \u015feker (iste\u011fe ba\u011fl\u0131)<\/li>\n<\/ul>\n<p><strong>Yap\u0131l\u0131\u015f\u0131:<\/strong><\/p>\n<ul>\n<li>Bir cezveye 1 fincan s\u00fct\u00fc d\u00f6k\u00fcn. Orta ate\u015fte s\u00fct\u00fc \u0131s\u0131t\u0131n, ancak kaynamas\u0131na izin vermeyin. S\u00fct hafif\u00e7e \u0131s\u0131nd\u0131\u011f\u0131nda, alt\u0131n\u0131 k\u0131smal\u0131s\u0131n\u0131z.<\/li>\n<li>Is\u0131nan s\u00fct\u00fcn i\u00e7ine 1 tatl\u0131 ka\u015f\u0131\u011f\u0131 T\u00fcrk kahvesi ve 1 \u00e7ay ka\u015f\u0131\u011f\u0131 toz tar\u00e7\u0131n\u0131 ekleyin. \u0130ste\u011fe ba\u011fl\u0131 olarak \u015feker de ekleyebilirsiniz.<\/li>\n<li>Malzemeleri iyice kar\u0131\u015ft\u0131rarak kahveyi s\u00fct\u00fcn i\u00e7inde \u00e7\u00f6z\u00fcn. Cezveyi d\u00fc\u015f\u00fck ate\u015fte b\u0131rak\u0131n ve kahveyi kar\u0131\u015ft\u0131rmadan pi\u015firmeye ba\u015flay\u0131n.<\/li>\n<li>Kahve, s\u00fct\u00fcn \u00fczerinde k\u00f6p\u00fck olu\u015fturmaya ba\u015flad\u0131\u011f\u0131nda cezveyi ocaktan almal\u0131s\u0131n\u0131z. K\u00f6p\u00fc\u011f\u00fc fincana dikkatlice d\u00f6kmelisiniz. Ard\u0131ndan cezveyi tekrar oca\u011fa koyun ve kalan kahveyi tekrar \u0131s\u0131tarak fincana d\u00f6k\u00fcn.<\/li>\n<li>Tar\u00e7\u0131nl\u0131 s\u00fctl\u00fc T\u00fcrk kahvenizi, \u00fczerine ekstra tar\u00e7\u0131n serperek sunabilirsiniz.<\/li>\n<\/ul>\n<p>Afiyet olsun!<\/p>\n<h2 id=\"sutlu-kahve-nasil-kopurtulur\">S\u00fctl\u00fc Kahve Nas\u0131l K\u00f6p\u00fcrt\u00fcl\u00fcr?<\/h2>\n<p><img  loading=\"lazy\"  decoding=\"async\"  class=\"alignnone size-medium wp-image-86823 pk-lazyload\"  src=\"data:image\/png;base64,iVBORw0KGgoAAAANSUhEUgAAAAEAAAABAQMAAAAl21bKAAAAA1BMVEUAAP+KeNJXAAAAAXRSTlMAQObYZgAAAAlwSFlzAAAOxAAADsQBlSsOGwAAAApJREFUCNdjYAAAAAIAAeIhvDMAAAAASUVORK5CYII=\"  alt=\"french-press-kahve-demleme\"  width=\"800\"  height=\"469\"  data-pk-sizes=\"auto\"  data-ls-sizes=\"(max-width: 800px) 100vw, 800px\"  data-pk-src=\"https:\/\/cdn.muhiku.com\/blog\/wp-content\/uploads\/2021\/09\/french-press-kahve-demleme-800x469.jpg\"  data-pk-srcset=\"https:\/\/muhiku.com\/blog\/wp-content\/uploads\/2021\/09\/french-press-kahve-demleme-800x469.jpg 800w, https:\/\/muhiku.com\/blog\/wp-content\/uploads\/2021\/09\/french-press-kahve-demleme-120x70.jpg 120w, https:\/\/muhiku.com\/blog\/wp-content\/uploads\/2021\/09\/french-press-kahve-demleme-90x53.jpg 90w, https:\/\/muhiku.com\/blog\/wp-content\/uploads\/2021\/09\/french-press-kahve-demleme-320x188.jpg 320w, https:\/\/muhiku.com\/blog\/wp-content\/uploads\/2021\/09\/french-press-kahve-demleme-560x328.jpg 560w, https:\/\/muhiku.com\/blog\/wp-content\/uploads\/2021\/09\/french-press-kahve-demleme.jpg 1024w\" ><\/p>\n<p>Pek \u00e7ok insan, g\u00fcnl\u00fck hayat\u0131nda s\u0131k\u00e7a kahve t\u00fcketir. S\u0131cak aylarda, genelde so\u011fuk kahveler t\u00fcketilirken; so\u011fuk aylarda ise s\u0131cak kahveler tercih edilir. S\u00fctl\u00fc kahvelerin k\u00f6p\u00fcrmesi lezzeti ve dokusu a\u00e7\u0131s\u0131ndan \u00e7ok \u00f6nemlidir. S\u00fctl\u00fc kahveyi k\u00f6p\u00fcrt\u00fcrken kullanabilece\u011finiz birka\u00e7 y\u00f6ntemden bahsedece\u011fiz.<\/p>\n<ul>\n<li><strong>S\u00fct K\u00f6p\u00fcrt\u00fcc\u00fc:\u00a0<\/strong>S\u00fct k\u00f6p\u00fcrt\u00fcc\u00fclerin elektronik ve manuel se\u00e7enekleri bulunmaktad\u0131r. Elektrikli s\u00fct k\u00f6p\u00fcrt\u00fcc\u00fcler, s\u00fct\u00fc hem \u0131s\u0131t\u0131r hem de k\u00f6p\u00fcrt\u00fcr. K\u0131sa s\u00fcrede kremsi bir k\u00f6p\u00fck elde edebilirsiniz. El tipi yani manuel k\u00f6p\u00fcrt\u00fcc\u00fclerde ise; s\u00fct\u00fc \u0131s\u0131tt\u0131ktan sonra, el tipi manuel k\u00f6p\u00fcrt\u00fcc\u00fcyle kabarc\u0131klar olu\u015fana kadar s\u00fct\u00fc k\u00f6p\u00fcrtmeniz gerekir.<\/li>\n<li><strong>French Press:\u00a0<\/strong>S\u00fct\u00fc \u0131s\u0131tt\u0131ktan sonra s\u00fct\u00fc French Press\u2019e d\u00f6kerek yapabilirsiniz. Pistonu h\u0131zl\u0131 ve s\u00fcrekli bir \u015fekilde yukar\u0131 ve a\u015fa\u011f\u0131 hareket ettirerek s\u00fct\u00fc k\u00f6p\u00fcrtebilirsiniz.<\/li>\n<li><strong>Mikser veya Blender:\u00a0<\/strong>S\u00fct\u00fc \u0131s\u0131tt\u0131ktan sonra, bir mikser veya blender kullanarak s\u00fct\u00fc birka\u00e7 saniye \u00e7\u0131rp\u0131n. Bu y\u00f6ntemle de iyi bir k\u00f6p\u00fck elde edebilirsiniz.<\/li>\n<li><strong>El \u00c7\u0131rp\u0131c\u0131s\u0131: <\/strong>S\u00fct\u00fc \u0131s\u0131tt\u0131ktan sonra, bir el \u00e7\u0131rp\u0131c\u0131s\u0131 (metal \u00e7\u0131rp\u0131c\u0131) kullanarak s\u00fct\u00fc h\u0131zl\u0131ca \u00e7\u0131rpmal\u0131s\u0131n\u0131z. Di\u011fer y\u00f6ntemlere g\u00f6re daha az k\u00f6p\u00fck elde edebilirsiniz.<\/li>\n<\/ul>\n<p>Ayr\u0131ca, s\u00fct k\u00f6p\u00fcrtmeden \u00f6nce dikkat etmeniz gereken baz\u0131 hususlar vard\u0131r. S\u00fct\u00fc k\u00f6p\u00fcrtmeden \u00f6nce \u0131s\u0131tmal\u0131s\u0131n\u0131z ve kulland\u0131\u011f\u0131n\u0131z s\u00fct t\u00fcr\u00fcne dikkat etmelisiniz. \u00d6rne\u011fin; tam ya\u011fl\u0131 s\u00fct daha yo\u011fun bir k\u00f6p\u00fck sa\u011flayacakt\u0131r.<\/p>\n","protected":false},"excerpt":{"rendered":"S\u00fctl\u00fc kahve, kahvenin ve s\u00fct\u00fcn bulu\u015fmas\u0131yla ortaya \u00e7\u0131kan o e\u015fsiz lezzet. Peki, d\u0131\u015far\u0131da bir fincan s\u00fctl\u00fc kahveye para&hellip;\n","protected":false},"author":25,"featured_media":87549,"comment_status":"open","ping_status":"open","sticky":false,"template":"","format":"standard","meta":{"footnotes":""},"categories":[167],"tags":[],"yoast_head":"<!-- This site is optimized with the Yoast SEO plugin v22.5 - https:\/\/yoast.com\/wordpress\/plugins\/seo\/ -->\n<title>S\u00fctl\u00fc Kahve Nas\u0131l Yap\u0131l\u0131r? S\u00fctl\u00fc Kahve Tarifi - Muhiku<\/title>\n<meta name=\"description\" content=\"S\u00fctl\u00fc kahve t\u00fcketmenin v\u00fccudumuz a\u00e7\u0131s\u0131ndan bir\u00e7ok faydas\u0131 vard\u0131r. Haz\u0131rlan\u0131\u015f\u0131 olduk\u00e7a kolay olan s\u00fctl\u00fc kahve i\u00e7in gerekli olan malzemeler: Kahve, s\u00fct ve e\u011fer kullan\u0131yorsan\u0131z \u015feker.\" \/>\n<meta name=\"robots\" content=\"index, follow, max-snippet:-1, max-image-preview:large, max-video-preview:-1\" \/>\n<link rel=\"canonical\" href=\"https:\/\/muhiku.com\/blog\/sutlu-kahve-nasil-yapilir-sutlu-kahve-tarifi\/\" \/>\n<meta property=\"og:locale\" content=\"tr_TR\" \/>\n<meta property=\"og:type\" content=\"article\" \/>\n<meta property=\"og:title\" content=\"S\u00fctl\u00fc Kahve Nas\u0131l Yap\u0131l\u0131r? S\u00fctl\u00fc Kahve Tarifi - Muhiku\" \/>\n<meta property=\"og:description\" content=\"S\u00fctl\u00fc kahve t\u00fcketmenin v\u00fccudumuz a\u00e7\u0131s\u0131ndan bir\u00e7ok faydas\u0131 vard\u0131r. Haz\u0131rlan\u0131\u015f\u0131 olduk\u00e7a kolay olan s\u00fctl\u00fc kahve i\u00e7in gerekli olan malzemeler: Kahve, s\u00fct ve e\u011fer kullan\u0131yorsan\u0131z \u015feker.\" \/>\n<meta property=\"og:url\" content=\"https:\/\/muhiku.com\/blog\/sutlu-kahve-nasil-yapilir-sutlu-kahve-tarifi\/\" \/>\n<meta property=\"og:site_name\" content=\"Muhiku\" \/>\n<meta property=\"article:published_time\" content=\"2019-09-02T08:19:25+00:00\" \/>\n<meta property=\"article:modified_time\" content=\"2024-08-09T12:05:24+00:00\" \/>\n<meta property=\"og:image\" content=\"https:\/\/cdn.muhiku.com\/blog\/wp-content\/uploads\/2022\/01\/sutlu-kahve-nasil-yapilir-sutlu-kahve-tarifi-muhiku-blog.jpg?x49301\" \/>\n\t<meta property=\"og:image:width\" content=\"1024\" \/>\n\t<meta property=\"og:image:height\" content=\"600\" \/>\n\t<meta property=\"og:image:type\" content=\"image\/jpeg\" \/>\n<meta name=\"author\" content=\"Dilara Yal\u00e7\u0131n\" \/>\n<meta name=\"twitter:card\" content=\"summary_large_image\" \/>\n<meta name=\"twitter:label1\" content=\"Written by\" \/>\n\t<meta name=\"twitter:data1\" content=\"Dilara Yal\u00e7\u0131n\" \/>\n\t<meta name=\"twitter:label2\" content=\"Est. reading time\" \/>\n\t<meta name=\"twitter:data2\" content=\"19 dakika\" \/>\n<script type=\"application\/ld+json\" class=\"yoast-schema-graph\">{\"@context\":\"https:\/\/schema.org\",\"@graph\":[{\"@type\":\"Article\",\"@id\":\"https:\/\/muhiku.com\/blog\/sutlu-kahve-nasil-yapilir-sutlu-kahve-tarifi\/#article\",\"isPartOf\":{\"@id\":\"https:\/\/muhiku.com\/blog\/sutlu-kahve-nasil-yapilir-sutlu-kahve-tarifi\/\"},\"author\":{\"name\":\"Dilara Yal\u00e7\u0131n\",\"@id\":\"https:\/\/muhiku.com\/blog\/#\/schema\/person\/0b50be1d52ee74306e1405ad86aac5d5\",\"url\":\"https:\/\/muhiku.com\/blog\/\"},\"headline\":\"S\u00fctl\u00fc Kahve Nas\u0131l Yap\u0131l\u0131r? S\u00fctl\u00fc Kahve Tarifi\",\"datePublished\":\"2019-09-02T08:19:25+00:00\",\"dateModified\":\"2024-08-09T12:05:24+00:00\",\"mainEntityOfPage\":{\"@id\":\"https:\/\/muhiku.com\/blog\/sutlu-kahve-nasil-yapilir-sutlu-kahve-tarifi\/\"},\"wordCount\":3847,\"commentCount\":0,\"publisher\":{\"@id\":\"https:\/\/muhiku.com\/blog\/#organization\"},\"image\":{\"@id\":\"https:\/\/muhiku.com\/blog\/sutlu-kahve-nasil-yapilir-sutlu-kahve-tarifi\/#primaryimage\"},\"thumbnailUrl\":\"https:\/\/muhiku.com\/blog\/wp-content\/uploads\/2022\/01\/sutlu-kahve-nasil-yapilir-sutlu-kahve-tarifi-muhiku-blog.jpg\",\"articleSection\":[\"Kahve\"],\"inLanguage\":\"tr\",\"potentialAction\":[{\"@type\":\"CommentAction\",\"name\":\"Comment\",\"target\":[\"https:\/\/muhiku.com\/blog\/sutlu-kahve-nasil-yapilir-sutlu-kahve-tarifi\/#respond\"]}]},{\"@type\":\"WebPage\",\"@id\":\"https:\/\/muhiku.com\/blog\/sutlu-kahve-nasil-yapilir-sutlu-kahve-tarifi\/\",\"url\":\"https:\/\/muhiku.com\/blog\/sutlu-kahve-nasil-yapilir-sutlu-kahve-tarifi\/\",\"name\":\"S\u00fctl\u00fc Kahve Nas\u0131l Yap\u0131l\u0131r? S\u00fctl\u00fc Kahve Tarifi - Muhiku\",\"isPartOf\":{\"@id\":\"https:\/\/muhiku.com\/blog\/#website\"},\"primaryImageOfPage\":{\"@id\":\"https:\/\/muhiku.com\/blog\/sutlu-kahve-nasil-yapilir-sutlu-kahve-tarifi\/#primaryimage\"},\"image\":{\"@id\":\"https:\/\/muhiku.com\/blog\/sutlu-kahve-nasil-yapilir-sutlu-kahve-tarifi\/#primaryimage\"},\"thumbnailUrl\":\"https:\/\/muhiku.com\/blog\/wp-content\/uploads\/2022\/01\/sutlu-kahve-nasil-yapilir-sutlu-kahve-tarifi-muhiku-blog.jpg\",\"datePublished\":\"2019-09-02T08:19:25+00:00\",\"dateModified\":\"2024-08-09T12:05:24+00:00\",\"description\":\"S\u00fctl\u00fc kahve t\u00fcketmenin v\u00fccudumuz a\u00e7\u0131s\u0131ndan bir\u00e7ok faydas\u0131 vard\u0131r. Haz\u0131rlan\u0131\u015f\u0131 olduk\u00e7a kolay olan s\u00fctl\u00fc kahve i\u00e7in gerekli olan malzemeler: Kahve, s\u00fct ve e\u011fer kullan\u0131yorsan\u0131z \u015feker.\",\"breadcrumb\":{\"@id\":\"https:\/\/muhiku.com\/blog\/sutlu-kahve-nasil-yapilir-sutlu-kahve-tarifi\/#breadcrumb\"},\"inLanguage\":\"tr\",\"potentialAction\":[{\"@type\":\"ReadAction\",\"target\":[\"https:\/\/muhiku.com\/blog\/sutlu-kahve-nasil-yapilir-sutlu-kahve-tarifi\/\"]}]},{\"@type\":\"ImageObject\",\"inLanguage\":\"tr\",\"@id\":\"https:\/\/muhiku.com\/blog\/sutlu-kahve-nasil-yapilir-sutlu-kahve-tarifi\/#primaryimage\",\"url\":\"https:\/\/muhiku.com\/blog\/wp-content\/uploads\/2022\/01\/sutlu-kahve-nasil-yapilir-sutlu-kahve-tarifi-muhiku-blog.jpg\",\"contentUrl\":\"https:\/\/muhiku.com\/blog\/wp-content\/uploads\/2022\/01\/sutlu-kahve-nasil-yapilir-sutlu-kahve-tarifi-muhiku-blog.jpg\",\"width\":1024,\"height\":600,\"caption\":\"sutlu-kahve-nasil-yapilir-sutlu-kahve-tarifi-muhiku-blog\"},{\"@type\":\"BreadcrumbList\",\"@id\":\"https:\/\/muhiku.com\/blog\/sutlu-kahve-nasil-yapilir-sutlu-kahve-tarifi\/#breadcrumb\",\"itemListElement\":[{\"@type\":\"ListItem\",\"position\":1,\"name\":\"Blog\",\"item\":\"https:\/\/muhiku.com\/blog\/\"},{\"@type\":\"ListItem\",\"position\":2,\"name\":\"S\u00fctl\u00fc Kahve Nas\u0131l Yap\u0131l\u0131r? S\u00fctl\u00fc Kahve Tarifi\"}]},{\"@type\":\"WebSite\",\"@id\":\"https:\/\/muhiku.com\/blog\/#website\",\"url\":\"https:\/\/muhiku.com\/blog\/\",\"name\":\"Muhiku\",\"description\":\"Yenilik\u00e7i Hediye Rehberi\",\"publisher\":{\"@id\":\"https:\/\/muhiku.com\/blog\/#organization\"},\"inLanguage\":\"tr\"},{\"@type\":\"Organization\",\"@id\":\"https:\/\/muhiku.com\/blog\/#organization\",\"name\":\"Muhiku\",\"url\":\"https:\/\/muhiku.com\/blog\/\",\"logo\":{\"@type\":\"ImageObject\",\"inLanguage\":\"tr\",\"@id\":\"https:\/\/muhiku.com\/blog\/#\/schema\/logo\/image\/\",\"url\":\"https:\/\/muhiku.com\/blog\/wp-content\/uploads\/2019\/04\/logo-kare-1.png\",\"contentUrl\":\"https:\/\/muhiku.com\/blog\/wp-content\/uploads\/2019\/04\/logo-kare-1.png\",\"width\":1080,\"height\":1080,\"caption\":\"Muhiku\"},\"image\":{\"@id\":\"https:\/\/muhiku.com\/blog\/#\/schema\/logo\/image\/\"}},{\"@type\":\"Person\",\"@id\":\"https:\/\/muhiku.com\/blog\/#\/schema\/person\/0b50be1d52ee74306e1405ad86aac5d5\",\"name\":\"Dilara Yal\u00e7\u0131n\",\"image\":{\"@type\":\"ImageObject\",\"inLanguage\":\"tr\",\"@id\":\"https:\/\/muhiku.com\/blog\/#\/schema\/person\/image\/\",\"url\":\"https:\/\/secure.gravatar.com\/avatar\/f6e97d59731e06ac22101ebcef389e69?s=96&d=mm&r=g\",\"contentUrl\":\"https:\/\/secure.gravatar.com\/avatar\/f6e97d59731e06ac22101ebcef389e69?s=96&d=mm&r=g\",\"caption\":\"Dilara Yal\u00e7\u0131n\"}}]}<\/script>\n<!-- \/ Yoast SEO plugin. -->","yoast_head_json":{"title":"S\u00fctl\u00fc Kahve Nas\u0131l Yap\u0131l\u0131r? S\u00fctl\u00fc Kahve Tarifi - Muhiku","description":"S\u00fctl\u00fc kahve t\u00fcketmenin v\u00fccudumuz a\u00e7\u0131s\u0131ndan bir\u00e7ok faydas\u0131 vard\u0131r. Haz\u0131rlan\u0131\u015f\u0131 olduk\u00e7a kolay olan s\u00fctl\u00fc kahve i\u00e7in gerekli olan malzemeler: Kahve, s\u00fct ve e\u011fer kullan\u0131yorsan\u0131z \u015feker.","robots":{"index":"index","follow":"follow","max-snippet":"max-snippet:-1","max-image-preview":"max-image-preview:large","max-video-preview":"max-video-preview:-1"},"canonical":"https:\/\/muhiku.com\/blog\/sutlu-kahve-nasil-yapilir-sutlu-kahve-tarifi\/","og_locale":"tr_TR","og_type":"article","og_title":"S\u00fctl\u00fc Kahve Nas\u0131l Yap\u0131l\u0131r? S\u00fctl\u00fc Kahve Tarifi - Muhiku","og_description":"S\u00fctl\u00fc kahve t\u00fcketmenin v\u00fccudumuz a\u00e7\u0131s\u0131ndan bir\u00e7ok faydas\u0131 vard\u0131r. Haz\u0131rlan\u0131\u015f\u0131 olduk\u00e7a kolay olan s\u00fctl\u00fc kahve i\u00e7in gerekli olan malzemeler: Kahve, s\u00fct ve e\u011fer kullan\u0131yorsan\u0131z \u015feker.","og_url":"https:\/\/muhiku.com\/blog\/sutlu-kahve-nasil-yapilir-sutlu-kahve-tarifi\/","og_site_name":"Muhiku","article_published_time":"2019-09-02T08:19:25+00:00","article_modified_time":"2024-08-09T12:05:24+00:00","og_image":[{"width":1024,"height":600,"url":"https:\/\/cdn.muhiku.com\/blog\/wp-content\/uploads\/2022\/01\/sutlu-kahve-nasil-yapilir-sutlu-kahve-tarifi-muhiku-blog.jpg?x49301","type":"image\/jpeg"}],"author":"Dilara Yal\u00e7\u0131n","twitter_card":"summary_large_image","twitter_misc":{"Written by":"Dilara Yal\u00e7\u0131n","Est. reading time":"19 dakika"},"schema":{"@context":"https:\/\/schema.org","@graph":[{"@type":"Article","@id":"https:\/\/muhiku.com\/blog\/sutlu-kahve-nasil-yapilir-sutlu-kahve-tarifi\/#article","isPartOf":{"@id":"https:\/\/muhiku.com\/blog\/sutlu-kahve-nasil-yapilir-sutlu-kahve-tarifi\/"},"author":{"name":"Dilara Yal\u00e7\u0131n","@id":"https:\/\/muhiku.com\/blog\/#\/schema\/person\/0b50be1d52ee74306e1405ad86aac5d5","url":"https:\/\/muhiku.com\/blog\/"},"headline":"S\u00fctl\u00fc Kahve Nas\u0131l Yap\u0131l\u0131r? S\u00fctl\u00fc Kahve Tarifi","datePublished":"2019-09-02T08:19:25+00:00","dateModified":"2024-08-09T12:05:24+00:00","mainEntityOfPage":{"@id":"https:\/\/muhiku.com\/blog\/sutlu-kahve-nasil-yapilir-sutlu-kahve-tarifi\/"},"wordCount":3847,"commentCount":0,"publisher":{"@id":"https:\/\/muhiku.com\/blog\/#organization"},"image":{"@id":"https:\/\/muhiku.com\/blog\/sutlu-kahve-nasil-yapilir-sutlu-kahve-tarifi\/#primaryimage"},"thumbnailUrl":"https:\/\/muhiku.com\/blog\/wp-content\/uploads\/2022\/01\/sutlu-kahve-nasil-yapilir-sutlu-kahve-tarifi-muhiku-blog.jpg","articleSection":["Kahve"],"inLanguage":"tr","potentialAction":[{"@type":"CommentAction","name":"Comment","target":["https:\/\/muhiku.com\/blog\/sutlu-kahve-nasil-yapilir-sutlu-kahve-tarifi\/#respond"]}]},{"@type":"WebPage","@id":"https:\/\/muhiku.com\/blog\/sutlu-kahve-nasil-yapilir-sutlu-kahve-tarifi\/","url":"https:\/\/muhiku.com\/blog\/sutlu-kahve-nasil-yapilir-sutlu-kahve-tarifi\/","name":"S\u00fctl\u00fc Kahve Nas\u0131l Yap\u0131l\u0131r? S\u00fctl\u00fc Kahve Tarifi - Muhiku","isPartOf":{"@id":"https:\/\/muhiku.com\/blog\/#website"},"primaryImageOfPage":{"@id":"https:\/\/muhiku.com\/blog\/sutlu-kahve-nasil-yapilir-sutlu-kahve-tarifi\/#primaryimage"},"image":{"@id":"https:\/\/muhiku.com\/blog\/sutlu-kahve-nasil-yapilir-sutlu-kahve-tarifi\/#primaryimage"},"thumbnailUrl":"https:\/\/muhiku.com\/blog\/wp-content\/uploads\/2022\/01\/sutlu-kahve-nasil-yapilir-sutlu-kahve-tarifi-muhiku-blog.jpg","datePublished":"2019-09-02T08:19:25+00:00","dateModified":"2024-08-09T12:05:24+00:00","description":"S\u00fctl\u00fc kahve t\u00fcketmenin v\u00fccudumuz a\u00e7\u0131s\u0131ndan bir\u00e7ok faydas\u0131 vard\u0131r. Haz\u0131rlan\u0131\u015f\u0131 olduk\u00e7a kolay olan s\u00fctl\u00fc kahve i\u00e7in gerekli olan malzemeler: Kahve, s\u00fct ve e\u011fer kullan\u0131yorsan\u0131z \u015feker.","breadcrumb":{"@id":"https:\/\/muhiku.com\/blog\/sutlu-kahve-nasil-yapilir-sutlu-kahve-tarifi\/#breadcrumb"},"inLanguage":"tr","potentialAction":[{"@type":"ReadAction","target":["https:\/\/muhiku.com\/blog\/sutlu-kahve-nasil-yapilir-sutlu-kahve-tarifi\/"]}]},{"@type":"ImageObject","inLanguage":"tr","@id":"https:\/\/muhiku.com\/blog\/sutlu-kahve-nasil-yapilir-sutlu-kahve-tarifi\/#primaryimage","url":"https:\/\/muhiku.com\/blog\/wp-content\/uploads\/2022\/01\/sutlu-kahve-nasil-yapilir-sutlu-kahve-tarifi-muhiku-blog.jpg","contentUrl":"https:\/\/muhiku.com\/blog\/wp-content\/uploads\/2022\/01\/sutlu-kahve-nasil-yapilir-sutlu-kahve-tarifi-muhiku-blog.jpg","width":1024,"height":600,"caption":"sutlu-kahve-nasil-yapilir-sutlu-kahve-tarifi-muhiku-blog"},{"@type":"BreadcrumbList","@id":"https:\/\/muhiku.com\/blog\/sutlu-kahve-nasil-yapilir-sutlu-kahve-tarifi\/#breadcrumb","itemListElement":[{"@type":"ListItem","position":1,"name":"Blog","item":"https:\/\/muhiku.com\/blog\/"},{"@type":"ListItem","position":2,"name":"S\u00fctl\u00fc Kahve Nas\u0131l Yap\u0131l\u0131r? S\u00fctl\u00fc Kahve Tarifi"}]},{"@type":"WebSite","@id":"https:\/\/muhiku.com\/blog\/#website","url":"https:\/\/muhiku.com\/blog\/","name":"Muhiku","description":"Yenilik\u00e7i Hediye Rehberi","publisher":{"@id":"https:\/\/muhiku.com\/blog\/#organization"},"inLanguage":"tr"},{"@type":"Organization","@id":"https:\/\/muhiku.com\/blog\/#organization","name":"Muhiku","url":"https:\/\/muhiku.com\/blog\/","logo":{"@type":"ImageObject","inLanguage":"tr","@id":"https:\/\/muhiku.com\/blog\/#\/schema\/logo\/image\/","url":"https:\/\/muhiku.com\/blog\/wp-content\/uploads\/2019\/04\/logo-kare-1.png","contentUrl":"https:\/\/muhiku.com\/blog\/wp-content\/uploads\/2019\/04\/logo-kare-1.png","width":1080,"height":1080,"caption":"Muhiku"},"image":{"@id":"https:\/\/muhiku.com\/blog\/#\/schema\/logo\/image\/"}},{"@type":"Person","@id":"https:\/\/muhiku.com\/blog\/#\/schema\/person\/0b50be1d52ee74306e1405ad86aac5d5","name":"Dilara Yal\u00e7\u0131n","image":{"@type":"ImageObject","inLanguage":"tr","@id":"https:\/\/muhiku.com\/blog\/#\/schema\/person\/image\/","url":"https:\/\/secure.gravatar.com\/avatar\/f6e97d59731e06ac22101ebcef389e69?s=96&d=mm&r=g","contentUrl":"https:\/\/secure.gravatar.com\/avatar\/f6e97d59731e06ac22101ebcef389e69?s=96&d=mm&r=g","caption":"Dilara Yal\u00e7\u0131n"}}]}},"_links":{"self":[{"href":"https:\/\/muhiku.com\/blog\/wp-json\/wp\/v2\/posts\/80040"}],"collection":[{"href":"https:\/\/muhiku.com\/blog\/wp-json\/wp\/v2\/posts"}],"about":[{"href":"https:\/\/muhiku.com\/blog\/wp-json\/wp\/v2\/types\/post"}],"author":[{"embeddable":true,"href":"https:\/\/muhiku.com\/blog\/wp-json\/wp\/v2\/users\/25"}],"replies":[{"embeddable":true,"href":"https:\/\/muhiku.com\/blog\/wp-json\/wp\/v2\/comments?post=80040"}],"version-history":[{"count":9,"href":"https:\/\/muhiku.com\/blog\/wp-json\/wp\/v2\/posts\/80040\/revisions"}],"predecessor-version":[{"id":98852,"href":"https:\/\/muhiku.com\/blog\/wp-json\/wp\/v2\/posts\/80040\/revisions\/98852"}],"wp:featuredmedia":[{"embeddable":true,"href":"https:\/\/muhiku.com\/blog\/wp-json\/wp\/v2\/media\/87549"}],"wp:attachment":[{"href":"https:\/\/muhiku.com\/blog\/wp-json\/wp\/v2\/media?parent=80040"}],"wp:term":[{"taxonomy":"category","embeddable":true,"href":"https:\/\/muhiku.com\/blog\/wp-json\/wp\/v2\/categories?post=80040"},{"taxonomy":"post_tag","embeddable":true,"href":"https:\/\/muhiku.com\/blog\/wp-json\/wp\/v2\/tags?post=80040"}],"curies":[{"name":"wp","href":"https:\/\/api.w.org\/{rel}","templated":true}]}}