{"id":78860,"date":"2019-05-20T11:03:41","date_gmt":"2019-05-20T11:03:41","guid":{"rendered":"https:\/\/muhiku.com\/blog\/?p=78860"},"modified":"2024-09-16T16:38:11","modified_gmt":"2024-09-16T13:38:11","slug":"babalar-gunu-ne-zaman","status":"publish","type":"post","link":"https:\/\/muhiku.com\/blog\/babalar-gunu-ne-zaman\/","title":{"rendered":"D\u00fcnyada ve T\u00fcrkiye&#8217;de Babalar G\u00fcn\u00fc Ne Zaman?"},"content":{"rendered":"<p>Babalar G\u00fcn\u00fc hepimizin kutlamak istedi\u011fi \u00f6nemli bir g\u00fcn olsa da &#8220;<strong>Babalar G\u00fcn\u00fc ne zaman<\/strong>?&#8221; sorusunu di\u011fer \u00f6zel g\u00fcnlere oranla \u00e7ok daha s\u0131k duyar\u0131z. Bizleri sayg\u0131l\u0131, \u00e7al\u0131\u015fkan, iyi insanlar olarak yeti\u015ftirmek i\u00e7in canlar\u0131n\u0131 di\u015flerine takan babalar\u0131m\u0131z\u0131 Babalar G\u00fcn\u00fc&#8217;nde elimizden geldi\u011fince sevindirmek, gururland\u0131rmak isteriz.<\/p>\n<p>Babalar\u0131m\u0131z \u00e7o\u011fu zaman bizim sa\u011fl\u0131\u011f\u0131m\u0131z\u0131 ve ihtiya\u00e7lar\u0131m\u0131z\u0131 kendi sa\u011fl\u0131k ve ihtiya\u00e7lar\u0131ndan \u00f6nce d\u00fc\u015f\u00fcn\u00fcrler. Bu sebeple onlara en az\u0131ndan Babalar G\u00fcn\u00fc&#8217;nde bize verdikleri emekler i\u00e7in minnettarl\u0131\u011f\u0131m\u0131z\u0131 g\u00f6sterebiliriz. Sonu\u00e7ta babalar \u00e7\u0131nar a\u011fa\u00e7lar\u0131na benzer. \u00c7\u0131nar a\u011fac\u0131n\u0131n g\u00fcc\u00fcn\u00fc ve sa\u011flaml\u0131\u011f\u0131n\u0131 d\u00fc\u015f\u00fcn\u00fcnce \u00e7ok yerinde bir benzetme oldu\u011funu inkar edemeyiz.<\/p>\n<p>E\u011fer Babalar G\u00fcn\u00fc hediyeleri konusunda biraz fikre ihtiyac\u0131n\u0131z varsa Muhiku&#8217;nun \u00f6zenle haz\u0131rlad\u0131\u011f\u0131 kaliteli ve uygun fiyatl\u0131 Babalar G\u00fcn\u00fc hediye fikirleri i\u00e7erisinden bir se\u00e7im yapabilirsiniz.<\/p>\n<h2 id=\"babalar-gunu-2025-yilinda-ne-zaman-kutlanacak\">Babalar G\u00fcn\u00fc 2025 Y\u0131l\u0131nda Ne Zaman Kutlanacak?<\/h2>\n<p>Bu hayatta bize daima yol g\u00f6steren babalar\u0131m\u0131z\u0131 sadece bir g\u00fcn kutlamak asla yetmeyecektir. T\u00fcrk Babalar G\u00fcn\u00fc 2025 y\u0131l\u0131nda ne zaman diye merak edenlerimiz var.<\/p>\n<h3 id=\"babalar-gunu-tum-dunyada-ayni-gun-mu\">Babalar G\u00fcn\u00fc T\u00fcm D\u00fcnyada Ayn\u0131 G\u00fcn m\u00fc?<\/h3>\n<p>Babalar G\u00fcn\u00fc evrensel bir tarih oldu\u011fu i\u00e7in t\u00fcm d\u00fcnyada ayn\u0131 g\u00fcn kutlan\u0131r. Dolay\u0131s\u0131yla Amerika&#8217;da ya da Almaya&#8217;da Babalar G\u00fcn\u00fc ne zaman sorusunun cevab\u0131 da a\u015fa\u011f\u0131da verece\u011fimiz tarihtir.<\/p>\n<p>Her y\u0131l Haziran ay\u0131n\u0131n 3. hafta sonunda kutlanan <strong>Babalar G\u00fcn\u00fc; 2025 y\u0131l\u0131nda da Haziran ay\u0131n\u0131n 15&#8217;inde, yani Pazar g\u00fcn\u00fc kutlayaca\u011f\u0131z<\/strong>.<\/p>\n<p>Bug\u00fcn\u00fcn tarihiyle &#8220;<strong>Babalar G\u00fcn\u00fc&#8217;ne ka\u00e7 g\u00fcn kald\u0131?<\/strong>&#8221; sorusunun cevab\u0131 bu i\u00e7eri\u011fi okudu\u011funuz tarihe g\u00f6re de\u011fi\u015fiklik g\u00f6sterecek. Yani \u00f6n\u00fcn\u00fczde Babalar G\u00fcn\u00fc s\u00fcrprizinizi haz\u0131rlaman\u0131z i\u00e7in daha vakit var diyebiliriz.<\/p>\n<p><img  loading=\"lazy\"  decoding=\"async\"  class=\"alignnone size-medium wp-image-82177 pk-lazyload\"  src=\"data:image\/png;base64,iVBORw0KGgoAAAANSUhEUgAAAyAAAAHCAQMAAAAtrT+LAAAAA1BMVEUAAP+KeNJXAAAAAXRSTlMAQObYZgAAAAlwSFlzAAAOxAAADsQBlSsOGwAAAENJREFUeNrtwYEAAAAAw6D5U1\/hAFUBAAAAAAAAAAAAAAAAAAAAAAAAAAAAAAAAAAAAAAAAAAAAAAAAAAAAAAAAALwGsYoAAaRlbhAAAAAASUVORK5CYII=\"  alt=\"babalar-gunu-kutlamasi\"  width=\"800\"  height=\"450\"  data-pk-sizes=\"auto\"  data-ls-sizes=\"(max-width: 800px) 100vw, 800px\"  data-pk-src=\"https:\/\/muhiku.com\/blog\/wp-content\/uploads\/2020\/04\/babalar-gunu-kutlamasi-800x450.jpg\"  data-pk-srcset=\"https:\/\/muhiku.com\/blog\/wp-content\/uploads\/2020\/04\/babalar-gunu-kutlamasi-800x450.jpg 800w, https:\/\/muhiku.com\/blog\/wp-content\/uploads\/2020\/04\/babalar-gunu-kutlamasi-320x180.jpg 320w, https:\/\/muhiku.com\/blog\/wp-content\/uploads\/2020\/04\/babalar-gunu-kutlamasi-560x315.jpg 560w, https:\/\/muhiku.com\/blog\/wp-content\/uploads\/2020\/04\/babalar-gunu-kutlamasi-640x360.jpg 640w, https:\/\/muhiku.com\/blog\/wp-content\/uploads\/2020\/04\/babalar-gunu-kutlamasi.jpg 960w\" ><\/p>\n<p>K\u00fc\u00e7\u00fckl\u00fc\u011f\u00fcm\u00fczden itibaren &#8220;Anneyi mi daha \u00e7ok seviyorsun yoksa babay\u0131 m\u0131?&#8221; sorusu ile b\u00fcy\u00fcyen bir nesil oldu\u011fumuz i\u00e7in Babalar G\u00fcn\u00fc&#8217;n\u00fcn Anneler G\u00fcn\u00fc&#8217;nden 1 ay 1 hafta sonra olmas\u0131 hemen dikkatimizi \u00e7ekiyor. Ancak Babalar G\u00fcn\u00fc akl\u0131m\u0131za ilk gelen &#8220;Madem Anneler G\u00fcn\u00fc var \u00f6yleyse Babalar G\u00fcn\u00fc de olsun&#8221; gibi basit bir d\u00fc\u015f\u00fcnceyle ortaya \u00e7\u0131km\u0131\u015f bir g\u00fcn de\u011fildir.<\/p>\n<p>Babalar G\u00fcn\u00fc, Amerikal\u0131 bir vatanda\u015f olan Sonora Smart Dodd&#8217;un annesi \u00f6ld\u00fckten sonra kendi ve karde\u015flerine bakmak i\u00e7in b\u00fcy\u00fck \u00e7aba ve emek g\u00f6steren babalar\u0131na \u00f6zel bir g\u00fcn olmas\u0131 gerekti\u011fini d\u00fc\u015f\u00fcnmesiyle ortaya \u00e7\u0131km\u0131\u015ft\u0131r.<\/p>\n<p>Farkl\u0131 \u00f6zel g\u00fcnlerin kutland\u0131\u011f\u0131 1900&#8217;l\u00fc y\u0131llarda anneler, emek\u00e7iler, doktorlar ve daha bir\u00e7ok ki\u015fi ve olay i\u00e7in \u00f6zel g\u00fcn varken ailesi i\u00e7in can\u0131n\u0131 di\u015fine takan, kendini ikinci plana at\u0131p ailesi i\u00e7in \u00e7abalayan babalar i\u00e7in \u00f6zel bir g\u00fcn bulunmuyordu.<\/p>\n<p>Sonora Smart Dodd belki fark\u0131nda olarak belki de fark\u0131nda olmayarak tarihin en g\u00fczel sonu\u00e7 do\u011furan \u00f6zel g\u00fcn \u00e7al\u0131\u015fmalar\u0131ndan birini yapm\u0131\u015f. Sonucunda ise haziran ay\u0131n\u0131n 3. pazar g\u00fcn\u00fcn\u00fc d\u00fcnya \u00fczerindeki t\u00fcm babalara arma\u011fan etmi\u015ftir.<\/p>\n<h2 id=\"ilk-babalar-gunu-kutlamasi-ne-zaman-olmustur\">\u0130lk Babalar G\u00fcn\u00fc Kutlamas\u0131 Ne Zaman Olmu\u015ftur?<\/h2>\n<p><img  loading=\"lazy\"  decoding=\"async\"  class=\"alignnone size-medium wp-image-82178 pk-lazyload\"  src=\"data:image\/png;base64,iVBORw0KGgoAAAANSUhEUgAAAyAAAAHCAQMAAAAtrT+LAAAAA1BMVEUAAP+KeNJXAAAAAXRSTlMAQObYZgAAAAlwSFlzAAAOxAAADsQBlSsOGwAAAENJREFUeNrtwYEAAAAAw6D5U1\/hAFUBAAAAAAAAAAAAAAAAAAAAAAAAAAAAAAAAAAAAAAAAAAAAAAAAAAAAAAAAALwGsYoAAaRlbhAAAAAASUVORK5CYII=\"  alt=\"tarihte-ilk-babalar-gunu-ne-zaman\"  width=\"800\"  height=\"450\"  data-pk-sizes=\"auto\"  data-ls-sizes=\"(max-width: 800px) 100vw, 800px\"  data-pk-src=\"https:\/\/muhiku.com\/blog\/wp-content\/uploads\/2020\/04\/tarihte-ilk-babalar-gunu-ne-zaman-800x450.jpg\"  data-pk-srcset=\"https:\/\/muhiku.com\/blog\/wp-content\/uploads\/2020\/04\/tarihte-ilk-babalar-gunu-ne-zaman-800x450.jpg 800w, https:\/\/muhiku.com\/blog\/wp-content\/uploads\/2020\/04\/tarihte-ilk-babalar-gunu-ne-zaman-320x180.jpg 320w, https:\/\/muhiku.com\/blog\/wp-content\/uploads\/2020\/04\/tarihte-ilk-babalar-gunu-ne-zaman-560x315.jpg 560w, https:\/\/muhiku.com\/blog\/wp-content\/uploads\/2020\/04\/tarihte-ilk-babalar-gunu-ne-zaman-640x360.jpg 640w, https:\/\/muhiku.com\/blog\/wp-content\/uploads\/2020\/04\/tarihte-ilk-babalar-gunu-ne-zaman.jpg 960w\" ><\/p>\n<p>Haziran ay\u0131n\u0131n 3. pazar g\u00fcn\u00fc kutlanan bu \u00f6zel g\u00fcn\u00fcn hikayesi Anneler G\u00fcn\u00fc&#8217;ne at\u0131f de\u011fil, Babalar G\u00fcn\u00fc&#8217;n\u00fcn ortaya \u00e7\u0131kmas\u0131n\u0131 sa\u011flayan Sonora Smart Dodd ile alakal\u0131.<\/p>\n<p>Sonora&#8217;n\u0131n babas\u0131n\u0131n do\u011fum g\u00fcn\u00fc 5 Haziran&#8217;d\u0131. Sonora karde\u015fleri ve kendisi i\u00e7in b\u00fcy\u00fck emekler harcayan sava\u015f gazisi babas\u0131 i\u00e7in \u00e7ok \u00f6zel bir hediye tasard\u0131. Asl\u0131nda bu hediyeyi babas\u0131na 5 Haziran&#8217;da Babalar G\u00fcn\u00fc&#8217;n\u00fc arma\u011fan etmek istiyordu.<\/p>\n<p>Fakat maalesef b\u00fcrokrasi gelmi\u015f ge\u00e7mi\u015f en g\u00fczel do\u011fum g\u00fcn\u00fc hediyesi olacak bu jesti geciktirmi\u015fti. \u00c7al\u0131\u015fmalar beklenenden uzun s\u00fcrm\u00fc\u015ft\u00fc. Bu sebeple de bu plan suya d\u00fc\u015ft\u00fc. Geciken Babalar G\u00fcn\u00fc, 1910 Haziran ay\u0131n\u0131n 3. Pazar g\u00fcn\u00fc 19 Haziran&#8217;a denk gelmekteydi. Dolay\u0131s\u0131yla 19 Haziran 1910 Babalar G\u00fcn\u00fc&#8217;n\u00fcn ilk kutland\u0131\u011f\u0131 tarih olarak kay\u0131tlara ge\u00e7mi\u015ftir.<\/p>\n<p>Babalar G\u00fcn\u00fc ilk kez 19 Haziran 1910 y\u0131l\u0131nda Washington\u2019un Spokane \u015fehrinde kutlanm\u0131\u015ft\u0131r. Fakat bu tarihlerde Babalar G\u00fcn\u00fc hen\u00fcz resmi olarak ilan edilmemi\u015fti. Babalar g\u00fcn\u00fc i\u00e7in ilk kez 1966\u2019da Amerika Birle\u015fik Devletleri Ba\u015fkan\u0131 Lyndon Johnson bir bildiri yay\u0131mlam\u0131\u015ft\u0131r.<\/p>\n<p>Bu bildiriye g\u00f6re Haziran ay\u0131n\u0131n 3. Pazar g\u00fcn\u00fc Babalar G\u00fcn\u00fc olarak kutlanacakt\u0131r. Richard Nixon ise 1972 y\u0131l\u0131nda Babalar g\u00fcn\u00fcn\u00fc Amerika\u2019da resmi tatil ilan etmi\u015ftir.<\/p>\n<p>Bu yaz\u0131m\u0131zda Babalar G\u00fcn\u00fc ne zaman sorusuna ve nas\u0131l ortaya \u00e7\u0131kt\u0131\u011f\u0131na de\u011findik. Babalar her zaman \u00e7ocuklar\u0131 i\u00e7in rol model olurlar. K\u00fc\u00e7\u00fckken a\u011fabeylerim babam kadar uzun ve g\u00fc\u00e7l\u00fc olmay\u0131 hayal ederlerdi. Ben ise yemeklerimi babam gibi yemeye \u00e7al\u0131\u015f\u0131rd\u0131m.<\/p>\n<h2 id=\"bonus-2025-babalar-gunu-hediyeleriyle-siradanliktan-uzaklasin\">Bonus: 2025 Babalar G\u00fcn\u00fc Hediyeleriyle S\u0131radanl\u0131ktan Uzakla\u015f\u0131n!<\/h2>\n<p>Babalar\u0131m\u0131z, hayat\u0131 \u00f6\u011frendi\u011fimiz ve bize her zaman destek olan oyun arkada\u015flar\u0131m\u0131z. Onlar en b\u00fcy\u00fck destek\u00e7imiz. Onlar her \u015feyin en iyisini ve en \u00f6zelini hak ediyorlar. Dolay\u0131s\u0131yla babalar\u0131m\u0131za Babalar G\u00fcn\u00fc hediyesi bulmak her zaman kolay de\u011fildir. Ancak size bir s\u00fcrprizimiz var!<\/p>\n<p><a href=\"https:\/\/muhiku.com\/babalar-gunu-hediyeleri\/\"><img  loading=\"lazy\"  decoding=\"async\"  class=\"alignnone wp-image-93632 size-medium pk-lazyload\"  src=\"data:image\/png;base64,iVBORw0KGgoAAAANSUhEUgAAAAEAAAABAQMAAAAl21bKAAAAA1BMVEUAAP+KeNJXAAAAAXRSTlMAQObYZgAAAAlwSFlzAAAOxAAADsQBlSsOGwAAAApJREFUCNdjYAAAAAIAAeIhvDMAAAAASUVORK5CYII=\"  alt=\"babalar-gunu-hediyelerini-kesfet-muhiku\"  width=\"800\"  height=\"469\"  data-pk-sizes=\"auto\"  data-ls-sizes=\"(max-width: 800px) 100vw, 800px\"  data-pk-src=\"https:\/\/cdn.muhiku.com\/blog\/wp-content\/uploads\/2023\/06\/babalar-gunu-hediyelerini-kesfet-muhiku-800x469.jpg\"  data-pk-srcset=\"https:\/\/muhiku.com\/blog\/wp-content\/uploads\/2023\/06\/babalar-gunu-hediyelerini-kesfet-muhiku-800x469.jpg 800w, https:\/\/muhiku.com\/blog\/wp-content\/uploads\/2023\/06\/babalar-gunu-hediyelerini-kesfet-muhiku-561x329.jpg 561w, https:\/\/muhiku.com\/blog\/wp-content\/uploads\/2023\/06\/babalar-gunu-hediyelerini-kesfet-muhiku-265x155.jpg 265w, https:\/\/muhiku.com\/blog\/wp-content\/uploads\/2023\/06\/babalar-gunu-hediyelerini-kesfet-muhiku-531x311.jpg 531w, https:\/\/muhiku.com\/blog\/wp-content\/uploads\/2023\/06\/babalar-gunu-hediyelerini-kesfet-muhiku-364x213.jpg 364w, https:\/\/muhiku.com\/blog\/wp-content\/uploads\/2023\/06\/babalar-gunu-hediyelerini-kesfet-muhiku-728x427.jpg 728w, https:\/\/muhiku.com\/blog\/wp-content\/uploads\/2023\/06\/babalar-gunu-hediyelerini-kesfet-muhiku-608x356.jpg 608w, https:\/\/muhiku.com\/blog\/wp-content\/uploads\/2023\/06\/babalar-gunu-hediyelerini-kesfet-muhiku-758x444.jpg 758w, https:\/\/muhiku.com\/blog\/wp-content\/uploads\/2023\/06\/babalar-gunu-hediyelerini-kesfet-muhiku-82x48.jpg 82w, https:\/\/muhiku.com\/blog\/wp-content\/uploads\/2023\/06\/babalar-gunu-hediyelerini-kesfet-muhiku-164x96.jpg 164w, https:\/\/muhiku.com\/blog\/wp-content\/uploads\/2023\/06\/babalar-gunu-hediyelerini-kesfet-muhiku.jpg 1024w\" ><\/a><\/p>\n<p>Baban\u0131za onun sizin biricik kahraman\u0131n\u0131z oldu\u011funu, onu d\u00fc\u015f\u00fcn\u00fcp \u00f6nemsedi\u011finizi hissettirecek Babalar G\u00fcn\u00fc hediyesi\u00a0 se\u00e7menin ne kadar g\u00fc\u00e7 oldu\u011funu biliyoruz. Bu sebeple de size baba hediyeleri konusunda birka\u00e7 tavsiyede bulunaca\u011f\u0131z.<\/p>\n<p>Muhiku bu y\u0131l Babalar G\u00fcn\u00fc hediyesi olarak harika bir koleksiyon haz\u0131rlad\u0131. \u015e\u0131k ve bir o kadar da karizmatik par\u00e7alarla haval\u0131 hediye kutular\u0131 tasarlad\u0131.<\/p>\n<p>Her ya\u015ftan erke\u011fin zevklerine hitap edebilecek babaya hediye se\u00e7enekleri i\u00e7inden baban\u0131z i\u00e7in en do\u011fru hediyeyi se\u00e7ebilirsiniz. E\u011fer bizden bir Babalar G\u00fcn\u00fc hediyesi tavsiyesi isterseniz size Erke\u011fe Hediye Kutusu&#8217;nu \u00f6nerebiliriz.<\/p>\n<h3 id=\"babalar-gunu-hediye-kutusu\">Babalar G\u00fcn\u00fc Hediye Kutusu<\/h3>\n<p>Muhiku&#8217;nun \u00f6zenle tasarlad\u0131\u011f\u0131 baba hediyeleri aras\u0131nda yerini alan Babalar G\u00fcn\u00fc Hediye Kutusu \u015f\u0131k ve i\u015flevsel par\u00e7alardan olu\u015fuyor. Baban\u0131z\u0131n severek kullanaca\u011f\u0131 hediyeliklerle dolu olan bu kutu, eminiz ki kahraman baban\u0131z\u0131n kalbini \u00e7alacak. \u0130deal bir Babalar G\u00fcn\u00fc hediyesi olan bu yenilik\u00e7i hediye kutusu i\u00e7erisinde;<\/p>\n<p>Dilerseniz kutunuzun i\u00e7ine Babalar G\u00fcn\u00fc&#8217;ne \u00f6zel bir hediye notu da ekleyebilirsiniz. B\u00f6ylelikle babaya al\u0131nacak hediyeler listesinin ilk s\u0131ras\u0131nda yer alan bu hediyeyi g\u00fcn\u00fcn anlam ve \u00f6nemine uygun hale getirebilirsiniz.<\/p>\n<p>Ayr\u0131ca hediyenizin etki g\u00fcc\u00fcn\u00fc de artt\u0131rabilirsiniz. Babalar G\u00fcn\u00fc&#8217;ne dair yaz\u0131lm\u0131\u015f en g\u00fczel s\u00f6zler ile haz\u0131rlanm\u0131\u015f blog yaz\u0131m\u0131z hediye notunuzu yazarken size klavuzluk edecek.<\/p>\n<p>T\u00fcm babalar\u0131n Babalar G\u00fcn\u00fc kutlu olsun!<\/p>\n","protected":false},"excerpt":{"rendered":"Babalar G\u00fcn\u00fc hepimizin kutlamak istedi\u011fi \u00f6nemli bir g\u00fcn olsa da &#8220;Babalar G\u00fcn\u00fc ne zaman?&#8221; sorusunu di\u011fer \u00f6zel g\u00fcnlere&hellip;\n","protected":false},"author":1,"featured_media":82175,"comment_status":"open","ping_status":"open","sticky":false,"template":"","format":"standard","meta":{"footnotes":""},"categories":[147,132,135,209,150],"tags":[],"yoast_head":"<!-- This site is optimized with the Yoast SEO plugin v22.5 - https:\/\/yoast.com\/wordpress\/plugins\/seo\/ -->\n<title>D\u00fcnyada ve T\u00fcrkiye&#039;de Babalar G\u00fcn\u00fc Ne Zaman? - Muhiku<\/title>\n<meta name=\"description\" content=\"Babalar G\u00fcn\u00fc ne zaman? Do\u011fdu\u011fumuz g\u00fcnden beri yan\u0131m\u0131zda olan en b\u00fcy\u00fck kahraman\u0131m\u0131za \u00f6zel bu g\u00fcn, hangi g\u00fcn kutlanacak?\" \/>\n<meta name=\"robots\" content=\"index, follow, max-snippet:-1, max-image-preview:large, max-video-preview:-1\" \/>\n<link rel=\"canonical\" href=\"https:\/\/muhiku.com\/blog\/babalar-gunu-ne-zaman\/\" \/>\n<meta property=\"og:locale\" content=\"tr_TR\" \/>\n<meta property=\"og:type\" content=\"article\" \/>\n<meta property=\"og:title\" content=\"D\u00fcnyada ve T\u00fcrkiye&#039;de Babalar G\u00fcn\u00fc Ne Zaman? - Muhiku\" \/>\n<meta property=\"og:description\" content=\"Babalar G\u00fcn\u00fc ne zaman? Do\u011fdu\u011fumuz g\u00fcnden beri yan\u0131m\u0131zda olan en b\u00fcy\u00fck kahraman\u0131m\u0131za \u00f6zel bu g\u00fcn, hangi g\u00fcn kutlanacak?\" \/>\n<meta property=\"og:url\" content=\"https:\/\/muhiku.com\/blog\/babalar-gunu-ne-zaman\/\" \/>\n<meta property=\"og:site_name\" content=\"Muhiku\" \/>\n<meta property=\"article:published_time\" content=\"2019-05-20T11:03:41+00:00\" \/>\n<meta property=\"article:modified_time\" content=\"2024-09-16T13:38:11+00:00\" \/>\n<meta property=\"og:image\" content=\"https:\/\/cdn.muhiku.com\/blog\/wp-content\/uploads\/2020\/04\/babalar-gunu-ne-zaman-2020.jpg?x27751\" \/>\n\t<meta property=\"og:image:width\" content=\"960\" \/>\n\t<meta property=\"og:image:height\" content=\"540\" \/>\n\t<meta property=\"og:image:type\" content=\"image\/jpeg\" \/>\n<meta name=\"author\" content=\"aureme\" \/>\n<meta name=\"twitter:card\" content=\"summary_large_image\" \/>\n<meta name=\"twitter:label1\" content=\"Written by\" \/>\n\t<meta name=\"twitter:data1\" content=\"aureme\" \/>\n\t<meta name=\"twitter:label2\" content=\"Est. reading time\" \/>\n\t<meta name=\"twitter:data2\" content=\"6 dakika\" \/>\n<script type=\"application\/ld+json\" class=\"yoast-schema-graph\">{\"@context\":\"https:\/\/schema.org\",\"@graph\":[{\"@type\":\"Article\",\"@id\":\"https:\/\/muhiku.com\/blog\/babalar-gunu-ne-zaman\/#article\",\"isPartOf\":{\"@id\":\"https:\/\/muhiku.com\/blog\/babalar-gunu-ne-zaman\/\"},\"author\":{\"name\":\"aureme\",\"@id\":\"https:\/\/muhiku.com\/blog\/#\/schema\/person\/7a195f57fd9f07ded173d7453f603dc1\",\"url\":\"https:\/\/muhiku.com\/blog\/\"},\"headline\":\"D\u00fcnyada ve T\u00fcrkiye&#8217;de Babalar G\u00fcn\u00fc Ne Zaman?\",\"datePublished\":\"2019-05-20T11:03:41+00:00\",\"dateModified\":\"2024-09-16T13:38:11+00:00\",\"mainEntityOfPage\":{\"@id\":\"https:\/\/muhiku.com\/blog\/babalar-gunu-ne-zaman\/\"},\"wordCount\":1182,\"commentCount\":0,\"publisher\":{\"@id\":\"https:\/\/muhiku.com\/blog\/#organization\"},\"image\":{\"@id\":\"https:\/\/muhiku.com\/blog\/babalar-gunu-ne-zaman\/#primaryimage\"},\"thumbnailUrl\":\"https:\/\/muhiku.com\/blog\/wp-content\/uploads\/2020\/04\/babalar-gunu-ne-zaman-2020.jpg\",\"articleSection\":[\"Babalar G\u00fcn\u00fc Hediyeleri\",\"Babaya Hediye\",\"Erke\u011fe Hediye\",\"Hediye\",\"\u00d6zel G\u00fcnler\"],\"inLanguage\":\"tr\",\"potentialAction\":[{\"@type\":\"CommentAction\",\"name\":\"Comment\",\"target\":[\"https:\/\/muhiku.com\/blog\/babalar-gunu-ne-zaman\/#respond\"]}]},{\"@type\":\"WebPage\",\"@id\":\"https:\/\/muhiku.com\/blog\/babalar-gunu-ne-zaman\/\",\"url\":\"https:\/\/muhiku.com\/blog\/babalar-gunu-ne-zaman\/\",\"name\":\"D\u00fcnyada ve T\u00fcrkiye'de Babalar G\u00fcn\u00fc Ne Zaman? - Muhiku\",\"isPartOf\":{\"@id\":\"https:\/\/muhiku.com\/blog\/#website\"},\"primaryImageOfPage\":{\"@id\":\"https:\/\/muhiku.com\/blog\/babalar-gunu-ne-zaman\/#primaryimage\"},\"image\":{\"@id\":\"https:\/\/muhiku.com\/blog\/babalar-gunu-ne-zaman\/#primaryimage\"},\"thumbnailUrl\":\"https:\/\/muhiku.com\/blog\/wp-content\/uploads\/2020\/04\/babalar-gunu-ne-zaman-2020.jpg\",\"datePublished\":\"2019-05-20T11:03:41+00:00\",\"dateModified\":\"2024-09-16T13:38:11+00:00\",\"description\":\"Babalar G\u00fcn\u00fc ne zaman? Do\u011fdu\u011fumuz g\u00fcnden beri yan\u0131m\u0131zda olan en b\u00fcy\u00fck kahraman\u0131m\u0131za \u00f6zel bu g\u00fcn, hangi g\u00fcn kutlanacak?\",\"breadcrumb\":{\"@id\":\"https:\/\/muhiku.com\/blog\/babalar-gunu-ne-zaman\/#breadcrumb\"},\"inLanguage\":\"tr\",\"potentialAction\":[{\"@type\":\"ReadAction\",\"target\":[\"https:\/\/muhiku.com\/blog\/babalar-gunu-ne-zaman\/\"]}]},{\"@type\":\"ImageObject\",\"inLanguage\":\"tr\",\"@id\":\"https:\/\/muhiku.com\/blog\/babalar-gunu-ne-zaman\/#primaryimage\",\"url\":\"https:\/\/muhiku.com\/blog\/wp-content\/uploads\/2020\/04\/babalar-gunu-ne-zaman-2020.jpg\",\"contentUrl\":\"https:\/\/muhiku.com\/blog\/wp-content\/uploads\/2020\/04\/babalar-gunu-ne-zaman-2020.jpg\",\"width\":960,\"height\":540,\"caption\":\"babalar-gunu-ne-zaman-2020\"},{\"@type\":\"BreadcrumbList\",\"@id\":\"https:\/\/muhiku.com\/blog\/babalar-gunu-ne-zaman\/#breadcrumb\",\"itemListElement\":[{\"@type\":\"ListItem\",\"position\":1,\"name\":\"Blog\",\"item\":\"https:\/\/muhiku.com\/blog\/\"},{\"@type\":\"ListItem\",\"position\":2,\"name\":\"D\u00fcnyada ve T\u00fcrkiye&#8217;de Babalar G\u00fcn\u00fc Ne Zaman?\"}]},{\"@type\":\"WebSite\",\"@id\":\"https:\/\/muhiku.com\/blog\/#website\",\"url\":\"https:\/\/muhiku.com\/blog\/\",\"name\":\"Muhiku\",\"description\":\"Yenilik\u00e7i Hediye Rehberi\",\"publisher\":{\"@id\":\"https:\/\/muhiku.com\/blog\/#organization\"},\"inLanguage\":\"tr\"},{\"@type\":\"Organization\",\"@id\":\"https:\/\/muhiku.com\/blog\/#organization\",\"name\":\"Muhiku\",\"url\":\"https:\/\/muhiku.com\/blog\/\",\"logo\":{\"@type\":\"ImageObject\",\"inLanguage\":\"tr\",\"@id\":\"https:\/\/muhiku.com\/blog\/#\/schema\/logo\/image\/\",\"url\":\"https:\/\/muhiku.com\/blog\/wp-content\/uploads\/2019\/04\/logo-kare-1.png\",\"contentUrl\":\"https:\/\/muhiku.com\/blog\/wp-content\/uploads\/2019\/04\/logo-kare-1.png\",\"width\":1080,\"height\":1080,\"caption\":\"Muhiku\"},\"image\":{\"@id\":\"https:\/\/muhiku.com\/blog\/#\/schema\/logo\/image\/\"}},{\"@type\":\"Person\",\"@id\":\"https:\/\/muhiku.com\/blog\/#\/schema\/person\/7a195f57fd9f07ded173d7453f603dc1\",\"name\":\"aureme\",\"image\":{\"@type\":\"ImageObject\",\"inLanguage\":\"tr\",\"@id\":\"https:\/\/muhiku.com\/blog\/#\/schema\/person\/image\/\",\"url\":\"https:\/\/secure.gravatar.com\/avatar\/a5bde9543cb85440d26570cb167cc660?s=96&d=mm&r=g\",\"contentUrl\":\"https:\/\/secure.gravatar.com\/avatar\/a5bde9543cb85440d26570cb167cc660?s=96&d=mm&r=g\",\"caption\":\"aureme\"}}]}<\/script>\n<!-- \/ Yoast SEO plugin. -->","yoast_head_json":{"title":"D\u00fcnyada ve T\u00fcrkiye'de Babalar G\u00fcn\u00fc Ne Zaman? - Muhiku","description":"Babalar G\u00fcn\u00fc ne zaman? Do\u011fdu\u011fumuz g\u00fcnden beri yan\u0131m\u0131zda olan en b\u00fcy\u00fck kahraman\u0131m\u0131za \u00f6zel bu g\u00fcn, hangi g\u00fcn kutlanacak?","robots":{"index":"index","follow":"follow","max-snippet":"max-snippet:-1","max-image-preview":"max-image-preview:large","max-video-preview":"max-video-preview:-1"},"canonical":"https:\/\/muhiku.com\/blog\/babalar-gunu-ne-zaman\/","og_locale":"tr_TR","og_type":"article","og_title":"D\u00fcnyada ve T\u00fcrkiye'de Babalar G\u00fcn\u00fc Ne Zaman? - Muhiku","og_description":"Babalar G\u00fcn\u00fc ne zaman? Do\u011fdu\u011fumuz g\u00fcnden beri yan\u0131m\u0131zda olan en b\u00fcy\u00fck kahraman\u0131m\u0131za \u00f6zel bu g\u00fcn, hangi g\u00fcn kutlanacak?","og_url":"https:\/\/muhiku.com\/blog\/babalar-gunu-ne-zaman\/","og_site_name":"Muhiku","article_published_time":"2019-05-20T11:03:41+00:00","article_modified_time":"2024-09-16T13:38:11+00:00","og_image":[{"width":960,"height":540,"url":"https:\/\/cdn.muhiku.com\/blog\/wp-content\/uploads\/2020\/04\/babalar-gunu-ne-zaman-2020.jpg?x27751","type":"image\/jpeg"}],"author":"aureme","twitter_card":"summary_large_image","twitter_misc":{"Written by":"aureme","Est. reading time":"6 dakika"},"schema":{"@context":"https:\/\/schema.org","@graph":[{"@type":"Article","@id":"https:\/\/muhiku.com\/blog\/babalar-gunu-ne-zaman\/#article","isPartOf":{"@id":"https:\/\/muhiku.com\/blog\/babalar-gunu-ne-zaman\/"},"author":{"name":"aureme","@id":"https:\/\/muhiku.com\/blog\/#\/schema\/person\/7a195f57fd9f07ded173d7453f603dc1","url":"https:\/\/muhiku.com\/blog\/"},"headline":"D\u00fcnyada ve T\u00fcrkiye&#8217;de Babalar G\u00fcn\u00fc Ne Zaman?","datePublished":"2019-05-20T11:03:41+00:00","dateModified":"2024-09-16T13:38:11+00:00","mainEntityOfPage":{"@id":"https:\/\/muhiku.com\/blog\/babalar-gunu-ne-zaman\/"},"wordCount":1182,"commentCount":0,"publisher":{"@id":"https:\/\/muhiku.com\/blog\/#organization"},"image":{"@id":"https:\/\/muhiku.com\/blog\/babalar-gunu-ne-zaman\/#primaryimage"},"thumbnailUrl":"https:\/\/muhiku.com\/blog\/wp-content\/uploads\/2020\/04\/babalar-gunu-ne-zaman-2020.jpg","articleSection":["Babalar G\u00fcn\u00fc Hediyeleri","Babaya Hediye","Erke\u011fe Hediye","Hediye","\u00d6zel G\u00fcnler"],"inLanguage":"tr","potentialAction":[{"@type":"CommentAction","name":"Comment","target":["https:\/\/muhiku.com\/blog\/babalar-gunu-ne-zaman\/#respond"]}]},{"@type":"WebPage","@id":"https:\/\/muhiku.com\/blog\/babalar-gunu-ne-zaman\/","url":"https:\/\/muhiku.com\/blog\/babalar-gunu-ne-zaman\/","name":"D\u00fcnyada ve T\u00fcrkiye'de Babalar G\u00fcn\u00fc Ne Zaman? - Muhiku","isPartOf":{"@id":"https:\/\/muhiku.com\/blog\/#website"},"primaryImageOfPage":{"@id":"https:\/\/muhiku.com\/blog\/babalar-gunu-ne-zaman\/#primaryimage"},"image":{"@id":"https:\/\/muhiku.com\/blog\/babalar-gunu-ne-zaman\/#primaryimage"},"thumbnailUrl":"https:\/\/muhiku.com\/blog\/wp-content\/uploads\/2020\/04\/babalar-gunu-ne-zaman-2020.jpg","datePublished":"2019-05-20T11:03:41+00:00","dateModified":"2024-09-16T13:38:11+00:00","description":"Babalar G\u00fcn\u00fc ne zaman? Do\u011fdu\u011fumuz g\u00fcnden beri yan\u0131m\u0131zda olan en b\u00fcy\u00fck kahraman\u0131m\u0131za \u00f6zel bu g\u00fcn, hangi g\u00fcn kutlanacak?","breadcrumb":{"@id":"https:\/\/muhiku.com\/blog\/babalar-gunu-ne-zaman\/#breadcrumb"},"inLanguage":"tr","potentialAction":[{"@type":"ReadAction","target":["https:\/\/muhiku.com\/blog\/babalar-gunu-ne-zaman\/"]}]},{"@type":"ImageObject","inLanguage":"tr","@id":"https:\/\/muhiku.com\/blog\/babalar-gunu-ne-zaman\/#primaryimage","url":"https:\/\/muhiku.com\/blog\/wp-content\/uploads\/2020\/04\/babalar-gunu-ne-zaman-2020.jpg","contentUrl":"https:\/\/muhiku.com\/blog\/wp-content\/uploads\/2020\/04\/babalar-gunu-ne-zaman-2020.jpg","width":960,"height":540,"caption":"babalar-gunu-ne-zaman-2020"},{"@type":"BreadcrumbList","@id":"https:\/\/muhiku.com\/blog\/babalar-gunu-ne-zaman\/#breadcrumb","itemListElement":[{"@type":"ListItem","position":1,"name":"Blog","item":"https:\/\/muhiku.com\/blog\/"},{"@type":"ListItem","position":2,"name":"D\u00fcnyada ve T\u00fcrkiye&#8217;de Babalar G\u00fcn\u00fc Ne Zaman?"}]},{"@type":"WebSite","@id":"https:\/\/muhiku.com\/blog\/#website","url":"https:\/\/muhiku.com\/blog\/","name":"Muhiku","description":"Yenilik\u00e7i Hediye Rehberi","publisher":{"@id":"https:\/\/muhiku.com\/blog\/#organization"},"inLanguage":"tr"},{"@type":"Organization","@id":"https:\/\/muhiku.com\/blog\/#organization","name":"Muhiku","url":"https:\/\/muhiku.com\/blog\/","logo":{"@type":"ImageObject","inLanguage":"tr","@id":"https:\/\/muhiku.com\/blog\/#\/schema\/logo\/image\/","url":"https:\/\/muhiku.com\/blog\/wp-content\/uploads\/2019\/04\/logo-kare-1.png","contentUrl":"https:\/\/muhiku.com\/blog\/wp-content\/uploads\/2019\/04\/logo-kare-1.png","width":1080,"height":1080,"caption":"Muhiku"},"image":{"@id":"https:\/\/muhiku.com\/blog\/#\/schema\/logo\/image\/"}},{"@type":"Person","@id":"https:\/\/muhiku.com\/blog\/#\/schema\/person\/7a195f57fd9f07ded173d7453f603dc1","name":"aureme","image":{"@type":"ImageObject","inLanguage":"tr","@id":"https:\/\/muhiku.com\/blog\/#\/schema\/person\/image\/","url":"https:\/\/secure.gravatar.com\/avatar\/a5bde9543cb85440d26570cb167cc660?s=96&d=mm&r=g","contentUrl":"https:\/\/secure.gravatar.com\/avatar\/a5bde9543cb85440d26570cb167cc660?s=96&d=mm&r=g","caption":"aureme"}}]}},"_links":{"self":[{"href":"https:\/\/muhiku.com\/blog\/wp-json\/wp\/v2\/posts\/78860"}],"collection":[{"href":"https:\/\/muhiku.com\/blog\/wp-json\/wp\/v2\/posts"}],"about":[{"href":"https:\/\/muhiku.com\/blog\/wp-json\/wp\/v2\/types\/post"}],"author":[{"embeddable":true,"href":"https:\/\/muhiku.com\/blog\/wp-json\/wp\/v2\/users\/1"}],"replies":[{"embeddable":true,"href":"https:\/\/muhiku.com\/blog\/wp-json\/wp\/v2\/comments?post=78860"}],"version-history":[{"count":18,"href":"https:\/\/muhiku.com\/blog\/wp-json\/wp\/v2\/posts\/78860\/revisions"}],"predecessor-version":[{"id":99687,"href":"https:\/\/muhiku.com\/blog\/wp-json\/wp\/v2\/posts\/78860\/revisions\/99687"}],"wp:featuredmedia":[{"embeddable":true,"href":"https:\/\/muhiku.com\/blog\/wp-json\/wp\/v2\/media\/82175"}],"wp:attachment":[{"href":"https:\/\/muhiku.com\/blog\/wp-json\/wp\/v2\/media?parent=78860"}],"wp:term":[{"taxonomy":"category","embeddable":true,"href":"https:\/\/muhiku.com\/blog\/wp-json\/wp\/v2\/categories?post=78860"},{"taxonomy":"post_tag","embeddable":true,"href":"https:\/\/muhiku.com\/blog\/wp-json\/wp\/v2\/tags?post=78860"}],"curies":[{"name":"wp","href":"https:\/\/api.w.org\/{rel}","templated":true}]}}