{"id":13608,"date":"2019-05-01T11:56:12","date_gmt":"2019-05-01T11:56:12","guid":{"rendered":"https:\/\/muhiku.com\/?p=13608"},"modified":"2025-07-07T12:04:20","modified_gmt":"2025-07-07T09:04:20","slug":"kitap-ozeti-ikigai","status":"publish","type":"post","link":"https:\/\/muhiku.com\/blog\/kitap-ozeti-ikigai\/","title":{"rendered":"Ikigai &#8211; Japonlar\u0131n Uzun ve Mutlu Ya\u015fam S\u0131rr\u0131 Kitap \u00d6zeti"},"content":{"rendered":"<p>Son zamanlarda kimsenin elinden d\u00fc\u015fmeyen <strong>Ikigai<\/strong>, Japonlar\u0131n uzun ve mutlu ya\u015fam s\u0131rr\u0131n\u0131n payla\u015f\u0131ld\u0131\u011f\u0131 bir kitapt\u0131r. Birden fazla yazar taraf\u0131ndan kaleme al\u0131nan bu kitap okuyaca\u011f\u0131n\u0131z en faydal\u0131 kitaplardan biri olacakt\u0131r. Ayr\u0131ca sevdiklerinize arma\u011fan edebilece\u011finiz harika bir hediye.<\/p>\n<p>Kitap okumak; hi\u00e7 bilmedi\u011fimiz diyarlarda, hi\u00e7 bilmedi\u011fimiz kahramanlar\u0131n hikayelerine ortak olmakt\u0131r. Kitap okumak, bulundu\u011funuz ana s\u0131rt\u0131m\u0131z\u0131 d\u00f6n\u00fcp bamba\u015fka bir zihnimizi ve ruhumuzu dinlendirmektir. Bu a\u00e7\u0131dan bakt\u0131\u011f\u0131m\u0131z zaman kitap; paha bi\u00e7ilemeyen bir hediye ve benzeri olmayan bir dosttur.<\/p>\n<p>Sizi ve sevdiklerinizi s\u0131ra d\u0131\u015f\u0131 kahramanlar\u0131n, s\u0131ra d\u0131\u015f\u0131 hikayelerine konuk olmaya davet ediyoruz! Muhiku olarak tasarlad\u0131\u011f\u0131m\u0131z hediye kutular\u0131yla \u00e7ay ve kahve keyfine ortak, kitap arkada\u015f\u0131 ya da e\u011flencesinin mimar\u0131 olabilirsiniz.<\/p>\n<p>Bug\u00fcn siz de Muhiku hediye kutular\u0131\u00a0ile hem kendinizin hem de sevdiklerinizin hayat\u0131na de\u011fer katabilirsiniz!<\/p>\n<h2 id=\"yazarlari-hakkinda-bilgi\">Yazarlar\u0131 Hakk\u0131nda Bilgi<\/h2>\n<p><img  loading=\"lazy\"  decoding=\"async\"  class=\"alignnone size-medium wp-image-86233 pk-lazyload\"  src=\"data:image\/png;base64,iVBORw0KGgoAAAANSUhEUgAAAAEAAAABAQMAAAAl21bKAAAAA1BMVEUAAP+KeNJXAAAAAXRSTlMAQObYZgAAAAlwSFlzAAAOxAAADsQBlSsOGwAAAApJREFUCNdjYAAAAAIAAeIhvDMAAAAASUVORK5CYII=\"  alt=\"yazar-muhiku-blog\"  width=\"800\"  height=\"469\"  data-pk-sizes=\"auto\"  data-ls-sizes=\"(max-width: 800px) 100vw, 800px\"  data-pk-src=\"https:\/\/muhiku.com\/blog\/wp-content\/uploads\/2021\/07\/yazar-muhiku-blog-800x469.jpg\"  data-pk-srcset=\"https:\/\/muhiku.com\/blog\/wp-content\/uploads\/2021\/07\/yazar-muhiku-blog-800x469.jpg 800w, https:\/\/muhiku.com\/blog\/wp-content\/uploads\/2021\/07\/yazar-muhiku-blog-120x70.jpg 120w, https:\/\/muhiku.com\/blog\/wp-content\/uploads\/2021\/07\/yazar-muhiku-blog-90x53.jpg 90w, https:\/\/muhiku.com\/blog\/wp-content\/uploads\/2021\/07\/yazar-muhiku-blog-320x188.jpg 320w, https:\/\/muhiku.com\/blog\/wp-content\/uploads\/2021\/07\/yazar-muhiku-blog-560x328.jpg 560w, https:\/\/muhiku.com\/blog\/wp-content\/uploads\/2021\/07\/yazar-muhiku-blog.jpg 1024w\" ><\/p>\n<p>Ikigai kitab\u0131n\u0131n \u00f6zetine ge\u00e7meden \u00f6nce yazarlar\u0131n\u0131 tan\u0131tmak isteriz. Bu eser Hector Garcia ve Francesc Miralles taraf\u0131ndan kaleme al\u0131nm\u0131\u015ft\u0131r. Japonlar\u0131n g\u00fcnl\u00fck ya\u015fant\u0131s\u0131n\u0131 ve k\u00fclt\u00fcr\u00fcn\u00fc anlatan ki\u015fisel geli\u015fim kitab\u0131 son zamanlarda \u00fclkemizde olduk\u00e7a pop\u00fclerle\u015fmi\u015ftir.<\/p>\n<p><strong>Hector Garcia<\/strong><\/p>\n<p>1981 y\u0131l\u0131nda \u0130spanya&#8217;da do\u011fmu\u015ftur, 2004 y\u0131l\u0131nda Tokyo&#8217;ya ta\u015f\u0131nm\u0131\u015f, ve Japonya&#8217;yla ilgili g\u00f6zlemlerine hem A Greek in Japan kitab\u0131nda hem blog yaz\u0131lar\u0131nda hem de dergilere yazd\u0131\u011f\u0131 makalelerde yer vermi\u015ftir. 10 y\u0131ldan fazla ya\u015fad\u0131\u011f\u0131 \u015fehirde okuyucular\u0131yla birlikte her g\u00fcn yeniden \u015fehri ke\u015ffetmektedir.<\/p>\n<p><strong>Francese Miralles<\/strong><\/p>\n<p>\u0130spanyol yazar, \u00e7evirmen ve m\u00fczisyendir. 1968 y\u0131l\u0131nda \u0130spanya&#8217;da do\u011fmu\u015ftur.\u00a0 \u00d6zellikle ki\u015fisel geli\u015fim kitaplar\u0131nda uzmanla\u015fan Miralles bir yay\u0131nevinde edit\u00f6rl\u00fck yapt\u0131ktan sonra istifa etmi\u015ftir. \u015eans\u0131n\u0131 yazarl\u0131kta denemeye karar vermi\u015f.<\/p>\n<p>Gen\u00e7 yeti\u015fkinler i\u00e7in yazd\u0131\u011f\u0131 kitap b\u00fcy\u00fck bir ba\u015far\u0131 yakalay\u0131nca kendini yazmaya adam\u0131\u015ft\u0131r. Gazetecilik alan\u0131na da kayan yazar, \u0130spanya&#8217;n\u0131n baz\u0131 gazete ve dergilerine yaz\u0131lar g\u00f6ndermeye devam etmektedir.<\/p>\n<h2 id=\"ikigai-kitabinin-ozeti\">Ikigai Kitab\u0131n\u0131n \u00d6zeti<\/h2>\n<p><img  loading=\"lazy\"  decoding=\"async\"  class=\"alignnone size-medium wp-image-86231 pk-lazyload\"  src=\"data:image\/png;base64,iVBORw0KGgoAAAANSUhEUgAAAAEAAAABAQMAAAAl21bKAAAAA1BMVEUAAP+KeNJXAAAAAXRSTlMAQObYZgAAAAlwSFlzAAAOxAAADsQBlSsOGwAAAApJREFUCNdjYAAAAAIAAeIhvDMAAAAASUVORK5CYII=\"  alt=\"ikigai-konu\"  width=\"800\"  height=\"469\"  data-pk-sizes=\"auto\"  data-ls-sizes=\"(max-width: 800px) 100vw, 800px\"  data-pk-src=\"https:\/\/muhiku.com\/blog\/wp-content\/uploads\/2021\/07\/ikigai-konu-800x469.jpg\"  data-pk-srcset=\"https:\/\/muhiku.com\/blog\/wp-content\/uploads\/2021\/07\/ikigai-konu-800x469.jpg 800w, https:\/\/muhiku.com\/blog\/wp-content\/uploads\/2021\/07\/ikigai-konu-120x70.jpg 120w, https:\/\/muhiku.com\/blog\/wp-content\/uploads\/2021\/07\/ikigai-konu-90x53.jpg 90w, https:\/\/muhiku.com\/blog\/wp-content\/uploads\/2021\/07\/ikigai-konu-320x188.jpg 320w, https:\/\/muhiku.com\/blog\/wp-content\/uploads\/2021\/07\/ikigai-konu-560x328.jpg 560w, https:\/\/muhiku.com\/blog\/wp-content\/uploads\/2021\/07\/ikigai-konu.jpg 1024w\" ><\/p>\n<p><em>&#8221;Japonlar herkesin bir ikigaisi oldu\u011funa inan\u0131r, her sabah yataktan kalkmalar\u0131 i\u00e7in bir sebepleri vard\u0131r. \u0130lham verici ve rahatlat\u0131c\u0131 bu kitap sizlere kendi ikigainizi ke\u015ffetmeniz i\u00e7in gerekli t\u00fcm bilgileri veriyor. Aceleci davranmaman\u0131z\u0131, hayat gayenizi ke\u015ffetmenizi, ili\u015fkilerinizi canland\u0131rman\u0131z\u0131 ve kendinizi tutkular\u0131n\u0131za adaman\u0131z\u0131 sa\u011fl\u0131yor. \u00d6yle ya, kim her g\u00fcn\u00fcn\u00fc mutlu ya\u015famak istemez ki?&#8221;<strong>\u00a0<\/strong><\/em><\/p>\n<p>Her \u00fclkeye ait bir ya\u015fam felsefesi vard\u0131r Japonya&#8217;n\u0131n felsefelerinden biri de<strong> Ikigai<\/strong>&#8216;dir. Japonya\u2019n\u0131n Okinawa tak\u0131madalar\u0131nda ya\u015fayan halk, D\u00fcnya \u00fczerinde ya\u015f ortalamas\u0131 en y\u00fcksek olarak biliniyor.<\/p>\n<p>\u0130nsan \u00f6mr\u00fcn\u00fcn 100 sene ortalamas\u0131ndan da y\u00fcksek oldu\u011fu Okinawa halk\u0131n\u0131n s\u0131rr\u0131 ise g\u00fcn\u00fcm\u00fczde \u015f\u00f6hretini Okinawa\u2019dan binlerce kilometre \u00f6telere kadar ta\u015f\u0131maya ba\u015flayan; \u0130kigai. Peki, nedir bu \u0130kigai?<\/p>\n<p><strong>\u0130ki\u201d hayat, \u201cGai\u201d de ama\u00e7, gaye anlamlar\u0131na geliyor.<\/strong> <strong>Ikigai<\/strong>\u2019yi k\u0131saca kelime olarak; <strong>\u201cHayat\u0131n Amac\u0131\u201d<\/strong> olarak tan\u0131mlayabiliriz.\u00a0Japonlar herkesin bir ikigaisi oldu\u011funa inan\u0131r, insanlar\u0131n her sabah yataktan kalkmalar\u0131 i\u00e7in bir sebepleri vard\u0131r.<\/p>\n<p>Japon k\u00fclt\u00fcr\u00fcnde emeklilik kelimesi yoktur. \u00d6lmek istiyorsan emekli ol gibi me\u015fhur deyimleri vard\u0131r. Ne olursa olsun, sa\u011fl\u0131klar\u0131 el verdik\u00e7e i\u015flerini hevesle yapmaya devam ederler \u00f6zetle &#8221;i\u015fleyen demir \u0131\u015f\u0131ldar&#8221; felsefesi hakimdir.<\/p>\n<h3 id=\"ikigai-felsefesi\">Ikigai Felsefesi<\/h3>\n<p>Japonlar\u0131n <strong>ikigai felsefesi 4 elemente dayan\u0131yor<\/strong>: sevdi\u011fin, iyi oldu\u011fun, insanl\u0131\u011fa hizmet eden ve para kazand\u0131\u011f\u0131n bir \u015feyi yaparsan varolu\u015f sebebine ula\u015f\u0131rs\u0131n. Bir nevi mutlu olma veya halinden memnun olma hali ama bu \u00fc\u00e7 \u00f6geden biri varken biri eksik olursa, duygusal hata durumlar\u0131 ortaya \u00e7\u0131kar. \u015e\u00f6yle ki:<\/p>\n<ul>\n<li>Sevmedi\u011fin \u015feyi yaparsan: rahats\u0131n ama bo\u015fluktay\u0131m hissi,<\/li>\n<li>\u0130nsanl\u0131\u011fa hizmet etmedi\u011fin durum: tatmin olur ama i\u015fe yaramazl\u0131k hissi,<\/li>\n<li>Para almad\u0131\u011f\u0131n \u015feyi yaparsan: haz ve doygunluk var ama parasal rahatl\u0131k olmaz,<\/li>\n<li>\u0130yi olmad\u0131\u011f\u0131n \u015feyi yaparsan: heyecan ve ho\u015fnutluk var ama belirsizlik hissi olur.<\/li>\n<\/ul>\n<p>Bunun yan\u0131nda da 2 elementin birlikte oldu\u011fu yerlerde de ek durumlar oldu\u011fu ifade ediliyor;<\/p>\n<ul>\n<li>2 elementin bir arada oldu\u011fu sevdi\u011fin ve iyi oldu\u011fun duruma: tutku,<\/li>\n<li>iyi oldu\u011fun ve parasal kazan\u00e7 sa\u011flad\u0131\u011f\u0131n duruma: uzmanl\u0131k,<\/li>\n<li>para kazand\u0131\u011f\u0131n ve insanl\u0131\u011fa hizmet etti\u011fin duruma: kutsal g\u00f6rev,<\/li>\n<li>insanl\u0131\u011fa hizmet etti\u011fin ve sevdi\u011fin duruma: misyon, g\u00f6rev olur.<\/li>\n<\/ul>\n<p>\u0130ki yazar\u0131n da s\u0131k s\u0131k vurgu yapt\u0131\u011f\u0131 konu:\u00a0asla vazge\u00e7memek, neyi sevdi\u011fini aramak, hayat\u0131m\u0131zda olumsuz \u015feyler olsa bile g\u00fclecek yanlar bulabilmek. \u00d6nemli olan ya\u015fanan olumsuzluklar de\u011fil o olumsuzluklarla nas\u0131l ba\u015fa \u00e7\u0131k\u0131ld\u0131\u011f\u0131d\u0131r.<\/p>\n<p>Y\u0131llar sonra insan geriye bakt\u0131\u011f\u0131nda dolu dolu ya\u015fanan an\u0131lar g\u00f6rmeli. \u0130kigai sadece para kazanmak de\u011fil, bizim varl\u0131k sebebimiz, hayat\u0131m\u0131za anlam katan \u015fey. Bunu buldu\u011fumuzda \u00a0ise zaman su gibi ak\u0131p gidecektir.<\/p>\n<h3 id=\"ikigainin-10-kurali\"><strong>Ikigai<\/strong>\u2019nin 10 kural\u0131<\/h3>\n<ul>\n<li>\u00d6ncelikle emeklili\u011fi unutun, aktif kal\u0131n.<\/li>\n<li>K\u00f6t\u00fc anda bile g\u00fcl\u00fcmsemeyi ihmal etmeyin.<\/li>\n<li>Egzersiz yapmaya s\u00fcrekli devam edin.<\/li>\n<li>\u00c7evrenizde iyi insanlar, iyi arkada\u015flar\u0131n\u0131z olmas\u0131na \u00f6zen g\u00f6sterin.<\/li>\n<li>Do\u011fal ya\u015fam\u0131 asla arka plana atmay\u0131n. Siz de onun bir par\u00e7as\u0131 oldu\u011funuzu unutmay\u0131n.<\/li>\n<li>Acele an\u0131nda yava\u015flay\u0131n. Yeti\u015fmezse diye dert edip hata yapmaktansa yava\u015flay\u0131n.<\/li>\n<li>Daima keyif ald\u0131\u011f\u0131n\u0131z u\u011fra\u015flar ile me\u015fgul olunuz.<\/li>\n<li>Her sabah uyand\u0131\u011f\u0131n\u0131zda ne i\u00e7in uyand\u0131\u011f\u0131n\u0131z gayesi sizinle olsun.<\/li>\n<li>Te\u015fekk\u00fcr etmeyi bilin ve Ikigai\u2019nizi takip edin.<\/li>\n<\/ul>\n<p>Kitapta al\u0131nt\u0131lanan iki s\u00f6z ger\u00e7ekten \u00e7ok g\u00fczel;<\/p>\n<ul>\n<li>&#8220;Sadece faal kal\u0131rsan\u0131z bir y\u00fczy\u0131l ya\u015famak istersiniz.&#8221; ( Japon Atas\u00f6z\u00fc)<\/li>\n<li>&#8220;Defalarca ne yap\u0131yorsak oyuz. Bu y\u00fczden m\u00fckemmellik bir eylem de\u011fil, bir al\u0131\u015fkanl\u0131kt\u0131r.&#8221; (Aristoteles)<\/li>\n<\/ul>\n<p>Uzun \u00f6m\u00fcr konusunda Guinness rekorunu elinde tutan Ogimi&#8217;de\u00a0 s\u00f6ylenen bir \u015fark\u0131n\u0131n s\u00f6zleri \u015fu \u015fekilde aktar\u0131l\u0131yor;<\/p>\n<p><strong>Sa\u011fl\u0131kl\u0131 ve uzun bir ya\u015fam i\u00e7in;<\/strong><\/p>\n<ul>\n<li>Erken yat, erken kalk, sonra y\u00fcr\u00fcy\u00fc\u015fe \u00e7\u0131k.<\/li>\n<li>Ho\u015fland\u0131\u011f\u0131n \u015feyden az az ye.<\/li>\n<li>Her g\u00fcn\u00fc s\u00fckunetle ya\u015fa ve keyfini \u00e7\u0131kar yolculu\u011funun.<\/li>\n<li>Arkada\u015flar\u0131nla iyi ge\u00e7in.<\/li>\n<li>parmaklar\u0131n\u0131n ne kadar ya\u015fland\u0131\u011f\u0131na tak\u0131lmamak i\u015fin s\u0131rr\u0131, onlar\u0131 \u00e7al\u0131\u015ft\u0131rmaya devam ettirirsen, kutlars\u0131n y\u00fcz\u00fcnc\u00fc y\u0131l\u0131n\u0131.<\/li>\n<\/ul>\n<p>Japonya\u2019da uzun, sa\u011fl\u0131kl\u0131 ve mutlu ya\u015fam s\u00fcr\u00fcld\u00fc\u011f\u00fcn\u00fc n\u00fcfusun demografik yap\u0131s\u0131na bak\u0131nca anlamaktay\u0131z. Uzun ve sa\u011fl\u0131kl\u0131 ya\u015fam birden fazla fakt\u00f6r\u00fcn bir araya gelmesiyle m\u00fcmk\u00fcn olmaktad\u0131r.<\/p>\n<p>Sa\u011fl\u0131kl\u0131 bir ya\u015fam felsefesine uyarak ya\u015famak, sa\u011fl\u0131kl\u0131 yemekler yemek, spor yapmak ve i\u015fini severek, s\u0131k\u0131lmadan yapmak. Uzun bir ya\u015fam\u0131n\u0131z olacaksa, ya\u015fama amac\u0131n\u0131z olmal\u0131 ve bu sayede d\u00fcnyada ge\u00e7irilen s\u00fcreyi anlaml\u0131 ve yararl\u0131 bir bi\u00e7imde ge\u00e7irebiliriz.<\/p>\n<p>E\u011fer ya\u015fl\u0131, hasta, yorgunsan\u0131z Japonlar,\u00a0 az da olsa insan\u0131n kendisini me\u015fgul ederek k\u00fc\u00e7\u00fck k\u00fc\u00e7\u00fck i\u015fler yapmas\u0131n\u0131 \u00f6neriyor. Bu sayede insan din\u00e7 ve me\u015fgul kalacakt\u0131r. Emekli olmama ve aktif bir ya\u015fam s\u00fcrme, iyi dostluklar kurma, %80 oran\u0131nda doyarak sofradan kalkma, her g\u00fcn egzersiz yapma, g\u00fcn\u00fcm\u00fcz\u00fc ayd\u0131nlatan her \u015feye \u015f\u00fckran\u0131m\u0131z\u0131 sunma, do\u011fa ile yeniden ba\u011flant\u0131 kurma, g\u00fcl\u00fcmseme, an\u0131 ya\u015fama, ikigaimizi takip etme gibi eylemler de ikigaimizi bulma yolunda bize yard\u0131mc\u0131 oluyormu\u015f.<\/p>\n<p>Herkesin &#8220;<strong>ikigai<\/strong>&#8220;sini bulmas\u0131 dile\u011fiyle&#8230;<\/p>\n","protected":false},"excerpt":{"rendered":"Son zamanlarda kimsenin elinden d\u00fc\u015fmeyen Ikigai, Japonlar\u0131n uzun ve mutlu ya\u015fam s\u0131rr\u0131n\u0131n payla\u015f\u0131ld\u0131\u011f\u0131 bir kitapt\u0131r. Birden fazla yazar&hellip;\n","protected":false},"author":25,"featured_media":86230,"comment_status":"open","ping_status":"open","sticky":false,"template":"","format":"standard","meta":{"footnotes":""},"categories":[181],"tags":[],"yoast_head":"<!-- This site is optimized with the Yoast SEO plugin v22.5 - https:\/\/yoast.com\/wordpress\/plugins\/seo\/ -->\n<title>Ikigai - Japonlar\u0131n Uzun ve Mutlu Ya\u015fam S\u0131rr\u0131 Kitap \u00d6zeti - Muhiku<\/title>\n<meta name=\"description\" content=\"Ikigai, Japonlar\u0131n ya\u015fam felsefelerinden biridir. Hector Garcia, Francesc Miralles taraf\u0131ndan Japonlar\u0131n g\u00fcnl\u00fck ya\u015fant\u0131s\u0131n\u0131 ve k\u00fclt\u00fcr\u00fcn\u00fc anlatan bir ki\u015fisel geli\u015fim kitab\u0131 olarak kaleme al\u0131nm\u0131\u015ft\u0131r.\" \/>\n<meta name=\"robots\" content=\"index, follow, max-snippet:-1, max-image-preview:large, max-video-preview:-1\" \/>\n<link rel=\"canonical\" href=\"https:\/\/muhiku.com\/blog\/kitap-ozeti-ikigai\/\" \/>\n<meta property=\"og:locale\" content=\"tr_TR\" \/>\n<meta property=\"og:type\" content=\"article\" \/>\n<meta property=\"og:title\" content=\"Ikigai - Japonlar\u0131n Uzun ve Mutlu Ya\u015fam S\u0131rr\u0131 Kitap \u00d6zeti - Muhiku\" \/>\n<meta property=\"og:description\" content=\"Ikigai, Japonlar\u0131n ya\u015fam felsefelerinden biridir. Hector Garcia, Francesc Miralles taraf\u0131ndan Japonlar\u0131n g\u00fcnl\u00fck ya\u015fant\u0131s\u0131n\u0131 ve k\u00fclt\u00fcr\u00fcn\u00fc anlatan bir ki\u015fisel geli\u015fim kitab\u0131 olarak kaleme al\u0131nm\u0131\u015ft\u0131r.\" \/>\n<meta property=\"og:url\" content=\"https:\/\/muhiku.com\/blog\/kitap-ozeti-ikigai\/\" \/>\n<meta property=\"og:site_name\" content=\"Muhiku\" \/>\n<meta property=\"article:published_time\" content=\"2019-05-01T11:56:12+00:00\" \/>\n<meta property=\"article:modified_time\" content=\"2025-07-07T09:04:20+00:00\" \/>\n<meta property=\"og:image\" content=\"https:\/\/cdn.muhiku.com\/blog\/wp-content\/uploads\/2021\/07\/ikigai-kitap-ozeti.jpg?x28031\" \/>\n\t<meta property=\"og:image:width\" content=\"1024\" \/>\n\t<meta property=\"og:image:height\" content=\"600\" \/>\n\t<meta property=\"og:image:type\" content=\"image\/jpeg\" \/>\n<meta name=\"author\" content=\"Dilara Yal\u00e7\u0131n\" \/>\n<meta name=\"twitter:card\" content=\"summary_large_image\" \/>\n<meta name=\"twitter:label1\" content=\"Written by\" \/>\n\t<meta name=\"twitter:data1\" content=\"Dilara Yal\u00e7\u0131n\" \/>\n\t<meta name=\"twitter:label2\" content=\"Est. reading time\" \/>\n\t<meta name=\"twitter:data2\" content=\"7 dakika\" \/>\n<script type=\"application\/ld+json\" class=\"yoast-schema-graph\">{\"@context\":\"https:\/\/schema.org\",\"@graph\":[{\"@type\":\"Article\",\"@id\":\"https:\/\/muhiku.com\/blog\/kitap-ozeti-ikigai\/#article\",\"isPartOf\":{\"@id\":\"https:\/\/muhiku.com\/blog\/kitap-ozeti-ikigai\/\"},\"author\":{\"name\":\"Dilara Yal\u00e7\u0131n\",\"@id\":\"https:\/\/muhiku.com\/blog\/#\/schema\/person\/0b50be1d52ee74306e1405ad86aac5d5\",\"url\":\"https:\/\/muhiku.com\/blog\/\"},\"headline\":\"Ikigai &#8211; Japonlar\u0131n Uzun ve Mutlu Ya\u015fam S\u0131rr\u0131 Kitap \u00d6zeti\",\"datePublished\":\"2019-05-01T11:56:12+00:00\",\"dateModified\":\"2025-07-07T09:04:20+00:00\",\"mainEntityOfPage\":{\"@id\":\"https:\/\/muhiku.com\/blog\/kitap-ozeti-ikigai\/\"},\"wordCount\":1321,\"commentCount\":1,\"publisher\":{\"@id\":\"https:\/\/muhiku.com\/blog\/#organization\"},\"image\":{\"@id\":\"https:\/\/muhiku.com\/blog\/kitap-ozeti-ikigai\/#primaryimage\"},\"thumbnailUrl\":\"https:\/\/muhiku.com\/blog\/wp-content\/uploads\/2021\/07\/ikigai-kitap-ozeti.jpg\",\"articleSection\":[\"Kitap\"],\"inLanguage\":\"tr\",\"potentialAction\":[{\"@type\":\"CommentAction\",\"name\":\"Comment\",\"target\":[\"https:\/\/muhiku.com\/blog\/kitap-ozeti-ikigai\/#respond\"]}]},{\"@type\":\"WebPage\",\"@id\":\"https:\/\/muhiku.com\/blog\/kitap-ozeti-ikigai\/\",\"url\":\"https:\/\/muhiku.com\/blog\/kitap-ozeti-ikigai\/\",\"name\":\"Ikigai - Japonlar\u0131n Uzun ve Mutlu Ya\u015fam S\u0131rr\u0131 Kitap \u00d6zeti - Muhiku\",\"isPartOf\":{\"@id\":\"https:\/\/muhiku.com\/blog\/#website\"},\"primaryImageOfPage\":{\"@id\":\"https:\/\/muhiku.com\/blog\/kitap-ozeti-ikigai\/#primaryimage\"},\"image\":{\"@id\":\"https:\/\/muhiku.com\/blog\/kitap-ozeti-ikigai\/#primaryimage\"},\"thumbnailUrl\":\"https:\/\/muhiku.com\/blog\/wp-content\/uploads\/2021\/07\/ikigai-kitap-ozeti.jpg\",\"datePublished\":\"2019-05-01T11:56:12+00:00\",\"dateModified\":\"2025-07-07T09:04:20+00:00\",\"description\":\"Ikigai, Japonlar\u0131n ya\u015fam felsefelerinden biridir. Hector Garcia, Francesc Miralles taraf\u0131ndan Japonlar\u0131n g\u00fcnl\u00fck ya\u015fant\u0131s\u0131n\u0131 ve k\u00fclt\u00fcr\u00fcn\u00fc anlatan bir ki\u015fisel geli\u015fim kitab\u0131 olarak kaleme al\u0131nm\u0131\u015ft\u0131r.\",\"breadcrumb\":{\"@id\":\"https:\/\/muhiku.com\/blog\/kitap-ozeti-ikigai\/#breadcrumb\"},\"inLanguage\":\"tr\",\"potentialAction\":[{\"@type\":\"ReadAction\",\"target\":[\"https:\/\/muhiku.com\/blog\/kitap-ozeti-ikigai\/\"]}]},{\"@type\":\"ImageObject\",\"inLanguage\":\"tr\",\"@id\":\"https:\/\/muhiku.com\/blog\/kitap-ozeti-ikigai\/#primaryimage\",\"url\":\"https:\/\/muhiku.com\/blog\/wp-content\/uploads\/2021\/07\/ikigai-kitap-ozeti.jpg\",\"contentUrl\":\"https:\/\/muhiku.com\/blog\/wp-content\/uploads\/2021\/07\/ikigai-kitap-ozeti.jpg\",\"width\":1024,\"height\":600,\"caption\":\"ikigai-kitap-ozeti\"},{\"@type\":\"BreadcrumbList\",\"@id\":\"https:\/\/muhiku.com\/blog\/kitap-ozeti-ikigai\/#breadcrumb\",\"itemListElement\":[{\"@type\":\"ListItem\",\"position\":1,\"name\":\"Blog\",\"item\":\"https:\/\/muhiku.com\/blog\/\"},{\"@type\":\"ListItem\",\"position\":2,\"name\":\"Ikigai &#8211; Japonlar\u0131n Uzun ve Mutlu Ya\u015fam S\u0131rr\u0131 Kitap \u00d6zeti\"}]},{\"@type\":\"WebSite\",\"@id\":\"https:\/\/muhiku.com\/blog\/#website\",\"url\":\"https:\/\/muhiku.com\/blog\/\",\"name\":\"Muhiku\",\"description\":\"Yenilik\u00e7i Hediye Rehberi\",\"publisher\":{\"@id\":\"https:\/\/muhiku.com\/blog\/#organization\"},\"inLanguage\":\"tr\"},{\"@type\":\"Organization\",\"@id\":\"https:\/\/muhiku.com\/blog\/#organization\",\"name\":\"Muhiku\",\"url\":\"https:\/\/muhiku.com\/blog\/\",\"logo\":{\"@type\":\"ImageObject\",\"inLanguage\":\"tr\",\"@id\":\"https:\/\/muhiku.com\/blog\/#\/schema\/logo\/image\/\",\"url\":\"https:\/\/muhiku.com\/blog\/wp-content\/uploads\/2019\/04\/logo-kare-1.png\",\"contentUrl\":\"https:\/\/muhiku.com\/blog\/wp-content\/uploads\/2019\/04\/logo-kare-1.png\",\"width\":1080,\"height\":1080,\"caption\":\"Muhiku\"},\"image\":{\"@id\":\"https:\/\/muhiku.com\/blog\/#\/schema\/logo\/image\/\"}},{\"@type\":\"Person\",\"@id\":\"https:\/\/muhiku.com\/blog\/#\/schema\/person\/0b50be1d52ee74306e1405ad86aac5d5\",\"name\":\"Dilara Yal\u00e7\u0131n\",\"image\":{\"@type\":\"ImageObject\",\"inLanguage\":\"tr\",\"@id\":\"https:\/\/muhiku.com\/blog\/#\/schema\/person\/image\/\",\"url\":\"https:\/\/secure.gravatar.com\/avatar\/f6e97d59731e06ac22101ebcef389e69?s=96&d=mm&r=g\",\"contentUrl\":\"https:\/\/secure.gravatar.com\/avatar\/f6e97d59731e06ac22101ebcef389e69?s=96&d=mm&r=g\",\"caption\":\"Dilara Yal\u00e7\u0131n\"}}]}<\/script>\n<!-- \/ Yoast SEO plugin. -->","yoast_head_json":{"title":"Ikigai - Japonlar\u0131n Uzun ve Mutlu Ya\u015fam S\u0131rr\u0131 Kitap \u00d6zeti - Muhiku","description":"Ikigai, Japonlar\u0131n ya\u015fam felsefelerinden biridir. Hector Garcia, Francesc Miralles taraf\u0131ndan Japonlar\u0131n g\u00fcnl\u00fck ya\u015fant\u0131s\u0131n\u0131 ve k\u00fclt\u00fcr\u00fcn\u00fc anlatan bir ki\u015fisel geli\u015fim kitab\u0131 olarak kaleme al\u0131nm\u0131\u015ft\u0131r.","robots":{"index":"index","follow":"follow","max-snippet":"max-snippet:-1","max-image-preview":"max-image-preview:large","max-video-preview":"max-video-preview:-1"},"canonical":"https:\/\/muhiku.com\/blog\/kitap-ozeti-ikigai\/","og_locale":"tr_TR","og_type":"article","og_title":"Ikigai - Japonlar\u0131n Uzun ve Mutlu Ya\u015fam S\u0131rr\u0131 Kitap \u00d6zeti - Muhiku","og_description":"Ikigai, Japonlar\u0131n ya\u015fam felsefelerinden biridir. Hector Garcia, Francesc Miralles taraf\u0131ndan Japonlar\u0131n g\u00fcnl\u00fck ya\u015fant\u0131s\u0131n\u0131 ve k\u00fclt\u00fcr\u00fcn\u00fc anlatan bir ki\u015fisel geli\u015fim kitab\u0131 olarak kaleme al\u0131nm\u0131\u015ft\u0131r.","og_url":"https:\/\/muhiku.com\/blog\/kitap-ozeti-ikigai\/","og_site_name":"Muhiku","article_published_time":"2019-05-01T11:56:12+00:00","article_modified_time":"2025-07-07T09:04:20+00:00","og_image":[{"width":1024,"height":600,"url":"https:\/\/cdn.muhiku.com\/blog\/wp-content\/uploads\/2021\/07\/ikigai-kitap-ozeti.jpg?x28031","type":"image\/jpeg"}],"author":"Dilara Yal\u00e7\u0131n","twitter_card":"summary_large_image","twitter_misc":{"Written by":"Dilara Yal\u00e7\u0131n","Est. reading time":"7 dakika"},"schema":{"@context":"https:\/\/schema.org","@graph":[{"@type":"Article","@id":"https:\/\/muhiku.com\/blog\/kitap-ozeti-ikigai\/#article","isPartOf":{"@id":"https:\/\/muhiku.com\/blog\/kitap-ozeti-ikigai\/"},"author":{"name":"Dilara Yal\u00e7\u0131n","@id":"https:\/\/muhiku.com\/blog\/#\/schema\/person\/0b50be1d52ee74306e1405ad86aac5d5","url":"https:\/\/muhiku.com\/blog\/"},"headline":"Ikigai &#8211; Japonlar\u0131n Uzun ve Mutlu Ya\u015fam S\u0131rr\u0131 Kitap \u00d6zeti","datePublished":"2019-05-01T11:56:12+00:00","dateModified":"2025-07-07T09:04:20+00:00","mainEntityOfPage":{"@id":"https:\/\/muhiku.com\/blog\/kitap-ozeti-ikigai\/"},"wordCount":1321,"commentCount":1,"publisher":{"@id":"https:\/\/muhiku.com\/blog\/#organization"},"image":{"@id":"https:\/\/muhiku.com\/blog\/kitap-ozeti-ikigai\/#primaryimage"},"thumbnailUrl":"https:\/\/muhiku.com\/blog\/wp-content\/uploads\/2021\/07\/ikigai-kitap-ozeti.jpg","articleSection":["Kitap"],"inLanguage":"tr","potentialAction":[{"@type":"CommentAction","name":"Comment","target":["https:\/\/muhiku.com\/blog\/kitap-ozeti-ikigai\/#respond"]}]},{"@type":"WebPage","@id":"https:\/\/muhiku.com\/blog\/kitap-ozeti-ikigai\/","url":"https:\/\/muhiku.com\/blog\/kitap-ozeti-ikigai\/","name":"Ikigai - Japonlar\u0131n Uzun ve Mutlu Ya\u015fam S\u0131rr\u0131 Kitap \u00d6zeti - Muhiku","isPartOf":{"@id":"https:\/\/muhiku.com\/blog\/#website"},"primaryImageOfPage":{"@id":"https:\/\/muhiku.com\/blog\/kitap-ozeti-ikigai\/#primaryimage"},"image":{"@id":"https:\/\/muhiku.com\/blog\/kitap-ozeti-ikigai\/#primaryimage"},"thumbnailUrl":"https:\/\/muhiku.com\/blog\/wp-content\/uploads\/2021\/07\/ikigai-kitap-ozeti.jpg","datePublished":"2019-05-01T11:56:12+00:00","dateModified":"2025-07-07T09:04:20+00:00","description":"Ikigai, Japonlar\u0131n ya\u015fam felsefelerinden biridir. Hector Garcia, Francesc Miralles taraf\u0131ndan Japonlar\u0131n g\u00fcnl\u00fck ya\u015fant\u0131s\u0131n\u0131 ve k\u00fclt\u00fcr\u00fcn\u00fc anlatan bir ki\u015fisel geli\u015fim kitab\u0131 olarak kaleme al\u0131nm\u0131\u015ft\u0131r.","breadcrumb":{"@id":"https:\/\/muhiku.com\/blog\/kitap-ozeti-ikigai\/#breadcrumb"},"inLanguage":"tr","potentialAction":[{"@type":"ReadAction","target":["https:\/\/muhiku.com\/blog\/kitap-ozeti-ikigai\/"]}]},{"@type":"ImageObject","inLanguage":"tr","@id":"https:\/\/muhiku.com\/blog\/kitap-ozeti-ikigai\/#primaryimage","url":"https:\/\/muhiku.com\/blog\/wp-content\/uploads\/2021\/07\/ikigai-kitap-ozeti.jpg","contentUrl":"https:\/\/muhiku.com\/blog\/wp-content\/uploads\/2021\/07\/ikigai-kitap-ozeti.jpg","width":1024,"height":600,"caption":"ikigai-kitap-ozeti"},{"@type":"BreadcrumbList","@id":"https:\/\/muhiku.com\/blog\/kitap-ozeti-ikigai\/#breadcrumb","itemListElement":[{"@type":"ListItem","position":1,"name":"Blog","item":"https:\/\/muhiku.com\/blog\/"},{"@type":"ListItem","position":2,"name":"Ikigai &#8211; Japonlar\u0131n Uzun ve Mutlu Ya\u015fam S\u0131rr\u0131 Kitap \u00d6zeti"}]},{"@type":"WebSite","@id":"https:\/\/muhiku.com\/blog\/#website","url":"https:\/\/muhiku.com\/blog\/","name":"Muhiku","description":"Yenilik\u00e7i Hediye Rehberi","publisher":{"@id":"https:\/\/muhiku.com\/blog\/#organization"},"inLanguage":"tr"},{"@type":"Organization","@id":"https:\/\/muhiku.com\/blog\/#organization","name":"Muhiku","url":"https:\/\/muhiku.com\/blog\/","logo":{"@type":"ImageObject","inLanguage":"tr","@id":"https:\/\/muhiku.com\/blog\/#\/schema\/logo\/image\/","url":"https:\/\/muhiku.com\/blog\/wp-content\/uploads\/2019\/04\/logo-kare-1.png","contentUrl":"https:\/\/muhiku.com\/blog\/wp-content\/uploads\/2019\/04\/logo-kare-1.png","width":1080,"height":1080,"caption":"Muhiku"},"image":{"@id":"https:\/\/muhiku.com\/blog\/#\/schema\/logo\/image\/"}},{"@type":"Person","@id":"https:\/\/muhiku.com\/blog\/#\/schema\/person\/0b50be1d52ee74306e1405ad86aac5d5","name":"Dilara Yal\u00e7\u0131n","image":{"@type":"ImageObject","inLanguage":"tr","@id":"https:\/\/muhiku.com\/blog\/#\/schema\/person\/image\/","url":"https:\/\/secure.gravatar.com\/avatar\/f6e97d59731e06ac22101ebcef389e69?s=96&d=mm&r=g","contentUrl":"https:\/\/secure.gravatar.com\/avatar\/f6e97d59731e06ac22101ebcef389e69?s=96&d=mm&r=g","caption":"Dilara Yal\u00e7\u0131n"}}]}},"_links":{"self":[{"href":"https:\/\/muhiku.com\/blog\/wp-json\/wp\/v2\/posts\/13608"}],"collection":[{"href":"https:\/\/muhiku.com\/blog\/wp-json\/wp\/v2\/posts"}],"about":[{"href":"https:\/\/muhiku.com\/blog\/wp-json\/wp\/v2\/types\/post"}],"author":[{"embeddable":true,"href":"https:\/\/muhiku.com\/blog\/wp-json\/wp\/v2\/users\/25"}],"replies":[{"embeddable":true,"href":"https:\/\/muhiku.com\/blog\/wp-json\/wp\/v2\/comments?post=13608"}],"version-history":[{"count":5,"href":"https:\/\/muhiku.com\/blog\/wp-json\/wp\/v2\/posts\/13608\/revisions"}],"predecessor-version":[{"id":104172,"href":"https:\/\/muhiku.com\/blog\/wp-json\/wp\/v2\/posts\/13608\/revisions\/104172"}],"wp:featuredmedia":[{"embeddable":true,"href":"https:\/\/muhiku.com\/blog\/wp-json\/wp\/v2\/media\/86230"}],"wp:attachment":[{"href":"https:\/\/muhiku.com\/blog\/wp-json\/wp\/v2\/media?parent=13608"}],"wp:term":[{"taxonomy":"category","embeddable":true,"href":"https:\/\/muhiku.com\/blog\/wp-json\/wp\/v2\/categories?post=13608"},{"taxonomy":"post_tag","embeddable":true,"href":"https:\/\/muhiku.com\/blog\/wp-json\/wp\/v2\/tags?post=13608"}],"curies":[{"name":"wp","href":"https:\/\/api.w.org\/{rel}","templated":true}]}}