{"id":100820,"date":"2024-10-08T12:54:53","date_gmt":"2024-10-08T09:54:53","guid":{"rendered":"https:\/\/muhiku.com\/blog\/?p=100820"},"modified":"2025-08-12T13:14:22","modified_gmt":"2025-08-12T10:14:22","slug":"mandevilla-cicegi-bakimi","status":"publish","type":"post","link":"https:\/\/muhiku.com\/blog\/mandevilla-cicegi-bakimi\/","title":{"rendered":"Mandevilla C\u0327ic\u0327eg\u0306i Bak\u0131m\u0131"},"content":{"rendered":"<h2 id=\"mandevilla-cicegi-nedir\">Mandevilla \u00c7i\u00e7e\u011fi Nedir?<\/h2>\n<p><img  loading=\"lazy\"  decoding=\"async\"  class=\"size-medium wp-image-100821 aligncenter pk-lazyload\"  src=\"data:image\/png;base64,iVBORw0KGgoAAAANSUhEUgAAAyAAAAHVAQMAAAAzfg2oAAAAA1BMVEUAAP+KeNJXAAAAAXRSTlMAQObYZgAAAAlwSFlzAAAOxAAADsQBlSsOGwAAAEVJREFUeNrtwTEBAAAAwqD1T20ND6AAAAAAAAAAAAAAAAAAAAAAAAAAAAAAAAAAAAAAAAAAAAAAAAAAAAAAAAAAAACAWwO5CQABdzoz8gAAAABJRU5ErkJggg==\"  alt=\"mandevillla \u00e7i\u00e7e\u011fi nedir \"  width=\"800\"  height=\"469\"  data-pk-sizes=\"auto\"  data-ls-sizes=\"(max-width: 800px) 100vw, 800px\"  data-pk-src=\"https:\/\/cdn.muhiku.com\/blog\/wp-content\/uploads\/2024\/10\/mandevilla-cicegi-nedir-800x469.webp\"  data-pk-srcset=\"https:\/\/muhiku.com\/blog\/wp-content\/uploads\/2024\/10\/mandevilla-cicegi-nedir-800x469.webp 800w, https:\/\/muhiku.com\/blog\/wp-content\/uploads\/2024\/10\/mandevilla-cicegi-nedir-380x223.webp 380w, https:\/\/muhiku.com\/blog\/wp-content\/uploads\/2024\/10\/mandevilla-cicegi-nedir-760x445.webp 760w, https:\/\/muhiku.com\/blog\/wp-content\/uploads\/2024\/10\/mandevilla-cicegi-nedir.webp 1024w\" ><\/p>\n<p>Mandevilla \u00e7i\u00e7e\u011fi, k\u00f6keni Amerika k\u0131tas\u0131na dayanan ve zakkumgiller familyas\u0131na ait bir sarma\u015f\u0131k t\u00fcr\u00fcd\u00fcr. Bu g\u00fczel bitki, genellikle parlak ye\u015fil yapraklarla bezenmi\u015ftir.<\/p>\n<p>Beyaz, k\u0131rm\u0131z\u0131 veya pembe renkte boru \u015feklinde \u00e7i\u00e7eklere sahiptir. \u00c7i\u00e7e\u011fin ortas\u0131 ise dikkat \u00e7ekici bir \u015fekilde sar\u0131 renktedir.<\/p>\n<p>Mandevilla \u00e7i\u00e7e\u011fi uygun ko\u015fullar alt\u0131nda iyi bak\u0131ld\u0131\u011f\u0131nda tek mevsimde 3 metreye kadar, uzun vadede ise 9 metreye kadar b\u00fcy\u00fcyebilir. Bu \u00e7i\u00e7e\u011fin b\u00fcy\u00fcmesi i\u00e7in s\u0131cak ve g\u00fcne\u015fli bir ortam tercih edilmelidir.<\/p>\n<p>Ayr\u0131ca d\u00fczenli sulama ve do\u011fru g\u00fcbreleme ile sa\u011fl\u0131kl\u0131 bir geli\u015fim s\u00fcreci desteklenir. Mandevilla, g\u00f6steri\u015fli g\u00f6r\u00fcn\u00fcm\u00fc ve uzun s\u00fcre \u00e7i\u00e7ekli kalmas\u0131 nedeniyle ev, balkon ve ofislerde s\u0131k\u00e7a tercih edilen bir bitkidir.<\/p>\n<p>Ayr\u0131ca, peyzaj d\u00fczenlemelerinde de s\u0131k\u00e7a kullan\u0131l\u0131r. Duvarlar\u0131 veya pergolalar\u0131 s\u00fcsleyerek bulundu\u011fu ortama g\u00f6rsel bir cazibe katar. Bahar ve yaz mevsimlerinde en canl\u0131 d\u00f6nemini ya\u015fayan mandevilla \u00e7i\u00e7e\u011fi bah\u00e7e tutkunlar\u0131 i\u00e7in vazge\u00e7ilmezdir.<\/p>\n<h2 id=\"mandevilla-cicegi-bakimi-nasil-yapilir\">Mandevilla \u00c7i\u00e7e\u011fi Bak\u0131m\u0131 Nas\u0131l Yap\u0131l\u0131r?<\/h2>\n<p><img  loading=\"lazy\"  decoding=\"async\"  class=\"size-medium wp-image-100822 aligncenter pk-lazyload\"  src=\"data:image\/png;base64,iVBORw0KGgoAAAANSUhEUgAAAyAAAAHVAQMAAAAzfg2oAAAAA1BMVEUAAP+KeNJXAAAAAXRSTlMAQObYZgAAAAlwSFlzAAAOxAAADsQBlSsOGwAAAEVJREFUeNrtwTEBAAAAwqD1T20ND6AAAAAAAAAAAAAAAAAAAAAAAAAAAAAAAAAAAAAAAAAAAAAAAAAAAAAAAAAAAACAWwO5CQABdzoz8gAAAABJRU5ErkJggg==\"  alt=\"mandevilla \u00e7i\u00e7e\u011fi bak\u0131m\u0131 nas\u0131l yap\u0131l\u0131r\"  width=\"800\"  height=\"469\"  data-pk-sizes=\"auto\"  data-ls-sizes=\"(max-width: 800px) 100vw, 800px\"  data-pk-src=\"https:\/\/cdn.muhiku.com\/blog\/wp-content\/uploads\/2024\/10\/mandevilla-cicegi-bakimi-nasil-yapilir-800x469.webp\"  data-pk-srcset=\"https:\/\/muhiku.com\/blog\/wp-content\/uploads\/2024\/10\/mandevilla-cicegi-bakimi-nasil-yapilir-800x469.webp 800w, https:\/\/muhiku.com\/blog\/wp-content\/uploads\/2024\/10\/mandevilla-cicegi-bakimi-nasil-yapilir-380x223.webp 380w, https:\/\/muhiku.com\/blog\/wp-content\/uploads\/2024\/10\/mandevilla-cicegi-bakimi-nasil-yapilir-760x445.webp 760w, https:\/\/muhiku.com\/blog\/wp-content\/uploads\/2024\/10\/mandevilla-cicegi-bakimi-nasil-yapilir.webp 1024w\" ><\/p>\n<p>Mandevilla \u00e7i\u00e7e\u011fi bak\u0131m\u0131 son derece kolay oldu\u011fundan pek \u00e7ok ki\u015fi taraf\u0131ndan tercih edilir. Bu bitki; organik madde bak\u0131m\u0131ndan zengin, iyi drene edilmi\u015f topraklar\u0131 ve s\u0131cak, nemli alanlar\u0131 sever.<\/p>\n<p>Mandevilla bitkisi, \u00f6zellikle yaz aylar\u0131nda d\u0131\u015f mek\u00e2nlarda sergilenirken, do\u011frudan g\u00fcne\u015f \u0131\u015f\u0131\u011f\u0131ndan korunmas\u0131 \u00f6nemlidir. \u00c7\u00fcnk\u00fc a\u015f\u0131r\u0131 g\u00fcne\u015f \u0131\u015f\u0131\u011f\u0131 bitkinin yapraklar\u0131na zarar verebilir.<\/p>\n<p>K\u0131smi g\u00f6lgeli ortamlar da uygun olmakla birlikte, bu durumda bitkide daha az \u00e7i\u00e7eklenme g\u00f6zlenebilir. Yine de bitkinin zarif ve g\u00f6steri\u015fli \u00e7i\u00e7ekleri, bir\u00e7ok bah\u00e7eyi renklendirmek i\u00e7in harika bir se\u00e7enektir.<\/p>\n<p>Mandevilla \u00e7i\u00e7e\u011finin sulama ihtiyac\u0131 orta seviyededir. Sulama s\u0131kl\u0131\u011f\u0131 ise bitkinin bulundu\u011fu yerin s\u0131cakl\u0131\u011f\u0131na, ald\u0131\u011f\u0131 g\u00fcne\u015f \u0131\u015f\u0131\u011f\u0131na ve bitkinin b\u00fcy\u00fckl\u00fc\u011f\u00fcne g\u00f6re ayarlanmal\u0131d\u0131r.<\/p>\n<p>Yaz aylar\u0131nda, s\u0131cak havan\u0131n etkisiyle bitkinin daha fazla suya ihtiya\u00e7 duyabilece\u011fi unutulmamal\u0131 ve d\u00fczenli sulama yap\u0131lmal\u0131d\u0131r.<\/p>\n<p>\u00d6zellikle s\u0131cak g\u00fcnlerde toprak y\u00fczeyinin kurumas\u0131na dikkat edilmelidir. K\u0131\u015f aylar\u0131nda ise bitki dinlenme d\u00f6nemine girdi\u011fi i\u00e7in sulama miktar\u0131 azalt\u0131lmal\u0131d\u0131r.<\/p>\n<p>Bu d\u00f6nemde, topra\u011f\u0131n s\u00fcrekli nemli kalmamas\u0131 sa\u011flanarak k\u00f6k \u00e7\u00fcr\u00fcmesi gibi sorunlar\u0131n \u00f6n\u00fcne ge\u00e7ilmelidir. Mandevilla \u00e7i\u00e7e\u011finin sa\u011fl\u0131kl\u0131 bir \u015fekilde b\u00fcy\u00fcmesi ve bol \u00e7i\u00e7ek a\u00e7mas\u0131 i\u00e7in bu bak\u0131m \u00f6nerilerine dikkat etmek olduk\u00e7a \u00f6nemlidir.<\/p>\n<h2 id=\"mandevilla-cicegi-ozellikleri\">Mandevilla \u00c7i\u00e7e\u011fi \u00d6zellikleri<\/h2>\n<p>Mandevilla \u00e7i\u00e7e\u011fi, h\u0131zl\u0131 b\u00fcy\u00fcyen ve sarma\u015f\u0131k yap\u0131s\u0131yla dikkat \u00e7eken bir bitkidir. Genellikle tropik ve subtropik iklimlerde yeti\u015ftirilir.<\/p>\n<p>Bah\u00e7elerde, teraslarda veya balkonlarda s\u0131kl\u0131kla tercih edilir. Yapraklar\u0131 parlak ye\u015fil renkte, \u00e7i\u00e7ekleri ise canl\u0131 pembe, k\u0131rm\u0131z\u0131 veya beyaz tonlar\u0131nda olur. Bu sayede \u00e7i\u00e7ek estetik bir g\u00f6r\u00fcn\u00fcm kazan\u0131r.<\/p>\n<p>Mandevilla \u00e7i\u00e7e\u011fi do\u011fru bak\u0131m ile \u00f6zellikle s\u0131cak iklimlerde daha fazla \u00e7i\u00e7ek a\u00e7arak bulundu\u011fu mek\u00e2na renk katar.<\/p>\n<p>Mandevilla \u00e7i\u00e7e\u011finin g\u00fcne\u015fli alanlar\u0131 sevmesi ve d\u00fczenli sulama gereksinimi, bitkinin sa\u011fl\u0131kl\u0131 bir \u015fekilde geli\u015fmesi a\u00e7\u0131s\u0131ndan g\u00f6z \u00f6n\u00fcnde bulundurulmas\u0131 gereken unsurlard\u0131r.<\/p>\n<p>Ayr\u0131ca, zararl\u0131larla m\u00fccadele ve uygun g\u00fcbreleme ile bitkinin ya\u015fam d\u00f6ng\u00fcs\u00fc uzat\u0131labilir. Bah\u00e7enizde ya da evinizde mandevilla \u00e7i\u00e7e\u011fi bulundurmak, hem g\u00f6rsel bir \u015f\u00f6len sunar hem de do\u011fayla i\u00e7 i\u00e7e olman\u0131z\u0131 sa\u011flar.<\/p>\n<h2 id=\"mandevilla-cicegi-anlami\">Mandevilla \u00c7i\u00e7e\u011fi Anlam\u0131<\/h2>\n<p>dMandevilla \u00e7i\u00e7e\u011fi, g\u00fczellik ve \u00e7ekicili\u011fi temsil ederken, ayn\u0131 zamanda dayan\u0131kl\u0131l\u0131\u011f\u0131 ve b\u00fcy\u00fcme potansiyelini de simgeler. Zarif g\u00f6r\u00fcn\u00fcml\u00fc bitki, tropik k\u00f6kenlidir.<\/p>\n<p>Renkli ve b\u00fcy\u00fck \u00e7i\u00e7ekleriyle bah\u00e7elerde ve i\u00e7 mek\u00e2nlarda g\u00f6z al\u0131c\u0131 bir detay olu\u015fturur. Farkl\u0131 renk se\u00e7enekleriyle \u00f6zellikle yaz aylar\u0131nda bah\u00e7elerinizi s\u00fcsler ve g\u00f6rsel bir \u015f\u00f6len sunar.<\/p>\n<p>Mandevilla \u00e7i\u00e7e\u011fi uygun bak\u0131m ile h\u0131zl\u0131 bir \u015fekilde b\u00fcy\u00fcyebilir ve uzun s\u00fcre \u00e7i\u00e7ek a\u00e7arak, hem i\u00e7 mek\u00e2nlarda hem de d\u0131\u015f mek\u00e2nlarda zarafetiyle dikkat \u00e7eker.<\/p>\n<p>Bu nedenle, bah\u00e7\u0131vanlar ve bitki sevenler aras\u0131nda pop\u00fclerli\u011fi ile \u00f6ne \u00e7\u0131kan bitkilerden biridir.<\/p>\n<h2 id=\"mandevilla-cicegi-kac-gunde-bir-sulanir\">Mandevilla \u00c7i\u00e7e\u011fi Ka\u00e7 G\u00fcnde Bir Sulan\u0131r?<\/h2>\n<p><img  loading=\"lazy\"  decoding=\"async\"  class=\"size-medium wp-image-100823 aligncenter pk-lazyload\"  src=\"data:image\/png;base64,iVBORw0KGgoAAAANSUhEUgAAAyAAAAHVAQMAAAAzfg2oAAAAA1BMVEUAAP+KeNJXAAAAAXRSTlMAQObYZgAAAAlwSFlzAAAOxAAADsQBlSsOGwAAAEVJREFUeNrtwTEBAAAAwqD1T20ND6AAAAAAAAAAAAAAAAAAAAAAAAAAAAAAAAAAAAAAAAAAAAAAAAAAAAAAAAAAAACAWwO5CQABdzoz8gAAAABJRU5ErkJggg==\"  alt=\"mandevilla \u00e7i\u00e7e\u011fi ka\u00e7 g\u00fcnde bir sulan\u0131r\"  width=\"800\"  height=\"469\"  data-pk-sizes=\"auto\"  data-ls-sizes=\"(max-width: 800px) 100vw, 800px\"  data-pk-src=\"https:\/\/cdn.muhiku.com\/blog\/wp-content\/uploads\/2024\/10\/mandevilla-cicegi-kac-gunde-bir-sulanir-800x469.webp\"  data-pk-srcset=\"https:\/\/muhiku.com\/blog\/wp-content\/uploads\/2024\/10\/mandevilla-cicegi-kac-gunde-bir-sulanir-800x469.webp 800w, https:\/\/muhiku.com\/blog\/wp-content\/uploads\/2024\/10\/mandevilla-cicegi-kac-gunde-bir-sulanir-380x223.webp 380w, https:\/\/muhiku.com\/blog\/wp-content\/uploads\/2024\/10\/mandevilla-cicegi-kac-gunde-bir-sulanir-760x445.webp 760w, https:\/\/muhiku.com\/blog\/wp-content\/uploads\/2024\/10\/mandevilla-cicegi-kac-gunde-bir-sulanir.webp 1024w\" ><\/p>\n<p>Mandevilla \u00e7i\u00e7e\u011finin sulama ihtiyac\u0131, bulundu\u011fu \u00e7evresel ko\u015fullara g\u00f6re de\u011fi\u015fiklik g\u00f6sterir. S\u0131cak yaz aylar\u0131nda daha s\u0131k, k\u0131\u015f aylar\u0131nda ise daha seyrek sulanmal\u0131d\u0131r.<\/p>\n<p>Genel olarak topra\u011f\u0131n nemli kalmas\u0131 tercih edilse de, suyun toprakta birikmemesine dikkat edilmelidir.<\/p>\n<h2 id=\"mandevilla-cicegi-evde-yetisir-mi\">Mandevilla \u00c7i\u00e7e\u011fi Evde Yeti\u015fir mi?<\/h2>\n<p>Mandevilla \u00e7i\u00e7e\u011fi evde yeti\u015ftirilebilecek bitkilerden biridir. Bitkinin iyi bir \u015fekilde b\u00fcy\u00fcmesi i\u00e7in g\u00fcne\u015f \u0131\u015f\u0131\u011f\u0131 alan fakat do\u011frudan g\u00fcne\u015f \u0131\u015f\u0131\u011f\u0131na maruz kalmayan bir yer se\u00e7ilmelidir.<\/p>\n<p>Bu \u00e7i\u00e7e\u011fi yeti\u015ftirmek i\u00e7in en ideal ortam, sabah g\u00fcne\u015fini alan fakat \u00f6\u011fleden sonra g\u00f6lge kalan alanlard\u0131r. Ayr\u0131ca, ev i\u00e7inde yeterli \u0131\u015f\u0131k ve s\u0131cakl\u0131k sa\u011fland\u0131\u011f\u0131nda, \u00e7i\u00e7ek sa\u011fl\u0131kl\u0131 bir \u015fekilde b\u00fcy\u00fcyebilir.<\/p>\n<p>Mandevilla \u00e7i\u00e7e\u011finin d\u00fczenli sulama ve uygun g\u00fcbrelemeden de faydaland\u0131\u011f\u0131n\u0131 unutmamak \u00f6nemlidir. B\u00f6ylece \u00e7i\u00e7ekler daha canl\u0131 renklere sahip olur ve b\u00fcy\u00fcme s\u00fcreci h\u0131zlan\u0131r.<\/p>\n<p>G\u00fczel g\u00f6r\u00fcn\u00fcml\u00fc \u00e7i\u00e7ek do\u011fru bak\u0131m ile evinizin ortam\u0131na estetik bir dokunu\u015f katar.<\/p>\n<h2 id=\"mandevilla-cicegi-nasil-cogaltilir\">Mandevilla \u00c7i\u00e7e\u011fi Nas\u0131l \u00c7o\u011falt\u0131l\u0131r?<\/h2>\n<p><img  loading=\"lazy\"  decoding=\"async\"  class=\"size-medium wp-image-100824 aligncenter pk-lazyload\"  src=\"data:image\/png;base64,iVBORw0KGgoAAAANSUhEUgAAAyAAAAHVAQMAAAAzfg2oAAAAA1BMVEUAAP+KeNJXAAAAAXRSTlMAQObYZgAAAAlwSFlzAAAOxAAADsQBlSsOGwAAAEVJREFUeNrtwTEBAAAAwqD1T20ND6AAAAAAAAAAAAAAAAAAAAAAAAAAAAAAAAAAAAAAAAAAAAAAAAAAAAAAAAAAAACAWwO5CQABdzoz8gAAAABJRU5ErkJggg==\"  alt=\"mandevilla \u00e7i\u00e7e\u011fi nas\u0131l \u00e7o\u011falt\u0131l\u0131r\"  width=\"800\"  height=\"469\"  data-pk-sizes=\"auto\"  data-ls-sizes=\"(max-width: 800px) 100vw, 800px\"  data-pk-src=\"https:\/\/cdn.muhiku.com\/blog\/wp-content\/uploads\/2024\/10\/mandevilla-cicegi-nasil-cogaltilir-800x469.webp\"  data-pk-srcset=\"https:\/\/muhiku.com\/blog\/wp-content\/uploads\/2024\/10\/mandevilla-cicegi-nasil-cogaltilir-800x469.webp 800w, https:\/\/muhiku.com\/blog\/wp-content\/uploads\/2024\/10\/mandevilla-cicegi-nasil-cogaltilir-380x223.webp 380w, https:\/\/muhiku.com\/blog\/wp-content\/uploads\/2024\/10\/mandevilla-cicegi-nasil-cogaltilir-760x445.webp 760w, https:\/\/muhiku.com\/blog\/wp-content\/uploads\/2024\/10\/mandevilla-cicegi-nasil-cogaltilir.webp 1024w\" ><\/p>\n<p>Mandevilla \u00e7i\u00e7e\u011fi, genellikle \u00e7elikle \u00e7o\u011falt\u0131lan g\u00fczel bir bitkidir. Bu \u00e7i\u00e7e\u011fin \u00e7o\u011falt\u0131lmas\u0131 i\u00e7in en uygun zaman, ilkbahar\u0131n ba\u015flang\u0131c\u0131d\u0131r.<\/p>\n<p>\u0130lkbaharda al\u0131nan \u00e7elikler, sa\u011fl\u0131kl\u0131 bir b\u00fcy\u00fcme i\u00e7in nemli ve besin a\u00e7\u0131s\u0131ndan zengin bir toprakta k\u00f6klendirilmelidir. Topra\u011f\u0131n iyi drene edildi\u011finden emin olmak da olduk\u00e7a \u00f6nemlidir.<\/p>\n<p>Ayr\u0131ca, \u00e7eliklerin daha iyi k\u00f6klenmesi i\u00e7in topra\u011f\u0131n s\u00fcrekli nemli kalmas\u0131 sa\u011flanmal\u0131 ve yeterli miktarda \u0131\u015f\u0131k almas\u0131na dikkat edilmelidir.<\/p>\n<p>Bu s\u00fcre\u00e7te \u00e7eliklerin g\u00fcne\u015f \u0131\u015f\u0131\u011f\u0131ndan do\u011frudan etkilenmemesi, onlar\u0131 korumak a\u00e7\u0131s\u0131ndan faydal\u0131d\u0131r. \u00c7eliklerin ba\u015far\u0131l\u0131 bir \u015fekilde k\u00f6klenmesi i\u00e7in uygun s\u0131cakl\u0131k ko\u015fullar\u0131n\u0131n sa\u011flanmas\u0131 da kritik bir fakt\u00f6rd\u00fcr.<\/p>\n<p>\u0130deal s\u0131cakl\u0131k olan 20-25\u00b0C aral\u0131\u011f\u0131 ve di\u011fer \u015fartlar sa\u011fland\u0131\u011f\u0131nda, Mandevilla \u00e7i\u00e7e\u011fi h\u0131zl\u0131 bir \u015fekilde k\u00f6klenerek sa\u011fl\u0131kl\u0131 bir \u015fekilde b\u00fcy\u00fcmeye ba\u015flayacakt\u0131r.<\/p>\n","protected":false},"excerpt":{"rendered":"Mandevilla \u00c7i\u00e7e\u011fi Nedir? Mandevilla \u00e7i\u00e7e\u011fi, k\u00f6keni Amerika k\u0131tas\u0131na dayanan ve zakkumgiller familyas\u0131na ait bir sarma\u015f\u0131k t\u00fcr\u00fcd\u00fcr. Bu g\u00fczel&hellip;\n","protected":false},"author":25,"featured_media":100825,"comment_status":"open","ping_status":"open","sticky":false,"template":"","format":"standard","meta":{"footnotes":""},"categories":[151],"tags":[],"yoast_head":"<!-- This site is optimized with the Yoast SEO plugin v22.5 - https:\/\/yoast.com\/wordpress\/plugins\/seo\/ -->\n<title>Mandevilla \u00c7i\u00e7e\u011fi Bak\u0131m\u0131 Nas\u0131l Yap\u0131l\u0131r? \u00c7e\u015fitleri ve \u00d6zellikleri Nelerdir? | Muhiku<\/title>\n<meta name=\"description\" content=\"Mandevilla \u00e7i\u00e7e\u011fi, k\u00f6keni Amerika k\u0131tas\u0131na dayanan ve zakkumgiller familyas\u0131na ait bir sarma\u015f\u0131k t\u00fcr\u00fcd\u00fcr.\" \/>\n<meta name=\"robots\" content=\"index, follow, max-snippet:-1, max-image-preview:large, max-video-preview:-1\" \/>\n<link rel=\"canonical\" href=\"https:\/\/muhiku.com\/blog\/mandevilla-cicegi-bakimi\/\" \/>\n<meta property=\"og:locale\" content=\"tr_TR\" \/>\n<meta property=\"og:type\" content=\"article\" \/>\n<meta property=\"og:title\" content=\"Mandevilla \u00c7i\u00e7e\u011fi Bak\u0131m\u0131 Nas\u0131l Yap\u0131l\u0131r? \u00c7e\u015fitleri ve \u00d6zellikleri Nelerdir? | Muhiku\" \/>\n<meta property=\"og:description\" content=\"Mandevilla \u00e7i\u00e7e\u011fi, k\u00f6keni Amerika k\u0131tas\u0131na dayanan ve zakkumgiller familyas\u0131na ait bir sarma\u015f\u0131k t\u00fcr\u00fcd\u00fcr.\" \/>\n<meta property=\"og:url\" content=\"https:\/\/muhiku.com\/blog\/mandevilla-cicegi-bakimi\/\" \/>\n<meta property=\"og:site_name\" content=\"Muhiku\" \/>\n<meta property=\"article:published_time\" content=\"2024-10-08T09:54:53+00:00\" \/>\n<meta property=\"article:modified_time\" content=\"2025-08-12T10:14:22+00:00\" \/>\n<meta property=\"og:image\" content=\"https:\/\/cdn.muhiku.com\/blog\/wp-content\/uploads\/2024\/10\/mandevilla-cicegi-bakimi.webp?x28031\" \/>\n\t<meta property=\"og:image:width\" content=\"1024\" \/>\n\t<meta property=\"og:image:height\" content=\"600\" \/>\n\t<meta property=\"og:image:type\" content=\"image\/webp\" \/>\n<meta name=\"author\" content=\"Dilara Yal\u00e7\u0131n\" \/>\n<meta name=\"twitter:card\" content=\"summary_large_image\" \/>\n<meta name=\"twitter:label1\" content=\"Written by\" \/>\n\t<meta name=\"twitter:data1\" content=\"Dilara Yal\u00e7\u0131n\" \/>\n\t<meta name=\"twitter:label2\" content=\"Est. reading time\" \/>\n\t<meta name=\"twitter:data2\" content=\"6 dakika\" \/>\n<script type=\"application\/ld+json\" class=\"yoast-schema-graph\">{\"@context\":\"https:\/\/schema.org\",\"@graph\":[{\"@type\":\"Article\",\"@id\":\"https:\/\/muhiku.com\/blog\/mandevilla-cicegi-bakimi\/#article\",\"isPartOf\":{\"@id\":\"https:\/\/muhiku.com\/blog\/mandevilla-cicegi-bakimi\/\"},\"author\":{\"name\":\"Dilara Yal\u00e7\u0131n\",\"@id\":\"https:\/\/muhiku.com\/blog\/#\/schema\/person\/0b50be1d52ee74306e1405ad86aac5d5\",\"url\":\"https:\/\/muhiku.com\/blog\/\"},\"headline\":\"Mandevilla C\u0327ic\u0327eg\u0306i Bak\u0131m\u0131\",\"datePublished\":\"2024-10-08T09:54:53+00:00\",\"dateModified\":\"2025-08-12T10:14:22+00:00\",\"mainEntityOfPage\":{\"@id\":\"https:\/\/muhiku.com\/blog\/mandevilla-cicegi-bakimi\/\"},\"wordCount\":1148,\"commentCount\":0,\"publisher\":{\"@id\":\"https:\/\/muhiku.com\/blog\/#organization\"},\"image\":{\"@id\":\"https:\/\/muhiku.com\/blog\/mandevilla-cicegi-bakimi\/#primaryimage\"},\"thumbnailUrl\":\"https:\/\/muhiku.com\/blog\/wp-content\/uploads\/2024\/10\/mandevilla-cicegi-bakimi.webp\",\"articleSection\":[\"\u00c7i\u00e7ek\"],\"inLanguage\":\"tr\",\"potentialAction\":[{\"@type\":\"CommentAction\",\"name\":\"Comment\",\"target\":[\"https:\/\/muhiku.com\/blog\/mandevilla-cicegi-bakimi\/#respond\"]}]},{\"@type\":\"WebPage\",\"@id\":\"https:\/\/muhiku.com\/blog\/mandevilla-cicegi-bakimi\/\",\"url\":\"https:\/\/muhiku.com\/blog\/mandevilla-cicegi-bakimi\/\",\"name\":\"Mandevilla \u00c7i\u00e7e\u011fi Bak\u0131m\u0131 Nas\u0131l Yap\u0131l\u0131r? \u00c7e\u015fitleri ve \u00d6zellikleri Nelerdir? | Muhiku\",\"isPartOf\":{\"@id\":\"https:\/\/muhiku.com\/blog\/#website\"},\"primaryImageOfPage\":{\"@id\":\"https:\/\/muhiku.com\/blog\/mandevilla-cicegi-bakimi\/#primaryimage\"},\"image\":{\"@id\":\"https:\/\/muhiku.com\/blog\/mandevilla-cicegi-bakimi\/#primaryimage\"},\"thumbnailUrl\":\"https:\/\/muhiku.com\/blog\/wp-content\/uploads\/2024\/10\/mandevilla-cicegi-bakimi.webp\",\"datePublished\":\"2024-10-08T09:54:53+00:00\",\"dateModified\":\"2025-08-12T10:14:22+00:00\",\"description\":\"Mandevilla \u00e7i\u00e7e\u011fi, k\u00f6keni Amerika k\u0131tas\u0131na dayanan ve zakkumgiller familyas\u0131na ait bir sarma\u015f\u0131k t\u00fcr\u00fcd\u00fcr.\",\"breadcrumb\":{\"@id\":\"https:\/\/muhiku.com\/blog\/mandevilla-cicegi-bakimi\/#breadcrumb\"},\"inLanguage\":\"tr\",\"potentialAction\":[{\"@type\":\"ReadAction\",\"target\":[\"https:\/\/muhiku.com\/blog\/mandevilla-cicegi-bakimi\/\"]}]},{\"@type\":\"ImageObject\",\"inLanguage\":\"tr\",\"@id\":\"https:\/\/muhiku.com\/blog\/mandevilla-cicegi-bakimi\/#primaryimage\",\"url\":\"https:\/\/muhiku.com\/blog\/wp-content\/uploads\/2024\/10\/mandevilla-cicegi-bakimi.webp\",\"contentUrl\":\"https:\/\/muhiku.com\/blog\/wp-content\/uploads\/2024\/10\/mandevilla-cicegi-bakimi.webp\",\"width\":1024,\"height\":600,\"caption\":\"mandevillla \u00e7i\u00e7e\u011fi bak\u0131m\u0131\"},{\"@type\":\"BreadcrumbList\",\"@id\":\"https:\/\/muhiku.com\/blog\/mandevilla-cicegi-bakimi\/#breadcrumb\",\"itemListElement\":[{\"@type\":\"ListItem\",\"position\":1,\"name\":\"Blog\",\"item\":\"https:\/\/muhiku.com\/blog\/\"},{\"@type\":\"ListItem\",\"position\":2,\"name\":\"Mandevilla C\u0327ic\u0327eg\u0306i Bak\u0131m\u0131\"}]},{\"@type\":\"WebSite\",\"@id\":\"https:\/\/muhiku.com\/blog\/#website\",\"url\":\"https:\/\/muhiku.com\/blog\/\",\"name\":\"Muhiku\",\"description\":\"Yenilik\u00e7i Hediye Rehberi\",\"publisher\":{\"@id\":\"https:\/\/muhiku.com\/blog\/#organization\"},\"inLanguage\":\"tr\"},{\"@type\":\"Organization\",\"@id\":\"https:\/\/muhiku.com\/blog\/#organization\",\"name\":\"Muhiku\",\"url\":\"https:\/\/muhiku.com\/blog\/\",\"logo\":{\"@type\":\"ImageObject\",\"inLanguage\":\"tr\",\"@id\":\"https:\/\/muhiku.com\/blog\/#\/schema\/logo\/image\/\",\"url\":\"https:\/\/muhiku.com\/blog\/wp-content\/uploads\/2019\/04\/logo-kare-1.png\",\"contentUrl\":\"https:\/\/muhiku.com\/blog\/wp-content\/uploads\/2019\/04\/logo-kare-1.png\",\"width\":1080,\"height\":1080,\"caption\":\"Muhiku\"},\"image\":{\"@id\":\"https:\/\/muhiku.com\/blog\/#\/schema\/logo\/image\/\"}},{\"@type\":\"Person\",\"@id\":\"https:\/\/muhiku.com\/blog\/#\/schema\/person\/0b50be1d52ee74306e1405ad86aac5d5\",\"name\":\"Dilara Yal\u00e7\u0131n\",\"image\":{\"@type\":\"ImageObject\",\"inLanguage\":\"tr\",\"@id\":\"https:\/\/muhiku.com\/blog\/#\/schema\/person\/image\/\",\"url\":\"https:\/\/secure.gravatar.com\/avatar\/f6e97d59731e06ac22101ebcef389e69?s=96&d=mm&r=g\",\"contentUrl\":\"https:\/\/secure.gravatar.com\/avatar\/f6e97d59731e06ac22101ebcef389e69?s=96&d=mm&r=g\",\"caption\":\"Dilara Yal\u00e7\u0131n\"}}]}<\/script>\n<!-- \/ Yoast SEO plugin. -->","yoast_head_json":{"title":"Mandevilla \u00c7i\u00e7e\u011fi Bak\u0131m\u0131 Nas\u0131l Yap\u0131l\u0131r? \u00c7e\u015fitleri ve \u00d6zellikleri Nelerdir? | Muhiku","description":"Mandevilla \u00e7i\u00e7e\u011fi, k\u00f6keni Amerika k\u0131tas\u0131na dayanan ve zakkumgiller familyas\u0131na ait bir sarma\u015f\u0131k t\u00fcr\u00fcd\u00fcr.","robots":{"index":"index","follow":"follow","max-snippet":"max-snippet:-1","max-image-preview":"max-image-preview:large","max-video-preview":"max-video-preview:-1"},"canonical":"https:\/\/muhiku.com\/blog\/mandevilla-cicegi-bakimi\/","og_locale":"tr_TR","og_type":"article","og_title":"Mandevilla \u00c7i\u00e7e\u011fi Bak\u0131m\u0131 Nas\u0131l Yap\u0131l\u0131r? \u00c7e\u015fitleri ve \u00d6zellikleri Nelerdir? | Muhiku","og_description":"Mandevilla \u00e7i\u00e7e\u011fi, k\u00f6keni Amerika k\u0131tas\u0131na dayanan ve zakkumgiller familyas\u0131na ait bir sarma\u015f\u0131k t\u00fcr\u00fcd\u00fcr.","og_url":"https:\/\/muhiku.com\/blog\/mandevilla-cicegi-bakimi\/","og_site_name":"Muhiku","article_published_time":"2024-10-08T09:54:53+00:00","article_modified_time":"2025-08-12T10:14:22+00:00","og_image":[{"width":1024,"height":600,"url":"https:\/\/cdn.muhiku.com\/blog\/wp-content\/uploads\/2024\/10\/mandevilla-cicegi-bakimi.webp?x28031","type":"image\/webp"}],"author":"Dilara Yal\u00e7\u0131n","twitter_card":"summary_large_image","twitter_misc":{"Written by":"Dilara Yal\u00e7\u0131n","Est. reading time":"6 dakika"},"schema":{"@context":"https:\/\/schema.org","@graph":[{"@type":"Article","@id":"https:\/\/muhiku.com\/blog\/mandevilla-cicegi-bakimi\/#article","isPartOf":{"@id":"https:\/\/muhiku.com\/blog\/mandevilla-cicegi-bakimi\/"},"author":{"name":"Dilara Yal\u00e7\u0131n","@id":"https:\/\/muhiku.com\/blog\/#\/schema\/person\/0b50be1d52ee74306e1405ad86aac5d5","url":"https:\/\/muhiku.com\/blog\/"},"headline":"Mandevilla C\u0327ic\u0327eg\u0306i Bak\u0131m\u0131","datePublished":"2024-10-08T09:54:53+00:00","dateModified":"2025-08-12T10:14:22+00:00","mainEntityOfPage":{"@id":"https:\/\/muhiku.com\/blog\/mandevilla-cicegi-bakimi\/"},"wordCount":1148,"commentCount":0,"publisher":{"@id":"https:\/\/muhiku.com\/blog\/#organization"},"image":{"@id":"https:\/\/muhiku.com\/blog\/mandevilla-cicegi-bakimi\/#primaryimage"},"thumbnailUrl":"https:\/\/muhiku.com\/blog\/wp-content\/uploads\/2024\/10\/mandevilla-cicegi-bakimi.webp","articleSection":["\u00c7i\u00e7ek"],"inLanguage":"tr","potentialAction":[{"@type":"CommentAction","name":"Comment","target":["https:\/\/muhiku.com\/blog\/mandevilla-cicegi-bakimi\/#respond"]}]},{"@type":"WebPage","@id":"https:\/\/muhiku.com\/blog\/mandevilla-cicegi-bakimi\/","url":"https:\/\/muhiku.com\/blog\/mandevilla-cicegi-bakimi\/","name":"Mandevilla \u00c7i\u00e7e\u011fi Bak\u0131m\u0131 Nas\u0131l Yap\u0131l\u0131r? \u00c7e\u015fitleri ve \u00d6zellikleri Nelerdir? | Muhiku","isPartOf":{"@id":"https:\/\/muhiku.com\/blog\/#website"},"primaryImageOfPage":{"@id":"https:\/\/muhiku.com\/blog\/mandevilla-cicegi-bakimi\/#primaryimage"},"image":{"@id":"https:\/\/muhiku.com\/blog\/mandevilla-cicegi-bakimi\/#primaryimage"},"thumbnailUrl":"https:\/\/muhiku.com\/blog\/wp-content\/uploads\/2024\/10\/mandevilla-cicegi-bakimi.webp","datePublished":"2024-10-08T09:54:53+00:00","dateModified":"2025-08-12T10:14:22+00:00","description":"Mandevilla \u00e7i\u00e7e\u011fi, k\u00f6keni Amerika k\u0131tas\u0131na dayanan ve zakkumgiller familyas\u0131na ait bir sarma\u015f\u0131k t\u00fcr\u00fcd\u00fcr.","breadcrumb":{"@id":"https:\/\/muhiku.com\/blog\/mandevilla-cicegi-bakimi\/#breadcrumb"},"inLanguage":"tr","potentialAction":[{"@type":"ReadAction","target":["https:\/\/muhiku.com\/blog\/mandevilla-cicegi-bakimi\/"]}]},{"@type":"ImageObject","inLanguage":"tr","@id":"https:\/\/muhiku.com\/blog\/mandevilla-cicegi-bakimi\/#primaryimage","url":"https:\/\/muhiku.com\/blog\/wp-content\/uploads\/2024\/10\/mandevilla-cicegi-bakimi.webp","contentUrl":"https:\/\/muhiku.com\/blog\/wp-content\/uploads\/2024\/10\/mandevilla-cicegi-bakimi.webp","width":1024,"height":600,"caption":"mandevillla \u00e7i\u00e7e\u011fi bak\u0131m\u0131"},{"@type":"BreadcrumbList","@id":"https:\/\/muhiku.com\/blog\/mandevilla-cicegi-bakimi\/#breadcrumb","itemListElement":[{"@type":"ListItem","position":1,"name":"Blog","item":"https:\/\/muhiku.com\/blog\/"},{"@type":"ListItem","position":2,"name":"Mandevilla C\u0327ic\u0327eg\u0306i Bak\u0131m\u0131"}]},{"@type":"WebSite","@id":"https:\/\/muhiku.com\/blog\/#website","url":"https:\/\/muhiku.com\/blog\/","name":"Muhiku","description":"Yenilik\u00e7i Hediye Rehberi","publisher":{"@id":"https:\/\/muhiku.com\/blog\/#organization"},"inLanguage":"tr"},{"@type":"Organization","@id":"https:\/\/muhiku.com\/blog\/#organization","name":"Muhiku","url":"https:\/\/muhiku.com\/blog\/","logo":{"@type":"ImageObject","inLanguage":"tr","@id":"https:\/\/muhiku.com\/blog\/#\/schema\/logo\/image\/","url":"https:\/\/muhiku.com\/blog\/wp-content\/uploads\/2019\/04\/logo-kare-1.png","contentUrl":"https:\/\/muhiku.com\/blog\/wp-content\/uploads\/2019\/04\/logo-kare-1.png","width":1080,"height":1080,"caption":"Muhiku"},"image":{"@id":"https:\/\/muhiku.com\/blog\/#\/schema\/logo\/image\/"}},{"@type":"Person","@id":"https:\/\/muhiku.com\/blog\/#\/schema\/person\/0b50be1d52ee74306e1405ad86aac5d5","name":"Dilara Yal\u00e7\u0131n","image":{"@type":"ImageObject","inLanguage":"tr","@id":"https:\/\/muhiku.com\/blog\/#\/schema\/person\/image\/","url":"https:\/\/secure.gravatar.com\/avatar\/f6e97d59731e06ac22101ebcef389e69?s=96&d=mm&r=g","contentUrl":"https:\/\/secure.gravatar.com\/avatar\/f6e97d59731e06ac22101ebcef389e69?s=96&d=mm&r=g","caption":"Dilara Yal\u00e7\u0131n"}}]}},"_links":{"self":[{"href":"https:\/\/muhiku.com\/blog\/wp-json\/wp\/v2\/posts\/100820"}],"collection":[{"href":"https:\/\/muhiku.com\/blog\/wp-json\/wp\/v2\/posts"}],"about":[{"href":"https:\/\/muhiku.com\/blog\/wp-json\/wp\/v2\/types\/post"}],"author":[{"embeddable":true,"href":"https:\/\/muhiku.com\/blog\/wp-json\/wp\/v2\/users\/25"}],"replies":[{"embeddable":true,"href":"https:\/\/muhiku.com\/blog\/wp-json\/wp\/v2\/comments?post=100820"}],"version-history":[{"count":2,"href":"https:\/\/muhiku.com\/blog\/wp-json\/wp\/v2\/posts\/100820\/revisions"}],"predecessor-version":[{"id":100827,"href":"https:\/\/muhiku.com\/blog\/wp-json\/wp\/v2\/posts\/100820\/revisions\/100827"}],"wp:featuredmedia":[{"embeddable":true,"href":"https:\/\/muhiku.com\/blog\/wp-json\/wp\/v2\/media\/100825"}],"wp:attachment":[{"href":"https:\/\/muhiku.com\/blog\/wp-json\/wp\/v2\/media?parent=100820"}],"wp:term":[{"taxonomy":"category","embeddable":true,"href":"https:\/\/muhiku.com\/blog\/wp-json\/wp\/v2\/categories?post=100820"},{"taxonomy":"post_tag","embeddable":true,"href":"https:\/\/muhiku.com\/blog\/wp-json\/wp\/v2\/tags?post=100820"}],"curies":[{"name":"wp","href":"https:\/\/api.w.org\/{rel}","templated":true}]}}