{"id":100743,"date":"2024-10-07T16:31:31","date_gmt":"2024-10-07T13:31:31","guid":{"rendered":"https:\/\/muhiku.com\/blog\/?p=100743"},"modified":"2025-08-12T13:16:37","modified_gmt":"2025-08-12T10:16:37","slug":"gelin-taci-cicegi-bakimi","status":"publish","type":"post","link":"https:\/\/muhiku.com\/blog\/gelin-taci-cicegi-bakimi\/","title":{"rendered":"Gelin Tac\u0131 C\u0327ic\u0327eg\u0306i Bak\u0131m\u0131"},"content":{"rendered":"<h2 id=\"gelin-taci-cicegi-nedir\">Gelin Tac\u0131 \u00c7i\u00e7e\u011fi Nedir?<\/h2>\n<p><img  loading=\"lazy\"  decoding=\"async\"  class=\"size-medium wp-image-100747 aligncenter pk-lazyload\"  src=\"data:image\/png;base64,iVBORw0KGgoAAAANSUhEUgAAAyAAAAHVAQMAAAAzfg2oAAAAA1BMVEUAAP+KeNJXAAAAAXRSTlMAQObYZgAAAAlwSFlzAAAOxAAADsQBlSsOGwAAAEVJREFUeNrtwTEBAAAAwqD1T20ND6AAAAAAAAAAAAAAAAAAAAAAAAAAAAAAAAAAAAAAAAAAAAAAAAAAAAAAAAAAAACAWwO5CQABdzoz8gAAAABJRU5ErkJggg==\"  alt=\"gelin tac\u0131 \u00e7i\u00e7e\u011fi nedir\"  width=\"800\"  height=\"469\"  data-pk-sizes=\"auto\"  data-ls-sizes=\"(max-width: 800px) 100vw, 800px\"  data-pk-src=\"https:\/\/cdn.muhiku.com\/blog\/wp-content\/uploads\/2024\/10\/gelin-taci-cicegi-nedir-800x469.webp\"  data-pk-srcset=\"https:\/\/muhiku.com\/blog\/wp-content\/uploads\/2024\/10\/gelin-taci-cicegi-nedir-800x469.webp 800w, https:\/\/muhiku.com\/blog\/wp-content\/uploads\/2024\/10\/gelin-taci-cicegi-nedir-380x223.webp 380w, https:\/\/muhiku.com\/blog\/wp-content\/uploads\/2024\/10\/gelin-taci-cicegi-nedir-760x445.webp 760w, https:\/\/muhiku.com\/blog\/wp-content\/uploads\/2024\/10\/gelin-taci-cicegi-nedir.webp 1024w\" ><\/p>\n<p>Gelin tac\u0131 \u00e7i\u00e7e\u011fi (Weigela florida), Do\u011fu Asya k\u00f6kenli bir \u00e7al\u0131 t\u00fcr\u00fc bitkisidir. Han\u0131meligiller ailesine ait olan gelin tac\u0131 \u00e7i\u00e7e\u011fi; \u00f6zellikle \u00c7in, Kore ve Japonya gibi \u00fclkelerde yayg\u0131n olarak yeti\u015ftirilir.<\/p>\n<p>Bu b\u00f6lgelerde do\u011fal ortamda da bulunabilen gelin tac\u0131 \u00e7i\u00e7e\u011fi, \u00f6zellikle ilkbahar ve yaz aylar\u0131nda a\u00e7an, canl\u0131 pembe, beyaz ve nadiren sar\u0131 \u00e7i\u00e7ekleriyle dikkat \u00e7eker.<\/p>\n<p>Bitkinin \u00e7i\u00e7ekleri ho\u015f bir koku yayarak bahar mevsiminde \u00e7evresindeki do\u011fay\u0131 canland\u0131r\u0131r. \u00c7al\u0131 formundaki gelin tac\u0131 \u00e7i\u00e7e\u011fi, s\u0131k dallar\u0131 ve \u00e7an \u015feklindeki \u00e7i\u00e7ekleriyle bah\u00e7elere estetik bir g\u00f6r\u00fcn\u00fcm kazand\u0131r\u0131r.<\/p>\n<p>Ayr\u0131ca ar\u0131lar\u0131n ve di\u011fer polinat\u00f6rlerin ilgisini \u00e7ekerek ekosisteme katk\u0131da bulunur.<\/p>\n<p>Gelin tac\u0131 \u00e7i\u00e7e\u011fi, uygun bak\u0131m ile 2-3 metreye kadar boylanabilir ve \u00e7e\u015fitli bah\u00e7e d\u00fczenlemeleri i\u00e7in m\u00fckemmel bir tercih olabilir.<\/p>\n<p>Yaz\u0131n canl\u0131 renkleriyle bah\u00e7eyi s\u00fcslerken\u00a0 k\u0131\u015f\u0131n yaprak d\u00f6kt\u00fckten sonra bile zarif duru\u015funu koruyarak estetik bir de\u011fer sunar.<\/p>\n<h2 id=\"gelin-taci-cicegi-bakimi-nasil-yapilir\">Gelin Tac\u0131 \u00c7i\u00e7e\u011fi Bak\u0131m\u0131 Nas\u0131l Yap\u0131l\u0131r?<\/h2>\n<p><img  loading=\"lazy\"  decoding=\"async\"  class=\"size-medium wp-image-100748 aligncenter pk-lazyload\"  src=\"data:image\/png;base64,iVBORw0KGgoAAAANSUhEUgAAAyAAAAHVAQMAAAAzfg2oAAAAA1BMVEUAAP+KeNJXAAAAAXRSTlMAQObYZgAAAAlwSFlzAAAOxAAADsQBlSsOGwAAAEVJREFUeNrtwTEBAAAAwqD1T20ND6AAAAAAAAAAAAAAAAAAAAAAAAAAAAAAAAAAAAAAAAAAAAAAAAAAAAAAAAAAAACAWwO5CQABdzoz8gAAAABJRU5ErkJggg==\"  alt=\"gelin tac\u0131 \u00e7i\u00e7e\u011fi bak\u0131m\u0131 nas\u0131l yap\u0131l\u0131r\"  width=\"800\"  height=\"469\"  data-pk-sizes=\"auto\"  data-ls-sizes=\"(max-width: 800px) 100vw, 800px\"  data-pk-src=\"https:\/\/cdn.muhiku.com\/blog\/wp-content\/uploads\/2024\/10\/gelin-taci-cicegi-bakimi-nasil-yapilir-800x469.webp\"  data-pk-srcset=\"https:\/\/muhiku.com\/blog\/wp-content\/uploads\/2024\/10\/gelin-taci-cicegi-bakimi-nasil-yapilir-800x469.webp 800w, https:\/\/muhiku.com\/blog\/wp-content\/uploads\/2024\/10\/gelin-taci-cicegi-bakimi-nasil-yapilir-380x223.webp 380w, https:\/\/muhiku.com\/blog\/wp-content\/uploads\/2024\/10\/gelin-taci-cicegi-bakimi-nasil-yapilir-760x445.webp 760w, https:\/\/muhiku.com\/blog\/wp-content\/uploads\/2024\/10\/gelin-taci-cicegi-bakimi-nasil-yapilir.webp 1024w\" ><\/p>\n<p>Gelin tac\u0131 \u00e7i\u00e7e\u011finin sa\u011fl\u0131kl\u0131 bir \u015fekilde geli\u015fmesini sa\u011flamak i\u00e7in baz\u0131 bak\u0131m ad\u0131mlar\u0131na dikkat edilmesi b\u00fcy\u00fck bir \u00f6nem ta\u015f\u0131r.<\/p>\n<p>Gelin tac\u0131 \u00e7i\u00e7e\u011fi, hem g\u00fcne\u015fi hem de g\u00f6lgeyi seven, ancak tam g\u00fcne\u015f alt\u0131nda en iyi performans\u0131 g\u00f6steren bir bitkidir. Bu nedenle, bak\u0131m\u0131na \u00f6zen g\u00f6stermek, bitkinin canl\u0131l\u0131\u011f\u0131n\u0131 art\u0131rmak a\u00e7\u0131s\u0131ndan kritik \u00f6neme sahiptir.<\/p>\n<p>Gelin tac\u0131 \u00e7i\u00e7e\u011fini dikerken; nemli, iyi drene edilmi\u015f, hafif asidik veya alkali topraklar\u0131 tercih etmelisiniz. \u00c7i\u00e7ek i\u00e7in ideal olan toprak ko\u015fullar\u0131, k\u00f6klerin sa\u011fl\u0131kl\u0131 bir \u015fekilde geli\u015fmesine olanak tan\u0131r.<\/p>\n<p>Topra\u011fa kompost ekleyerek besin maddelerini art\u0131rabilir ve bitkinizin verimlili\u011fini y\u00fckseltebilirsiniz. Ayr\u0131ca, bah\u00e7enizdeki di\u011fer bitkilerle uyumlu bir \u015fekilde yerle\u015ftirerek do\u011fal bir ekosistem olu\u015fturma avantaj\u0131na sahip olabilirsiniz.<\/p>\n<p>Gelin tac\u0131 \u00e7i\u00e7e\u011fi, ilkbahar ve yaz aylar\u0131nda d\u00fczenli sulama gerektirir. Bu aylar bitkinin b\u00fcy\u00fcme d\u00f6nemine denk geldi\u011finden bitkinin su ihtiyac\u0131 daha fazla olur.<\/p>\n<p>Sulama s\u0131ras\u0131nda, k\u00f6klerin derinlere inmesi i\u00e7in topra\u011f\u0131 \u0131slatacak \u015fekilde sulama yapmaya \u00f6zen g\u00f6sterilmelidir.<\/p>\n<p>K\u0131\u015f aylar\u0131nda ise bitkinizin k\u00f6klerinin tamamen kurumas\u0131n\u0131 \u00f6nlemek i\u00e7in ayda bir sulama yapman\u0131z yeterli olacakt\u0131r. B\u00f6ylece bitkinin dinlenme d\u00f6neminde sa\u011fl\u0131kl\u0131 kalmas\u0131n\u0131 sa\u011flayabilirsiniz.<\/p>\n<p>Gelin tac\u0131 \u00e7i\u00e7e\u011finin en iyi \u015fekilde geli\u015fmesi i\u00e7in sabah ve ak\u015fam g\u00fcne\u015fi alacak \u015fekilde konumland\u0131r\u0131lmas\u0131 \u00f6nerilir. Do\u011fru konumland\u0131rma, bitkinin g\u00fcne\u015f \u0131\u015f\u0131\u011f\u0131n\u0131 yeterince almas\u0131n\u0131 ve enerji \u00fcretimini art\u0131rmas\u0131n\u0131 sa\u011flar.<\/p>\n<p>G\u00f6lge alanlarda ise bitkiniz daha az \u00e7i\u00e7ek a\u00e7abilir. Buna ba\u011fl\u0131 olarak bitkinin genel g\u00f6r\u00fcn\u00fcm\u00fc de olumsuz etkilenebilir.<\/p>\n<p>Gelin tac\u0131 \u00e7i\u00e7e\u011finin sa\u011fl\u0131kl\u0131 bir \u015fekilde b\u00fcy\u00fcy\u00fcp geli\u015fmesini desteklemek i\u00e7in ilkbaharda olmak kayd\u0131yla y\u0131lda bir kez g\u00fcbreleme yap\u0131lmas\u0131 \u00f6nerilir.<\/p>\n<p>G\u00fcbre, bitkinizin ihtiya\u00e7 duydu\u011fu besin maddelerini sa\u011flar ve \u00e7i\u00e7eklenme d\u00f6neminde daha bol \u00e7i\u00e7ek a\u00e7mas\u0131na yard\u0131mc\u0131 olur.<\/p>\n<p>G\u00fcbreleme s\u0131ras\u0131nda do\u011fal g\u00fcbreleri tercih etmek, \u00e7evre dostu bir yakla\u015f\u0131m benimsemek anlam\u0131na gelir.<\/p>\n<p>Bu bak\u0131m ad\u0131mlar\u0131na dikkat ederek, gelin tac\u0131 \u00e7i\u00e7e\u011finizin sa\u011fl\u0131kl\u0131 ve g\u00fczel bir \u015fekilde b\u00fcy\u00fcmesini sa\u011flayabilirsiniz. Unutmay\u0131n, her bitki \u00f6zel bir ilgi ve bak\u0131m gerektirir!<\/p>\n<h2 id=\"gelin-taci-cicegi-ozellikleri\">Gelin Tac\u0131 \u00c7i\u00e7e\u011fi \u00d6zellikleri<\/h2>\n<p>Gelin tac\u0131 \u00e7i\u00e7e\u011finin renk de\u011fi\u015ftirme \u00f6zelli\u011fi olduk\u00e7a dikkat \u00e7ekicidir. \u00c7i\u00e7ek, tam g\u00fcne\u015fte pembe tonlar\u0131na b\u00fcr\u00fcn\u00fcrken, g\u00f6lgede beyazla\u015fabilir.<\/p>\n<p>Bu \u00f6zellik bitkinin g\u00f6rsel \u00e7ekicili\u011fini art\u0131rabilir. Bitkinin \u00e7i\u00e7ekleri \u00e7an \u015feklinde ve yapraklar\u0131 elips bi\u00e7imindedir. Bu yap\u0131s\u0131 ile ho\u015f bir esteti\u011fe sahiptir.<\/p>\n<p>Gelin tac\u0131 \u00e7i\u00e7e\u011fi, k\u0131\u015f aylar\u0131nda yapraklar\u0131n\u0131 d\u00f6kerken, so\u011fuk iklimlere son derece dayan\u0131kl\u0131d\u0131r. Bu sayede bah\u00e7elerde s\u0131kl\u0131kla tercih edilen bir se\u00e7enek h\u00e2line gelir.<\/p>\n<p>K\u0131sa s\u00fcreli budama i\u015flemleri ile bitkinin daha yo\u011fun ve sa\u011fl\u0131kl\u0131 bir \u00e7i\u00e7eklenme s\u00fcrecine girmesi sa\u011flanabilir. Gelin tac\u0131 \u00e7i\u00e7e\u011fi, do\u011fru bak\u0131m ile uzun y\u0131llar boyunca bah\u00e7enizin vazge\u00e7ilmez bir par\u00e7as\u0131 olabilir.<\/p>\n<h2 id=\"gelin-taci-cicegi-anlami\">Gelin Tac\u0131 \u00c7i\u00e7e\u011fi Anlam\u0131<\/h2>\n<p><img  loading=\"lazy\"  decoding=\"async\"  class=\"size-medium wp-image-100744 aligncenter pk-lazyload\"  src=\"data:image\/png;base64,iVBORw0KGgoAAAANSUhEUgAAAyAAAAHVAQMAAAAzfg2oAAAAA1BMVEUAAP+KeNJXAAAAAXRSTlMAQObYZgAAAAlwSFlzAAAOxAAADsQBlSsOGwAAAEVJREFUeNrtwTEBAAAAwqD1T20ND6AAAAAAAAAAAAAAAAAAAAAAAAAAAAAAAAAAAAAAAAAAAAAAAAAAAAAAAAAAAACAWwO5CQABdzoz8gAAAABJRU5ErkJggg==\"  alt=\"gelin tac\u0131 \u00e7i\u00e7e\u011fi anlam\u0131\"  width=\"800\"  height=\"469\"  data-pk-sizes=\"auto\"  data-ls-sizes=\"(max-width: 800px) 100vw, 800px\"  data-pk-src=\"https:\/\/cdn.muhiku.com\/blog\/wp-content\/uploads\/2024\/10\/gelin-taci-cicegi-anlami-800x469.webp\"  data-pk-srcset=\"https:\/\/muhiku.com\/blog\/wp-content\/uploads\/2024\/10\/gelin-taci-cicegi-anlami-800x469.webp 800w, https:\/\/muhiku.com\/blog\/wp-content\/uploads\/2024\/10\/gelin-taci-cicegi-anlami-380x223.webp 380w, https:\/\/muhiku.com\/blog\/wp-content\/uploads\/2024\/10\/gelin-taci-cicegi-anlami-760x445.webp 760w, https:\/\/muhiku.com\/blog\/wp-content\/uploads\/2024\/10\/gelin-taci-cicegi-anlami.webp 1024w\" ><\/p>\n<p>Gelin tac\u0131 \u00e7i\u00e7e\u011fi, ad\u0131ndan da anla\u015f\u0131laca\u011f\u0131 \u00fczere d\u00fc\u011f\u00fcnlerde ve \u00f6zel g\u00fcnlerde kullan\u0131lan bir \u00e7i\u00e7ek t\u00fcr\u00fcd\u00fcr. Zarafeti ve zarif g\u00f6r\u00fcn\u00fcm\u00fc nedeniyle a\u015fk\u0131 ve g\u00fczelli\u011fi simgeler. Ayr\u0131ca, sa\u011flam yap\u0131s\u0131 ve dayan\u0131kl\u0131l\u0131\u011f\u0131 ile sadakatin temsilcisidir.<\/p>\n<h2 id=\"gelin-taci-cicegi-kac-gunde-bir-sulanir\">Gelin Tac\u0131 \u00c7i\u00e7e\u011fi Ka\u00e7 G\u00fcnde Bir Sulan\u0131r?<\/h2>\n<p>Gelin tac\u0131 \u00e7i\u00e7e\u011fi, ilkbahar ve yaz aylar\u0131nda topra\u011f\u0131n nemli kalmas\u0131n\u0131 gerektirir. Bu d\u00f6nemde haftada bir veya iki kez sulanabilir. K\u0131\u015f aylar\u0131nda ise ayda bir kez sulama yeterlidir. \u00d6zellikle kurak d\u00f6nemlerde ekstra su vermek faydal\u0131 olur.<\/p>\n<h2 id=\"gelin-taci-cicegi-evde-yetisir-mi\">Gelin Tac\u0131 \u00c7i\u00e7e\u011fi Evde Yeti\u015fir mi?<\/h2>\n<p>Gelin tac\u0131 \u00e7i\u00e7e\u011fi, uygun \u015fartlar sa\u011fland\u0131\u011f\u0131nda evde de yeti\u015ftirilebilir. Bol g\u00fcne\u015f alan ve nem oran\u0131 dengeli bir ortamda, saks\u0131da yeti\u015ftirilmesi m\u00fcmk\u00fcnd\u00fcr. Evde yeti\u015ftirmek, bitkinin \u00e7i\u00e7eklenmesini art\u0131rabilir ve dekoratif bir g\u00f6r\u00fcn\u00fcm sunar.<\/p>\n<h2 id=\"gelin-taci-cicegi-nasil-cogaltilir\">Gelin Tac\u0131 \u00c7i\u00e7e\u011fi Nas\u0131l \u00c7o\u011falt\u0131l\u0131r?<\/h2>\n<p><img  loading=\"lazy\"  decoding=\"async\"  class=\"size-medium wp-image-100745 aligncenter pk-lazyload\"  src=\"data:image\/png;base64,iVBORw0KGgoAAAANSUhEUgAAAyAAAAHVAQMAAAAzfg2oAAAAA1BMVEUAAP+KeNJXAAAAAXRSTlMAQObYZgAAAAlwSFlzAAAOxAAADsQBlSsOGwAAAEVJREFUeNrtwTEBAAAAwqD1T20ND6AAAAAAAAAAAAAAAAAAAAAAAAAAAAAAAAAAAAAAAAAAAAAAAAAAAAAAAAAAAACAWwO5CQABdzoz8gAAAABJRU5ErkJggg==\"  alt=\"gelin tac\u0131 \u00e7i\u00e7e\u011fi nas\u0131l \u00e7o\u011falt\u0131l\u0131r\"  width=\"800\"  height=\"469\"  data-pk-sizes=\"auto\"  data-ls-sizes=\"(max-width: 800px) 100vw, 800px\"  data-pk-src=\"https:\/\/cdn.muhiku.com\/blog\/wp-content\/uploads\/2024\/10\/gelin-taci-cicegi-nasil-cogaltilir-800x469.webp\"  data-pk-srcset=\"https:\/\/muhiku.com\/blog\/wp-content\/uploads\/2024\/10\/gelin-taci-cicegi-nasil-cogaltilir-800x469.webp 800w, https:\/\/muhiku.com\/blog\/wp-content\/uploads\/2024\/10\/gelin-taci-cicegi-nasil-cogaltilir-380x223.webp 380w, https:\/\/muhiku.com\/blog\/wp-content\/uploads\/2024\/10\/gelin-taci-cicegi-nasil-cogaltilir-760x445.webp 760w, https:\/\/muhiku.com\/blog\/wp-content\/uploads\/2024\/10\/gelin-taci-cicegi-nasil-cogaltilir.webp 1024w\" ><\/p>\n<p>Gelin tac\u0131 \u00e7i\u00e7e\u011fini \u00e7o\u011faltman\u0131n en kolay yolu, \u00e7elikleme y\u00f6ntemidir. Yaz aylar\u0131nda, sa\u011fl\u0131kl\u0131 ye\u015fil dallardan 15-20 cm uzunlu\u011funda \u00e7elikler alabilir ve bu \u00e7elikleri su dolu bir kaba yerle\u015ftirip k\u00f6klendirebilirsiniz.<\/p>\n<p>Suya koyduktan sonra, \u00e7eliklerin k\u00f6klenme s\u00fcrecini h\u0131zland\u0131rmak i\u00e7in kab\u0131 do\u011frudan g\u00fcne\u015f \u0131\u015f\u0131\u011f\u0131 almayan s\u0131cak bir yerde tutman\u0131z \u00f6nerilir.<\/p>\n","protected":false},"excerpt":{"rendered":"Gelin Tac\u0131 \u00c7i\u00e7e\u011fi Nedir? Gelin tac\u0131 \u00e7i\u00e7e\u011fi (Weigela florida), Do\u011fu Asya k\u00f6kenli bir \u00e7al\u0131 t\u00fcr\u00fc bitkisidir. Han\u0131meligiller ailesine&hellip;\n","protected":false},"author":25,"featured_media":100746,"comment_status":"open","ping_status":"open","sticky":false,"template":"","format":"standard","meta":{"footnotes":""},"categories":[151],"tags":[],"yoast_head":"<!-- This site is optimized with the Yoast SEO plugin v22.5 - https:\/\/yoast.com\/wordpress\/plugins\/seo\/ -->\n<title>Gelin Tac\u0131 \u00c7i\u00e7e\u011fi Bak\u0131m\u0131 Nas\u0131l Yap\u0131l\u0131r? \u00c7e\u015fitleri ve \u00d6zellikleri Nelerdir? | Muhiku<\/title>\n<meta name=\"description\" content=\"Han\u0131meligiller ailesine ait olan gelin tac\u0131 \u00e7i\u00e7e\u011fi; \u00f6zellikle \u00c7in, Kore ve Japonya gibi \u00fclkelerde yayg\u0131n olarak yeti\u015ftirilir.\" \/>\n<meta name=\"robots\" content=\"index, follow, max-snippet:-1, max-image-preview:large, max-video-preview:-1\" \/>\n<link rel=\"canonical\" href=\"https:\/\/muhiku.com\/blog\/gelin-taci-cicegi-bakimi\/\" \/>\n<meta property=\"og:locale\" content=\"tr_TR\" \/>\n<meta property=\"og:type\" content=\"article\" \/>\n<meta property=\"og:title\" content=\"Gelin Tac\u0131 \u00c7i\u00e7e\u011fi Bak\u0131m\u0131 Nas\u0131l Yap\u0131l\u0131r? \u00c7e\u015fitleri ve \u00d6zellikleri Nelerdir? | Muhiku\" \/>\n<meta property=\"og:description\" content=\"Han\u0131meligiller ailesine ait olan gelin tac\u0131 \u00e7i\u00e7e\u011fi; \u00f6zellikle \u00c7in, Kore ve Japonya gibi \u00fclkelerde yayg\u0131n olarak yeti\u015ftirilir.\" \/>\n<meta property=\"og:url\" content=\"https:\/\/muhiku.com\/blog\/gelin-taci-cicegi-bakimi\/\" \/>\n<meta property=\"og:site_name\" content=\"Muhiku\" \/>\n<meta property=\"article:published_time\" content=\"2024-10-07T13:31:31+00:00\" \/>\n<meta property=\"article:modified_time\" content=\"2025-08-12T10:16:37+00:00\" \/>\n<meta property=\"og:image\" content=\"https:\/\/cdn.muhiku.com\/blog\/wp-content\/uploads\/2024\/10\/gelin-taci-cicegi-bakimi.webp?x28031\" \/>\n\t<meta property=\"og:image:width\" content=\"1024\" \/>\n\t<meta property=\"og:image:height\" content=\"600\" \/>\n\t<meta property=\"og:image:type\" content=\"image\/webp\" \/>\n<meta name=\"author\" content=\"Dilara Yal\u00e7\u0131n\" \/>\n<meta name=\"twitter:card\" content=\"summary_large_image\" \/>\n<meta name=\"twitter:label1\" content=\"Written by\" \/>\n\t<meta name=\"twitter:data1\" content=\"Dilara Yal\u00e7\u0131n\" \/>\n\t<meta name=\"twitter:label2\" content=\"Est. reading time\" \/>\n\t<meta name=\"twitter:data2\" content=\"6 dakika\" \/>\n<script type=\"application\/ld+json\" class=\"yoast-schema-graph\">{\"@context\":\"https:\/\/schema.org\",\"@graph\":[{\"@type\":\"Article\",\"@id\":\"https:\/\/muhiku.com\/blog\/gelin-taci-cicegi-bakimi\/#article\",\"isPartOf\":{\"@id\":\"https:\/\/muhiku.com\/blog\/gelin-taci-cicegi-bakimi\/\"},\"author\":{\"name\":\"Dilara Yal\u00e7\u0131n\",\"@id\":\"https:\/\/muhiku.com\/blog\/#\/schema\/person\/0b50be1d52ee74306e1405ad86aac5d5\",\"url\":\"https:\/\/muhiku.com\/blog\/\"},\"headline\":\"Gelin Tac\u0131 C\u0327ic\u0327eg\u0306i Bak\u0131m\u0131\",\"datePublished\":\"2024-10-07T13:31:31+00:00\",\"dateModified\":\"2025-08-12T10:16:37+00:00\",\"mainEntityOfPage\":{\"@id\":\"https:\/\/muhiku.com\/blog\/gelin-taci-cicegi-bakimi\/\"},\"wordCount\":1018,\"commentCount\":0,\"publisher\":{\"@id\":\"https:\/\/muhiku.com\/blog\/#organization\"},\"image\":{\"@id\":\"https:\/\/muhiku.com\/blog\/gelin-taci-cicegi-bakimi\/#primaryimage\"},\"thumbnailUrl\":\"https:\/\/muhiku.com\/blog\/wp-content\/uploads\/2024\/10\/gelin-taci-cicegi-bakimi.webp\",\"articleSection\":[\"\u00c7i\u00e7ek\"],\"inLanguage\":\"tr\",\"potentialAction\":[{\"@type\":\"CommentAction\",\"name\":\"Comment\",\"target\":[\"https:\/\/muhiku.com\/blog\/gelin-taci-cicegi-bakimi\/#respond\"]}]},{\"@type\":\"WebPage\",\"@id\":\"https:\/\/muhiku.com\/blog\/gelin-taci-cicegi-bakimi\/\",\"url\":\"https:\/\/muhiku.com\/blog\/gelin-taci-cicegi-bakimi\/\",\"name\":\"Gelin Tac\u0131 \u00c7i\u00e7e\u011fi Bak\u0131m\u0131 Nas\u0131l Yap\u0131l\u0131r? \u00c7e\u015fitleri ve \u00d6zellikleri Nelerdir? | Muhiku\",\"isPartOf\":{\"@id\":\"https:\/\/muhiku.com\/blog\/#website\"},\"primaryImageOfPage\":{\"@id\":\"https:\/\/muhiku.com\/blog\/gelin-taci-cicegi-bakimi\/#primaryimage\"},\"image\":{\"@id\":\"https:\/\/muhiku.com\/blog\/gelin-taci-cicegi-bakimi\/#primaryimage\"},\"thumbnailUrl\":\"https:\/\/muhiku.com\/blog\/wp-content\/uploads\/2024\/10\/gelin-taci-cicegi-bakimi.webp\",\"datePublished\":\"2024-10-07T13:31:31+00:00\",\"dateModified\":\"2025-08-12T10:16:37+00:00\",\"description\":\"Han\u0131meligiller ailesine ait olan gelin tac\u0131 \u00e7i\u00e7e\u011fi; \u00f6zellikle \u00c7in, Kore ve Japonya gibi \u00fclkelerde yayg\u0131n olarak yeti\u015ftirilir.\",\"breadcrumb\":{\"@id\":\"https:\/\/muhiku.com\/blog\/gelin-taci-cicegi-bakimi\/#breadcrumb\"},\"inLanguage\":\"tr\",\"potentialAction\":[{\"@type\":\"ReadAction\",\"target\":[\"https:\/\/muhiku.com\/blog\/gelin-taci-cicegi-bakimi\/\"]}]},{\"@type\":\"ImageObject\",\"inLanguage\":\"tr\",\"@id\":\"https:\/\/muhiku.com\/blog\/gelin-taci-cicegi-bakimi\/#primaryimage\",\"url\":\"https:\/\/muhiku.com\/blog\/wp-content\/uploads\/2024\/10\/gelin-taci-cicegi-bakimi.webp\",\"contentUrl\":\"https:\/\/muhiku.com\/blog\/wp-content\/uploads\/2024\/10\/gelin-taci-cicegi-bakimi.webp\",\"width\":1024,\"height\":600,\"caption\":\"gelin tac\u0131 \u00e7i\u00e7e\u011fi bak\u0131m\u0131\"},{\"@type\":\"BreadcrumbList\",\"@id\":\"https:\/\/muhiku.com\/blog\/gelin-taci-cicegi-bakimi\/#breadcrumb\",\"itemListElement\":[{\"@type\":\"ListItem\",\"position\":1,\"name\":\"Blog\",\"item\":\"https:\/\/muhiku.com\/blog\/\"},{\"@type\":\"ListItem\",\"position\":2,\"name\":\"Gelin Tac\u0131 C\u0327ic\u0327eg\u0306i Bak\u0131m\u0131\"}]},{\"@type\":\"WebSite\",\"@id\":\"https:\/\/muhiku.com\/blog\/#website\",\"url\":\"https:\/\/muhiku.com\/blog\/\",\"name\":\"Muhiku\",\"description\":\"Yenilik\u00e7i Hediye Rehberi\",\"publisher\":{\"@id\":\"https:\/\/muhiku.com\/blog\/#organization\"},\"inLanguage\":\"tr\"},{\"@type\":\"Organization\",\"@id\":\"https:\/\/muhiku.com\/blog\/#organization\",\"name\":\"Muhiku\",\"url\":\"https:\/\/muhiku.com\/blog\/\",\"logo\":{\"@type\":\"ImageObject\",\"inLanguage\":\"tr\",\"@id\":\"https:\/\/muhiku.com\/blog\/#\/schema\/logo\/image\/\",\"url\":\"https:\/\/muhiku.com\/blog\/wp-content\/uploads\/2019\/04\/logo-kare-1.png\",\"contentUrl\":\"https:\/\/muhiku.com\/blog\/wp-content\/uploads\/2019\/04\/logo-kare-1.png\",\"width\":1080,\"height\":1080,\"caption\":\"Muhiku\"},\"image\":{\"@id\":\"https:\/\/muhiku.com\/blog\/#\/schema\/logo\/image\/\"}},{\"@type\":\"Person\",\"@id\":\"https:\/\/muhiku.com\/blog\/#\/schema\/person\/0b50be1d52ee74306e1405ad86aac5d5\",\"name\":\"Dilara Yal\u00e7\u0131n\",\"image\":{\"@type\":\"ImageObject\",\"inLanguage\":\"tr\",\"@id\":\"https:\/\/muhiku.com\/blog\/#\/schema\/person\/image\/\",\"url\":\"https:\/\/secure.gravatar.com\/avatar\/f6e97d59731e06ac22101ebcef389e69?s=96&d=mm&r=g\",\"contentUrl\":\"https:\/\/secure.gravatar.com\/avatar\/f6e97d59731e06ac22101ebcef389e69?s=96&d=mm&r=g\",\"caption\":\"Dilara Yal\u00e7\u0131n\"}}]}<\/script>\n<!-- \/ Yoast SEO plugin. -->","yoast_head_json":{"title":"Gelin Tac\u0131 \u00c7i\u00e7e\u011fi Bak\u0131m\u0131 Nas\u0131l Yap\u0131l\u0131r? \u00c7e\u015fitleri ve \u00d6zellikleri Nelerdir? | Muhiku","description":"Han\u0131meligiller ailesine ait olan gelin tac\u0131 \u00e7i\u00e7e\u011fi; \u00f6zellikle \u00c7in, Kore ve Japonya gibi \u00fclkelerde yayg\u0131n olarak yeti\u015ftirilir.","robots":{"index":"index","follow":"follow","max-snippet":"max-snippet:-1","max-image-preview":"max-image-preview:large","max-video-preview":"max-video-preview:-1"},"canonical":"https:\/\/muhiku.com\/blog\/gelin-taci-cicegi-bakimi\/","og_locale":"tr_TR","og_type":"article","og_title":"Gelin Tac\u0131 \u00c7i\u00e7e\u011fi Bak\u0131m\u0131 Nas\u0131l Yap\u0131l\u0131r? \u00c7e\u015fitleri ve \u00d6zellikleri Nelerdir? | Muhiku","og_description":"Han\u0131meligiller ailesine ait olan gelin tac\u0131 \u00e7i\u00e7e\u011fi; \u00f6zellikle \u00c7in, Kore ve Japonya gibi \u00fclkelerde yayg\u0131n olarak yeti\u015ftirilir.","og_url":"https:\/\/muhiku.com\/blog\/gelin-taci-cicegi-bakimi\/","og_site_name":"Muhiku","article_published_time":"2024-10-07T13:31:31+00:00","article_modified_time":"2025-08-12T10:16:37+00:00","og_image":[{"width":1024,"height":600,"url":"https:\/\/cdn.muhiku.com\/blog\/wp-content\/uploads\/2024\/10\/gelin-taci-cicegi-bakimi.webp?x28031","type":"image\/webp"}],"author":"Dilara Yal\u00e7\u0131n","twitter_card":"summary_large_image","twitter_misc":{"Written by":"Dilara Yal\u00e7\u0131n","Est. reading time":"6 dakika"},"schema":{"@context":"https:\/\/schema.org","@graph":[{"@type":"Article","@id":"https:\/\/muhiku.com\/blog\/gelin-taci-cicegi-bakimi\/#article","isPartOf":{"@id":"https:\/\/muhiku.com\/blog\/gelin-taci-cicegi-bakimi\/"},"author":{"name":"Dilara Yal\u00e7\u0131n","@id":"https:\/\/muhiku.com\/blog\/#\/schema\/person\/0b50be1d52ee74306e1405ad86aac5d5","url":"https:\/\/muhiku.com\/blog\/"},"headline":"Gelin Tac\u0131 C\u0327ic\u0327eg\u0306i Bak\u0131m\u0131","datePublished":"2024-10-07T13:31:31+00:00","dateModified":"2025-08-12T10:16:37+00:00","mainEntityOfPage":{"@id":"https:\/\/muhiku.com\/blog\/gelin-taci-cicegi-bakimi\/"},"wordCount":1018,"commentCount":0,"publisher":{"@id":"https:\/\/muhiku.com\/blog\/#organization"},"image":{"@id":"https:\/\/muhiku.com\/blog\/gelin-taci-cicegi-bakimi\/#primaryimage"},"thumbnailUrl":"https:\/\/muhiku.com\/blog\/wp-content\/uploads\/2024\/10\/gelin-taci-cicegi-bakimi.webp","articleSection":["\u00c7i\u00e7ek"],"inLanguage":"tr","potentialAction":[{"@type":"CommentAction","name":"Comment","target":["https:\/\/muhiku.com\/blog\/gelin-taci-cicegi-bakimi\/#respond"]}]},{"@type":"WebPage","@id":"https:\/\/muhiku.com\/blog\/gelin-taci-cicegi-bakimi\/","url":"https:\/\/muhiku.com\/blog\/gelin-taci-cicegi-bakimi\/","name":"Gelin Tac\u0131 \u00c7i\u00e7e\u011fi Bak\u0131m\u0131 Nas\u0131l Yap\u0131l\u0131r? \u00c7e\u015fitleri ve \u00d6zellikleri Nelerdir? | Muhiku","isPartOf":{"@id":"https:\/\/muhiku.com\/blog\/#website"},"primaryImageOfPage":{"@id":"https:\/\/muhiku.com\/blog\/gelin-taci-cicegi-bakimi\/#primaryimage"},"image":{"@id":"https:\/\/muhiku.com\/blog\/gelin-taci-cicegi-bakimi\/#primaryimage"},"thumbnailUrl":"https:\/\/muhiku.com\/blog\/wp-content\/uploads\/2024\/10\/gelin-taci-cicegi-bakimi.webp","datePublished":"2024-10-07T13:31:31+00:00","dateModified":"2025-08-12T10:16:37+00:00","description":"Han\u0131meligiller ailesine ait olan gelin tac\u0131 \u00e7i\u00e7e\u011fi; \u00f6zellikle \u00c7in, Kore ve Japonya gibi \u00fclkelerde yayg\u0131n olarak yeti\u015ftirilir.","breadcrumb":{"@id":"https:\/\/muhiku.com\/blog\/gelin-taci-cicegi-bakimi\/#breadcrumb"},"inLanguage":"tr","potentialAction":[{"@type":"ReadAction","target":["https:\/\/muhiku.com\/blog\/gelin-taci-cicegi-bakimi\/"]}]},{"@type":"ImageObject","inLanguage":"tr","@id":"https:\/\/muhiku.com\/blog\/gelin-taci-cicegi-bakimi\/#primaryimage","url":"https:\/\/muhiku.com\/blog\/wp-content\/uploads\/2024\/10\/gelin-taci-cicegi-bakimi.webp","contentUrl":"https:\/\/muhiku.com\/blog\/wp-content\/uploads\/2024\/10\/gelin-taci-cicegi-bakimi.webp","width":1024,"height":600,"caption":"gelin tac\u0131 \u00e7i\u00e7e\u011fi bak\u0131m\u0131"},{"@type":"BreadcrumbList","@id":"https:\/\/muhiku.com\/blog\/gelin-taci-cicegi-bakimi\/#breadcrumb","itemListElement":[{"@type":"ListItem","position":1,"name":"Blog","item":"https:\/\/muhiku.com\/blog\/"},{"@type":"ListItem","position":2,"name":"Gelin Tac\u0131 C\u0327ic\u0327eg\u0306i Bak\u0131m\u0131"}]},{"@type":"WebSite","@id":"https:\/\/muhiku.com\/blog\/#website","url":"https:\/\/muhiku.com\/blog\/","name":"Muhiku","description":"Yenilik\u00e7i Hediye Rehberi","publisher":{"@id":"https:\/\/muhiku.com\/blog\/#organization"},"inLanguage":"tr"},{"@type":"Organization","@id":"https:\/\/muhiku.com\/blog\/#organization","name":"Muhiku","url":"https:\/\/muhiku.com\/blog\/","logo":{"@type":"ImageObject","inLanguage":"tr","@id":"https:\/\/muhiku.com\/blog\/#\/schema\/logo\/image\/","url":"https:\/\/muhiku.com\/blog\/wp-content\/uploads\/2019\/04\/logo-kare-1.png","contentUrl":"https:\/\/muhiku.com\/blog\/wp-content\/uploads\/2019\/04\/logo-kare-1.png","width":1080,"height":1080,"caption":"Muhiku"},"image":{"@id":"https:\/\/muhiku.com\/blog\/#\/schema\/logo\/image\/"}},{"@type":"Person","@id":"https:\/\/muhiku.com\/blog\/#\/schema\/person\/0b50be1d52ee74306e1405ad86aac5d5","name":"Dilara Yal\u00e7\u0131n","image":{"@type":"ImageObject","inLanguage":"tr","@id":"https:\/\/muhiku.com\/blog\/#\/schema\/person\/image\/","url":"https:\/\/secure.gravatar.com\/avatar\/f6e97d59731e06ac22101ebcef389e69?s=96&d=mm&r=g","contentUrl":"https:\/\/secure.gravatar.com\/avatar\/f6e97d59731e06ac22101ebcef389e69?s=96&d=mm&r=g","caption":"Dilara Yal\u00e7\u0131n"}}]}},"_links":{"self":[{"href":"https:\/\/muhiku.com\/blog\/wp-json\/wp\/v2\/posts\/100743"}],"collection":[{"href":"https:\/\/muhiku.com\/blog\/wp-json\/wp\/v2\/posts"}],"about":[{"href":"https:\/\/muhiku.com\/blog\/wp-json\/wp\/v2\/types\/post"}],"author":[{"embeddable":true,"href":"https:\/\/muhiku.com\/blog\/wp-json\/wp\/v2\/users\/25"}],"replies":[{"embeddable":true,"href":"https:\/\/muhiku.com\/blog\/wp-json\/wp\/v2\/comments?post=100743"}],"version-history":[{"count":1,"href":"https:\/\/muhiku.com\/blog\/wp-json\/wp\/v2\/posts\/100743\/revisions"}],"predecessor-version":[{"id":100749,"href":"https:\/\/muhiku.com\/blog\/wp-json\/wp\/v2\/posts\/100743\/revisions\/100749"}],"wp:featuredmedia":[{"embeddable":true,"href":"https:\/\/muhiku.com\/blog\/wp-json\/wp\/v2\/media\/100746"}],"wp:attachment":[{"href":"https:\/\/muhiku.com\/blog\/wp-json\/wp\/v2\/media?parent=100743"}],"wp:term":[{"taxonomy":"category","embeddable":true,"href":"https:\/\/muhiku.com\/blog\/wp-json\/wp\/v2\/categories?post=100743"},{"taxonomy":"post_tag","embeddable":true,"href":"https:\/\/muhiku.com\/blog\/wp-json\/wp\/v2\/tags?post=100743"}],"curies":[{"name":"wp","href":"https:\/\/api.w.org\/{rel}","templated":true}]}}